{"id":618831,"date":"2025-12-23T23:17:14","date_gmt":"2025-12-23T23:17:14","guid":{"rendered":"https:\/\/www.europesays.com\/fr\/618831\/"},"modified":"2025-12-23T23:17:14","modified_gmt":"2025-12-23T23:17:14","slug":"comment-francois-mitterrand-a-sauve-cette-chanteuse-populaire-de-paris","status":"publish","type":"post","link":"https:\/\/www.europesays.com\/fr\/618831\/","title":{"rendered":"comment Fran\u00e7ois Mitterrand a sauv\u00e9 cette chanteuse populaire de Paris"},"content":{"rendered":"<p>                    Par<br \/>\n        <strong><br \/>\n            <a href=\"https:\/\/actu.fr\/auteur\/julie-bossart-actu-fr\" title=\"Consulter tous les articles de Julie Bossart\" target=\"_blank\" rel=\"noopener\">Julie Bossart<\/a><br \/>\n                    <\/strong><\/p>\n<p>        Publi\u00e9 le<\/p>\n<p>            23 d\u00e9c. 2025 \u00e0 15h32        <\/p>\n<p>Paris a perdu l\u2019une de ses grandes figures populaires. <a href=\"https:\/\/actu.fr\/loisirs-culture\/vous-etiez-belle-madame-georgette-lemaire-figure-de-la-chanson-francaise-est-morte_63613572.html\" target=\"_blank\" rel=\"noopener\">Georgette Lemaire est d\u00e9c\u00e9d\u00e9e<\/a> dimanche 21\u00a0d\u00e9cembre 2025 \u00e0 l\u2019\u00e2ge de 82\u00a0ans, \u00e0 la <a href=\"https:\/\/actu.fr\/ile-de-france\/nogent-sur-marne_94052\/a-nogent-sur-marne-les-artistes-ont-leur-ehpad-dedie-on-leur-donne-envie-de-creer-jusqu-au-bout_60824660.html\" target=\"_blank\" rel=\"noopener\">Maison des artistes de Nogent-sur-Marne<\/a> (Val-de-Marne). Chanteuse \u00e0 la \u00ab\u2009voix intense et sinc\u00e8re\u2009\u00bb, comme le c\u00e9l\u00e8bre aujourd\u2019hui la ministre de la Culture,<a href=\"https:\/\/actu.fr\/tag\/rachida-dati\" target=\"_blank\" rel=\"noopener\"> Rachida Dati<\/a>, Georgette Lemaire (de son vrai nom Kibleur) \u00e9tait n\u00e9e le 15\u00a0f\u00e9vrier 1943, dans le quartier <a href=\"https:\/\/actu.fr\/tag\/belleville-paris\" target=\"_blank\" rel=\"noopener\">Belleville<\/a> (Paris, 20e), au sein d\u2019une famille modeste.<\/p>\n<p>Les plus grands de l\u2019\u00e9poque<\/p>\n<p class=\" wall-content\">Tr\u00e8s t\u00f4t passionn\u00e9e de musique et excellant en chant, la jeune fille fait ses premiers pas officiels de chanteuse aux <a href=\"https:\/\/actu.fr\/ile-de-france\/saint-ouen-sur-seine_93070\/pour-se-proteger-des-promoteurs-les-historiques-puces-de-saint-ouen-visent-le-classement-a-l-unesco_62639690.html\" target=\"_blank\" rel=\"noopener\">puces de Saint-Ouen<\/a> (Seine-Saint-Denis), au cabaret Chez Louisette. Elle s\u2019y produit tous les dimanches, en interpr\u00e9tant des chansons au r\u00e9pertoire r\u00e9aliste. Sur l\u2019impulsion de sa m\u00e8re, elle s\u2019inscrit en 1965 au t\u00e9l\u00e9-crochet \u00ab\u2009Le Jeu de la chance\u2009\u00bb \u2013 elle arrive ex \u00e6quo avec Mireille Mathieu.<\/p>\n<p class=\" wall-content\">Rapidement, Georgette Lemaire signe avec la maison Philips et enregistre ses premiers succ\u00e8s, compos\u00e9s par Charles Dumont\u2009: \u00c0 faire l\u2019amour sans amour, Je ne sais pas, puis Et si c\u2019\u00e9tait vrai, qui se vend alors 150\u2009000 exemplaires. Sur les grandes sc\u00e8nes parisiennes de Bobino et de<a href=\"https:\/\/actu.fr\/tag\/olympia\" target=\"_blank\" rel=\"noopener\"> l\u2019Olympia<\/a>, elle c\u00f4toie les plus grands de l\u2019\u00e9poque, en faisant les premi\u00e8res parties de Georges Brassens, en 1967, puis d\u2019Enrico Macias, en 1968. L\u2019ann\u00e9e de la cons\u00e9cration puisqu\u2019elle enregistre Vous \u00e9tiez belle, madame, qui deviendra son titre le plus embl\u00e9matique.<\/p>\n<p class=\" wall-content\">\n<p class=\" wall-content\">En 1972, elle re\u00e7oit le Grand Prix de la chanson populaire fran\u00e7aise, les succ\u00e8s continuent \u00e0 s\u2019encha\u00eener. Au tout d\u00e9but des ann\u00e9es 1980, lorsque Charles Aznavour lui compose un album entier, Pour Aznavour. Il salue alors en elle \u00ab\u2009une voix, un c\u0153ur, une authenticit\u00e9\u2009\u00bb.<\/p>\n<p class=\" wall-content\">L\u2019artiste, qui a \u00e9t\u00e9 faite chevalier des Arts et des Lettres en 1986 par <a href=\"https:\/\/actu.fr\/tag\/jack-lang\" target=\"_blank\" rel=\"noopener\">Jack Lang<\/a>, poursuit sa carri\u00e8re, mais les succ\u00e8s et les galas se font moins nombreux. Ses difficult\u00e9s financi\u00e8res sont telles qu\u2019elle est expuls\u00e9e de son logement parisien et se retrouve dans la rue, avec deux valises et trois sacs. Accul\u00e9e, elle \u00e9crit au pr\u00e9sident de la R\u00e9publique, <a href=\"https:\/\/actu.fr\/societe\/il-y-a-25-ans-le-8-janvier-1996-le-president-francois-mitterrand-s-eteint_38577085.html\" target=\"_blank\" rel=\"noopener\">Fran\u00e7ois Mitterrand<\/a>, qui lui vient en aide. C\u2019est ce qu\u2019elle a confi\u00e9 \u00e0 Jean Cau, journaliste \u00e0 <a href=\"https:\/\/www.parismatch.com\/culture\/musique\/pour-moi-cest-un-dieu-quand-georgette-lemaire-racontait-comment-francois-mitterrand-la-sauvee-de-lexpulsion-261991\" target=\"_blank\" rel=\"noopener\">Paris Match<\/a>, lors d\u2019un entretien republi\u00e9 ce mardi.<\/p>\n<p class=\" wall-content\">On y apprend que Georgette Lemaire est \u00ab\u2009au fond\u2009\u00bb et qu\u2019elle d\u00e9cide de remettre une lettre au Pr\u00e9sident. Sa missive d\u00e9pos\u00e9e un soir \u00e0 un \u00ab\u2009planton\u2009\u00bb de l\u2019\u00c9lys\u00e9e, parce qu\u2019elle n\u2019ose pas d\u00e9ranger Fran\u00e7ois Mitterrand, la chanteuse a la surprise d\u2019\u00eatre convoqu\u00e9e le lendemain au palais pr\u00e9sidentiel. Elle y est re\u00e7ue par le bras droit du chef de l\u2019\u00c9tat, \u00ab\u2009tr\u00e8s tr\u00e8s gentil\u2009\u00bb, et une autre dame, tout aussi pr\u00e9venante, qui viendra \u00e0 son h\u00f4tel \u00ab\u2009pour subvenir quelques semaines\u2009\u00bb.<\/p>\n<p>Votre r\u00e9gion, votre actu !<\/p>\n<p>Recevez chaque jour les infos qui comptent pour vous.<\/p>\n<p>\t<a href=\"https:\/\/actu.fr\/newsletter\" class=\"ac-btn ac-btn--corner ac-btn--medium ac-btn--blue800\" target=\"_blank\" rel=\"noopener\">S&rsquo;incrire<\/a><br \/>\n\u00ab\u2009\u00c7a m\u2019a fait un effet terrible \u00bb<\/p>\n<p class=\" wall-content\">Dans la foul\u00e9e, Georgette Lemaire est nomm\u00e9e au Conseil \u00e9conomique et social, la troisi\u00e8me assembl\u00e9e constitutionnelle fran\u00e7aise dont elle ne conna\u00eet ni l\u2019existence, ni le fonctionnement ni les codes. \u00ab\u2009\u00c7a m\u2019a fait un effet terrible, confie-t-elle \u00e0 Jean Cau. Je crois qu\u2019il y a un sujet toutes les semaines mais la dame m\u2019a dit qu\u2019on ne vous posait pas de questions, qu\u2019on pouvait seulement faire acte de pr\u00e9sence (..) et m\u00eame si je ne suis pas l\u00e0, je peux me faire excuser.\u2009\u00bb L\u2019artiste obtient aussi un logement \u00ab\u2009tr\u00e8s bien, propre et neuf\u2009\u00bb au port de Cr\u00e9teil.<\/p>\n<p class=\" wall-content\">Ce \u00ab\u2009geste extraordinaire\u2009\u00bb du pr\u00e9sident qui \u00ab\u2009bouleverse\u2009\u00bb Georgette Lemaire fait pol\u00e9mique. Elle est en tout cas <a href=\"https:\/\/archives.assemblee-nationale.fr\/9\/cri\/1989-1990-ordinaire1\/046.pdf\" target=\"_blank\" rel=\"noopener\">vivement critiqu\u00e9e<\/a> par le d\u00e9put\u00e9 Ladislas Poniatowski (UDF) \u00e0 l\u2019Assembl\u00e9e nationale. \u00c0 ses yeux, cette nomination est l\u2019illustration \u00ab\u2009d\u2019un genre kitsch\u2009\u00bb, et a \u00ab\u2009malheureusement renforc\u00e9 l\u2019image d\u2019une institution qui joue, au moment des renouvellements, un peu les \u2018soupes populaires\u2019 au profit d\u2019un certain nombre de notables rat\u00e9s, qui sert trop souvent \u00e0 caser des \u00e9lus battus\u2009\u00bb. Dans son hommage rendu aujourd\u2019hui, Rachida Dati balaie le pass\u00e9 et retient que cette nomination a \u00e9t\u00e9 faite \u00ab\u2009en reconnaissance de [sa] contribution \u00e0 la culture populaire fran\u00e7aise\u2009\u00bb.<\/p>\n<p class=\" wall-content\">Durant plus de quarante ans, Georgette Lemaire a contribu\u00e9 avec la cr\u00e8me des artistes compositeurs fran\u00e7ais. Elle laisse le souvenir d\u2019une \u00ab\u2009artiste enti\u00e8re et fid\u00e8le \u00e0 son art, qui a marqu\u00e9 plusieurs g\u00e9n\u00e9rations par la force de son interpr\u00e9tation\u2009\u00bb, souligne la ministre. Son autobiographie, \u00c0 m\u2019en d\u00e9chirer le c\u0153ur (\u00c9ditions du Toucan), est sortie en 2010. En 2014 est paru son dernier album compos\u00e9 de reprises sur la capitale, Paris Jazz (Balablan Music).<\/p>\n<p class=\" wall-content\">Personnalisez votre actualit\u00e9 en ajoutant vos villes et m\u00e9dias en favori avec <a href=\"https:\/\/moncompte.actu.fr\" title=\"D\u00e9couvez Mon Actu\" rel=\"nofollow noopener\" data-trk=\"{&quot;cta&quot;:{&quot;action&quot;:&quot;https:\\\/\\\/moncompte.actu.fr&quot;,&quot;category&quot;:&quot;mon compte&quot;,&quot;from&quot;:&quot;article footer&quot;,&quot;name&quot;:&quot;Mon actu&quot;,&quot;type&quot;:&quot;cta&quot;}}\" target=\"_blank\">Mon Actu<\/a>.<\/p>\n","protected":false},"excerpt":{"rendered":"Par Julie Bossart Publi\u00e9 le 23 d\u00e9c. 2025 \u00e0 15h32 Paris a perdu l\u2019une de ses grandes figures&hellip;\n","protected":false},"author":2,"featured_media":618832,"comment_status":"","ping_status":"","sticky":false,"template":"","format":"standard","meta":{"footnotes":""},"categories":[1888],"tags":[1111,1928,11,1927,1777,674,1011,27,1652,873,1391,12,1926,626,1925,25],"class_list":{"0":"post-618831","1":"post","2":"type-post","3":"status-publish","4":"format-standard","5":"has-post-thumbnail","7":"category-paris","8":"tag-actu","9":"tag-actu-paris","10":"tag-actualites","11":"tag-actualites-paris","12":"tag-eu","13":"tag-europe","14":"tag-fr","15":"tag-france","16":"tag-loisirs-culture","17":"tag-musique","18":"tag-necrologie","19":"tag-news","20":"tag-news-paris","21":"tag-paris","22":"tag-paris-news","23":"tag-republique-francaise"},"share_on_mastodon":{"url":"https:\/\/pubeurope.com\/@fr\/115771437576423656","error":""},"_links":{"self":[{"href":"https:\/\/www.europesays.com\/fr\/wp-json\/wp\/v2\/posts\/618831","targetHints":{"allow":["GET"]}}],"collection":[{"href":"https:\/\/www.europesays.com\/fr\/wp-json\/wp\/v2\/posts"}],"about":[{"href":"https:\/\/www.europesays.com\/fr\/wp-json\/wp\/v2\/types\/post"}],"author":[{"embeddable":true,"href":"https:\/\/www.europesays.com\/fr\/wp-json\/wp\/v2\/users\/2"}],"replies":[{"embeddable":true,"href":"https:\/\/www.europesays.com\/fr\/wp-json\/wp\/v2\/comments?post=618831"}],"version-history":[{"count":0,"href":"https:\/\/www.europesays.com\/fr\/wp-json\/wp\/v2\/posts\/618831\/revisions"}],"wp:featuredmedia":[{"embeddable":true,"href":"https:\/\/www.europesays.com\/fr\/wp-json\/wp\/v2\/media\/618832"}],"wp:attachment":[{"href":"https:\/\/www.europesays.com\/fr\/wp-json\/wp\/v2\/media?parent=618831"}],"wp:term":[{"taxonomy":"category","embeddable":true,"href":"https:\/\/www.europesays.com\/fr\/wp-json\/wp\/v2\/categories?post=618831"},{"taxonomy":"post_tag","embeddable":true,"href":"https:\/\/www.europesays.com\/fr\/wp-json\/wp\/v2\/tags?post=618831"}],"curies":[{"name":"wp","href":"https:\/\/api.w.org\/{rel}","templated":true}]}}