{"id":618836,"date":"2025-12-23T23:20:23","date_gmt":"2025-12-23T23:20:23","guid":{"rendered":"https:\/\/www.europesays.com\/fr\/618836\/"},"modified":"2025-12-23T23:20:23","modified_gmt":"2025-12-23T23:20:23","slug":"paris-eteint-letoile-rouge-parisbasketball","status":"publish","type":"post","link":"https:\/\/www.europesays.com\/fr\/618836\/","title":{"rendered":"Paris \u00e9teint l\u2019\u00c9toile Rouge &#8211; ParisBasketball"},"content":{"rendered":"<p><strong>LE PARIS BASKETBALL ON FIRE \u00c0 L\u2019ACCOR ARENA ! Dans une ambiance incandescente ce mardi soir, nos Parisiens dominent l\u2019\u00c9toile Rouge de Belgrade (102-92).<\/strong><\/p>\n<p>Paris termine l\u2019ann\u00e9e de la plus belle des mani\u00e8res ! \u00c0 l\u2019occasion du 18e round d\u2019EuroLeague, le Paris Basketball concluait sa <a href=\"https:\/\/parisbasketball.com\/2025\/12\/noel-debarque-a-ladidas-arena\/\" target=\"_blank\" rel=\"noopener\">Christmas Week<\/a> par un duel contre l\u2019\u00c9toile Rouge de Belgrade. Le tout, en enregistrant la 2e meilleure influence de l\u2019histoire du club avec plus de 12 400 personnes.<\/p>\n<p>Nos Parisiens enflamment d\u2019embl\u00e9e l\u2019Accor Arena ! Face \u00e0 des Serbes plus grands en taille, Paris use de sa pace pour les faire totalement d\u00e9jouer. Pression tout terrain et transitions \u00e9clairs se sont m\u00e9lang\u00e9es pour nous donner un +10 au terme du 1QT (28-18). Belgrade ne trouve pas la solution (11 pertes de balles en 15 minutes), quand nos joueurs acc\u00e9l\u00e8rent constamment.<\/p>\n<p>Heureusement pour l\u2019\u00c9toile Rouge, un Chima Moneke des grands soirs sauve les meubles juste avant la pause (51-46). Pas de quoi d\u00e9courager ce Paris Basketball compos\u00e9 de 5 joueurs \u00e0 plus de 10 points. Aussi dur sur l\u2019homme qu\u2019intenable \u00e0 la r\u00e9cup\u00e9ration, la bande d\u2019un <a href=\"https:\/\/parisbasketball.com\/player\/jared-rhoden-2\/\" target=\"_blank\" rel=\"noopener\"> Jared Rhoden<\/a> en mode OPEN TOMAR am\u00e9liore sa marque au d\u00e9but du 4QT (79-58). Un festival offensif poursuivi jusqu\u2019au coup de sifflet final (102-92).<\/p>\n<p><img loading=\"lazy\" decoding=\"async\" width=\"1080\" height=\"1080\" src=\"https:\/\/www.europesays.com\/fr\/wp-content\/uploads\/2025\/12\/Sans-titre-3-6.png\" alt=\"\" class=\"wp-image-52740 size-full\" style=\"object-position:42% 38%\"  \/><\/p>\n<p>Les tombeurs de Belgrade reviendront \u00e0 la maison d\u00e8s le 13 janvier 2026 \u00e0 l\u2019occasion d\u2019un choc de championnat contre la SIG Strasbourg. Prenez vos places d\u00e8s maintenant en cliquant sur ce <a href=\"https:\/\/www.ticketmaster.fr\/fr\/manifestation\/paris-basketball-vs-sig-strasbourg-billet\/idmanif\/640226\/idtier\/38817285\" data-type=\"link\" data-id=\"https:\/\/www.ticketmaster.fr\/fr\/manifestation\/paris-basketball-vs-sig-strasbourg-billet\/idmanif\/640226\/idtier\/38817285\" target=\"_blank\" rel=\"noopener\">lien<\/a>.<\/p>\n<blockquote class=\"instagram-media\" data-instgrm-captioned=\"\" data-instgrm-permalink=\"https:\/\/www.instagram.com\/p\/DSnyoo6DKNb\/?utm_source=ig_embed&amp;utm_campaign=loading\" data-instgrm-version=\"14\" style=\" background:#FFF; border:0; border-radius:3px; box-shadow:0 0 1px 0 rgba(0,0,0,0.5),0 1px 10px 0 rgba(0,0,0,0.15); margin: 1px; max-width:540px; min-width:326px; padding:0; width:99.375%; width:-webkit-calc(100% - 2px); width:calc(100% - 2px);\"\/>\n<p>\t\t<script async src=\"\/\/www.instagram.com\/embed.js\"><\/script><\/p>\n","protected":false},"excerpt":{"rendered":"LE PARIS BASKETBALL ON FIRE \u00c0 L\u2019ACCOR ARENA ! Dans une ambiance incandescente ce mardi soir, nos Parisiens&hellip;\n","protected":false},"author":2,"featured_media":618837,"comment_status":"","ping_status":"","sticky":false,"template":"","format":"standard","meta":{"footnotes":""},"categories":[1888],"tags":[11,1777,674,1011,27,12,626,25],"class_list":{"0":"post-618836","1":"post","2":"type-post","3":"status-publish","4":"format-standard","5":"has-post-thumbnail","7":"category-paris","8":"tag-actualites","9":"tag-eu","10":"tag-europe","11":"tag-fr","12":"tag-france","13":"tag-news","14":"tag-paris","15":"tag-republique-francaise"},"share_on_mastodon":{"url":"https:\/\/pubeurope.com\/@fr\/115771450351561918","error":""},"_links":{"self":[{"href":"https:\/\/www.europesays.com\/fr\/wp-json\/wp\/v2\/posts\/618836","targetHints":{"allow":["GET"]}}],"collection":[{"href":"https:\/\/www.europesays.com\/fr\/wp-json\/wp\/v2\/posts"}],"about":[{"href":"https:\/\/www.europesays.com\/fr\/wp-json\/wp\/v2\/types\/post"}],"author":[{"embeddable":true,"href":"https:\/\/www.europesays.com\/fr\/wp-json\/wp\/v2\/users\/2"}],"replies":[{"embeddable":true,"href":"https:\/\/www.europesays.com\/fr\/wp-json\/wp\/v2\/comments?post=618836"}],"version-history":[{"count":0,"href":"https:\/\/www.europesays.com\/fr\/wp-json\/wp\/v2\/posts\/618836\/revisions"}],"wp:featuredmedia":[{"embeddable":true,"href":"https:\/\/www.europesays.com\/fr\/wp-json\/wp\/v2\/media\/618837"}],"wp:attachment":[{"href":"https:\/\/www.europesays.com\/fr\/wp-json\/wp\/v2\/media?parent=618836"}],"wp:term":[{"taxonomy":"category","embeddable":true,"href":"https:\/\/www.europesays.com\/fr\/wp-json\/wp\/v2\/categories?post=618836"},{"taxonomy":"post_tag","embeddable":true,"href":"https:\/\/www.europesays.com\/fr\/wp-json\/wp\/v2\/tags?post=618836"}],"curies":[{"name":"wp","href":"https:\/\/api.w.org\/{rel}","templated":true}]}}