{"id":618838,"date":"2025-12-23T23:22:34","date_gmt":"2025-12-23T23:22:34","guid":{"rendered":"https:\/\/www.europesays.com\/fr\/618838\/"},"modified":"2025-12-23T23:22:34","modified_gmt":"2025-12-23T23:22:34","slug":"larmee-ukrainienne-se-retire-de-la-ville-de-siversk-face-a-lavancee-de-la-russie","status":"publish","type":"post","link":"https:\/\/www.europesays.com\/fr\/618838\/","title":{"rendered":"l&rsquo;arm\u00e9e ukrainienne se retire de la ville de Siversk face \u00e0 l&rsquo;avanc\u00e9e de la Russie"},"content":{"rendered":"\n<p class=\"c-chapo \">\n  Moscou avait revendiqu\u00e9 il y a moins de deux semaines la prise de la ville. Elle \u00e9tait l&rsquo;un des derniers verrous emp\u00eachant les forces russes de s&rsquo;approcher des grandes cit\u00e9s r\u00e9gionales de Kramatorsk et de Sloviansk, encore sous contr\u00f4le de l&rsquo;Ukraine.\n<\/p>\n<p>      lire plus tard<\/p>\n<p id=\"dialog__title\" class=\"dialog__title\">Pour sauvegarder cet article, connectez-vous ou cr\u00e9ez un compte franceinfo<\/p>\n<p class=\"dialog__description\">Sans paiement. Sans abonnement.<\/p>\n<p>        Fermer la fen\u00eatre d\u2019activation des notifications France Info<\/p>\n<p>      cr\u00e9er votre compte<\/p>\n<p>      se connecter<\/p>\n<p>      :<\/p>\n<p>        Fermer la fen\u00eatre de pr\u00e9sentation<\/p>\n<p>    <img loading=\"lazy\" decoding=\"async\" class=\"signature__image lazyload\" width=\"100\" height=\"100\" data- alt=\"\" src=\"https:\/\/www.europesays.com\/fr\/wp-content\/uploads\/2025\/05\/64a68815cd1a7_placeholder-36b69ec8.png\"\/><\/p>\n<p>    Publi\u00e9 le 23\/12\/2025 19:06<\/p>\n<p>        Temps de lecture : 2min<\/p>\n<p>    <img decoding=\"async\"  alt=\"La ville de Siversk, dans l'est de l'Ukraine, le 20 f\u00e9vrier 2025. (VINCENZO CIRCOSTA \/ ANADOLU \/ AFP)\" width=\"432\" height=\"243\" src=\"https:\/\/www.europesays.com\/fr\/wp-content\/uploads\/2025\/12\/068-aa-20022025-2091162-1-694ad14954492741607852.jpg\" fetchpriority=\"high\"\/><\/p>\n<p>      La ville de Siversk, dans l&rsquo;est de l&rsquo;Ukraine, le 20 f\u00e9vrier 2025. (VINCENZO CIRCOSTA \/ ANADOLU \/ AFP)<\/p>\n<p>L&rsquo;arm\u00e9e ukrainienne a annonc\u00e9, mardi 23\u00a0d\u00e9cembre, s&rsquo;\u00eatre retir\u00e9e de la ville de Siversk, dans l&rsquo;est de l&rsquo;Ukraine, face aux assauts des troupes russes, qui avaient revendiqu\u00e9 la capture de cette localit\u00e9 le 11\u00a0d\u00e9cembre. \u00ab\u00a0Afin de pr\u00e9server la vie de nos soldats et la capacit\u00e9 de combat de nos unit\u00e9s, les d\u00e9fenseurs ukrainiens se sont retir\u00e9s de la localit\u00e9\u00a0\u00bb, a fait savoir l&rsquo;\u00e9tat-major de l&rsquo;arm\u00e9e ukrainienne sur Telegram. Selon cette source, les soldats russes \u00ab\u00a0ont r\u00e9ussi \u00e0 avancer gr\u00e2ce \u00e0 leur sup\u00e9riorit\u00e9 num\u00e9rique et \u00e0 la pression constante exerc\u00e9e par de petits groupes d&rsquo;assaut dans des conditions m\u00e9t\u00e9orologiques difficiles\u00a0\u00bb.<\/p>\n<p>La Russie avait revendiqu\u00e9 d\u00e8s le 11\u00a0d\u00e9cembre la prise de Siversk, l&rsquo;un des derniers verrous emp\u00eachant les forces russes de s&rsquo;approcher de Kramatorsk et Sloviansk, les grandes cit\u00e9s encore sous contr\u00f4le ukrainien dans la r\u00e9gion de Donetsk. Comptant environ 11\u00a0000\u00a0habitants avant la guerre, Siversk est aujourd&rsquo;hui en grande partie d\u00e9truite. Les forces russes s&rsquo;en \u00e9taient approch\u00e9es par trois c\u00f4t\u00e9s \u00e0 partir de septembre, avant de percer les d\u00e9fenses ukrainiennes locales entre novembre et d\u00e9cembre, selon des analystes militaires.<\/p>\n<p>La Russie, qui occupe environ 19% du territoire ukrainien, a acc\u00e9l\u00e9r\u00e9 ses avanc\u00e9es en Ukraine ces derniers mois, revendiquant notamment la capture du n\u0153ud logistique cl\u00e9 de Pokrovsk. Elle a r\u00e9alis\u00e9 en novembre sa plus grande progression sur le front en Ukraine en un an, selon une analyse par l&rsquo;AFP des donn\u00e9es fournies par l&rsquo;Institut am\u00e9ricain pour l&rsquo;\u00e9tude de la guerre (ISW), qui travaille avec le Critical Threats Project (CTP, une \u00e9manation de l&rsquo;American Enterprise Institute), deux centres de r\u00e9flexion am\u00e9ricains sp\u00e9cialis\u00e9s dans l&rsquo;\u00e9tude des conflits. Parall\u00e8lement, l&rsquo;Ukraine et la Russie n\u00e9gocient s\u00e9par\u00e9ment avec les Etats-Unis sur<a href=\"https:\/\/www.franceinfo.fr\/monde\/europe\/manifestations-en-ukraine\/direct-plan-americain-sur-l-ukraine-kiev-va-entamer-des-consultations-en-suisse-avec-les-etats-unis-sur-un-futur-accord-de-paix-avec-moscou_7633067.html\" target=\"_blank\" rel=\"noopener\" data-tooltip-url=\"https:\/\/www.franceinfo.fr\/monde\/europe\/manifestations-en-ukraine\/direct-plan-americain-sur-l-ukraine-kiev-va-entamer-des-consultations-en-suisse-avec-les-etats-unis-sur-un-futur-accord-de-paix-avec-moscou_7633067.html\"> le plan am\u00e9ricain visant \u00e0 mettre fin \u00e0 la guerre.<\/a><\/p>\n","protected":false},"excerpt":{"rendered":"Moscou avait revendiqu\u00e9 il y a moins de deux semaines la prise de la ville. Elle \u00e9tait l&rsquo;un&hellip;\n","protected":false},"author":2,"featured_media":618839,"comment_status":"","ping_status":"","sticky":false,"template":"","format":"standard","meta":{"footnotes":""},"categories":[1591],"tags":[11,1887,12,1885,1886,132],"class_list":{"0":"post-618838","1":"post","2":"type-post","3":"status-publish","4":"format-standard","5":"has-post-thumbnail","7":"category-russie","8":"tag-actualites","9":"tag-federation-de-russie","10":"tag-news","11":"tag-russia","12":"tag-russian-federation","13":"tag-russie"},"share_on_mastodon":{"url":"https:\/\/pubeurope.com\/@fr\/115771458471083843","error":""},"_links":{"self":[{"href":"https:\/\/www.europesays.com\/fr\/wp-json\/wp\/v2\/posts\/618838","targetHints":{"allow":["GET"]}}],"collection":[{"href":"https:\/\/www.europesays.com\/fr\/wp-json\/wp\/v2\/posts"}],"about":[{"href":"https:\/\/www.europesays.com\/fr\/wp-json\/wp\/v2\/types\/post"}],"author":[{"embeddable":true,"href":"https:\/\/www.europesays.com\/fr\/wp-json\/wp\/v2\/users\/2"}],"replies":[{"embeddable":true,"href":"https:\/\/www.europesays.com\/fr\/wp-json\/wp\/v2\/comments?post=618838"}],"version-history":[{"count":0,"href":"https:\/\/www.europesays.com\/fr\/wp-json\/wp\/v2\/posts\/618838\/revisions"}],"wp:featuredmedia":[{"embeddable":true,"href":"https:\/\/www.europesays.com\/fr\/wp-json\/wp\/v2\/media\/618839"}],"wp:attachment":[{"href":"https:\/\/www.europesays.com\/fr\/wp-json\/wp\/v2\/media?parent=618838"}],"wp:term":[{"taxonomy":"category","embeddable":true,"href":"https:\/\/www.europesays.com\/fr\/wp-json\/wp\/v2\/categories?post=618838"},{"taxonomy":"post_tag","embeddable":true,"href":"https:\/\/www.europesays.com\/fr\/wp-json\/wp\/v2\/tags?post=618838"}],"curies":[{"name":"wp","href":"https:\/\/api.w.org\/{rel}","templated":true}]}}