{"id":618844,"date":"2025-12-23T23:25:15","date_gmt":"2025-12-23T23:25:15","guid":{"rendered":"https:\/\/www.europesays.com\/fr\/618844\/"},"modified":"2025-12-23T23:25:15","modified_gmt":"2025-12-23T23:25:15","slug":"le-comedien-russell-brand-a-nouveau-accuse-de-viol-et-dagression-sexuelle","status":"publish","type":"post","link":"https:\/\/www.europesays.com\/fr\/618844\/","title":{"rendered":"Le com\u00e9dien Russell Brand \u00e0 nouveau accus\u00e9 de viol et d\u2019agression sexuelle"},"content":{"rendered":"<p>Le com\u00e9dien britannique <a href=\"https:\/\/www.20minutes.fr\/dossier\/russell_brand\" target=\"_blank\" class=\"c-link c-link--is-underlined\" rel=\"noopener\">Russell Brand<\/a> a \u00e9t\u00e9 inculp\u00e9 mardi pour un <a href=\"https:\/\/www.20minutes.fr\/dossier\/viol\" target=\"_blank\" class=\"c-link c-link--is-underlined\" rel=\"noopener\">viol<\/a> et une <a href=\"https:\/\/www.20minutes.fr\/dossier\/agression_sexuelle\" target=\"_blank\" class=\"c-link c-link--is-underlined\" rel=\"noopener\">agression sexuelle<\/a> suppl\u00e9mentaires, a annonc\u00e9 la Metropolitan Police. D\u00e9j\u00e0 poursuivi au <a href=\"https:\/\/www.20minutes.fr\/monde\/royaume-uni\/\" target=\"_blank\" class=\"c-link c-link--is-underlined\" rel=\"noopener\">Royaume-Uni<\/a> pour des faits qu\u2019il nie, ces nouvelles accusations \u00ab\u00a0concernent deux nouvelles femmes et s\u2019ajoutent aux charges d\u00e9j\u00e0 retenues contre (Russell) Brand en avril\u00a02025 et qui concernaient quatre femmes\u00a0\u00bb, selon la police londonienne. Les faits pr\u00e9sum\u00e9s s\u2019inscrivent dans une enqu\u00eate judiciaire portant sur des agressions sexuelles anciennes.<\/p>\n<p>Ag\u00e9 de 50 ans, l\u2019ex-mari de <a href=\"https:\/\/www.20minutes.fr\/arts-stars\/people\/katy_perry\/\" target=\"_blank\" class=\"c-link c-link--is-underlined\" rel=\"noopener\">Katy Perry<\/a> devra compara\u00eetre le 20\u00a0janvier devant un tribunal <a href=\"https:\/\/www.20minutes.fr\/dossier\/londres\" target=\"_blank\" class=\"c-link c-link--is-underlined\" rel=\"noopener\">londonien<\/a> pour r\u00e9pondre de ces nouvelles inculpations. Son proc\u00e8s concernant les premi\u00e8res accusations doit s\u2019ouvrir le 16\u00a0juin devant la cour criminelle de Southwark, dans le sud de Londres. Russell Brand a plaid\u00e9 non coupable lors d\u2019une audience en mai et sera jug\u00e9 pour deux viols et plusieurs agressions sexuelles qu\u2019il est accus\u00e9 d\u2019avoir commis \u00e0 Londres et dans la r\u00e9gion de Bournemouth entre\u00a01999 et\u00a02005.<\/p>\n<\/p>\n<p>\u00ab\u00a0Je n\u2019ai jamais \u00e9t\u00e9 un violeur\u00a0\u00bb, plaide-t-il<\/p>\n<p>Tr\u00e8s pr\u00e9sent sur les <a href=\"https:\/\/www.20minutes.fr\/dossier\/reseaux_sociaux\" target=\"_blank\" class=\"c-link c-link--is-underlined\" rel=\"noopener\">r\u00e9seaux sociaux<\/a>, Russell Brand a r\u00e9agi dans une vid\u00e9o publi\u00e9e sur X, sans \u00e9voquer directement ces nouvelles charges. \u00ab\u00a02026 va \u00eatre une ann\u00e9e importante\u00a0\u00bb, avec de \u00ab\u00a0grandes [\u2026] \u00e9preuves\u00a0\u00bb, a-t-il d\u00e9clar\u00e9, se disant toutefois \u00ab\u00a0reconnaissant d\u2019avoir l\u2019opportunit\u00e9 de (se) racheter de (ses) nombreuses fautes commises au fil des ann\u00e9es\u00a0\u00bb. Il a ajout\u00e9\u00a0: \u00ab\u00a0Je prie pour la gu\u00e9rison de tous ceux que j\u2019ai bless\u00e9s ou offens\u00e9s durant mes ann\u00e9es d\u2019\u00e9garement dans le p\u00e9ch\u00e9\u00a0\u00bb, en r\u00e9f\u00e9rence \u00e0 sa foi.<\/p>\n<p><a href=\"https:\/\/www.20minutes.fr\/dossier\/agression_sexuelle\" target=\"_blank\" class=\"c-link c-btn c-btn--primary\" rel=\"noopener\">Notre dossier sur les agressions sexuelles<\/a><\/p>\n<p>L\u2019enqu\u00eate avait \u00e9t\u00e9 ouverte apr\u00e8s la diffusion d\u2019un documentaire sur Channel 4 en septembre\u00a02023. Russell Brand avait alors ni\u00e9 toute relation non consentie, affirmant\u00a0: \u00ab\u00a0J\u2019\u00e9tais un idiot avant de vivre dans la lumi\u00e8re du Seigneur. J\u2019\u00e9tais un <a href=\"https:\/\/www.20minutes.fr\/dossier\/toxicomanie\" target=\"_blank\" class=\"c-link c-link--is-underlined\" rel=\"noopener\">toxicomane<\/a>, un accro au <a href=\"https:\/\/www.20minutes.fr\/dossier\/sexe\" target=\"_blank\" class=\"c-link c-link--is-underlined\" rel=\"noopener\">sexe<\/a>, et un imb\u00e9cile, mais je n\u2019ai jamais \u00e9t\u00e9 un violeur\u00a0\u00bb. N\u00e9 en\u00a01975 dans l\u2019Essex, l\u2019humoriste et acteur est aujourd\u2019hui suivi par des millions de personnes en ligne, tandis que la police britannique indique que l\u2019enqu\u00eate se poursuit et appelle d\u2019\u00e9ventuels t\u00e9moins \u00e0 se manifester.<\/p>\n","protected":false},"excerpt":{"rendered":"Le com\u00e9dien britannique Russell Brand a \u00e9t\u00e9 inculp\u00e9 mardi pour un viol et une agression sexuelle suppl\u00e9mentaires, a&hellip;\n","protected":false},"author":2,"featured_media":618845,"comment_status":"","ping_status":"","sticky":false,"template":"","format":"standard","meta":{"footnotes":""},"categories":[1588],"tags":[47,11,1267,1777,674,303,8553,4534,74,12,473,1853,72887,1851,1850,1852,1265],"class_list":{"0":"post-618844","1":"post","2":"type-post","3":"status-publish","4":"format-standard","5":"has-post-thumbnail","7":"category-royaume-uni","8":"tag-actualite","9":"tag-actualites","10":"tag-agression-sexuelle","11":"tag-eu","12":"tag-europe","13":"tag-justice","14":"tag-katy-perry","15":"tag-londres","16":"tag-monde","17":"tag-news","18":"tag-royaume-uni","19":"tag-royaume-uni-de-grande-bretagne-et-dirlande-du-nord","20":"tag-russell-brand","21":"tag-uk","22":"tag-united-kingdom","23":"tag-united-kingdom-of-great-britain-and-northern-ireland","24":"tag-viol"},"share_on_mastodon":{"url":"https:\/\/pubeurope.com\/@fr\/115771468991756399","error":""},"_links":{"self":[{"href":"https:\/\/www.europesays.com\/fr\/wp-json\/wp\/v2\/posts\/618844","targetHints":{"allow":["GET"]}}],"collection":[{"href":"https:\/\/www.europesays.com\/fr\/wp-json\/wp\/v2\/posts"}],"about":[{"href":"https:\/\/www.europesays.com\/fr\/wp-json\/wp\/v2\/types\/post"}],"author":[{"embeddable":true,"href":"https:\/\/www.europesays.com\/fr\/wp-json\/wp\/v2\/users\/2"}],"replies":[{"embeddable":true,"href":"https:\/\/www.europesays.com\/fr\/wp-json\/wp\/v2\/comments?post=618844"}],"version-history":[{"count":0,"href":"https:\/\/www.europesays.com\/fr\/wp-json\/wp\/v2\/posts\/618844\/revisions"}],"wp:featuredmedia":[{"embeddable":true,"href":"https:\/\/www.europesays.com\/fr\/wp-json\/wp\/v2\/media\/618845"}],"wp:attachment":[{"href":"https:\/\/www.europesays.com\/fr\/wp-json\/wp\/v2\/media?parent=618844"}],"wp:term":[{"taxonomy":"category","embeddable":true,"href":"https:\/\/www.europesays.com\/fr\/wp-json\/wp\/v2\/categories?post=618844"},{"taxonomy":"post_tag","embeddable":true,"href":"https:\/\/www.europesays.com\/fr\/wp-json\/wp\/v2\/tags?post=618844"}],"curies":[{"name":"wp","href":"https:\/\/api.w.org\/{rel}","templated":true}]}}