{"id":618846,"date":"2025-12-23T23:26:15","date_gmt":"2025-12-23T23:26:15","guid":{"rendered":"https:\/\/www.europesays.com\/fr\/618846\/"},"modified":"2025-12-23T23:26:15","modified_gmt":"2025-12-23T23:26:15","slug":"lallemagne-expulse-un-ressortissant-syrien-vers-son-pays","status":"publish","type":"post","link":"https:\/\/www.europesays.com\/fr\/618846\/","title":{"rendered":"L&rsquo;Allemagne expulse un ressortissant syrien vers son pays"},"content":{"rendered":"<p class=\"mb-4 text-lg md:leading-8 break-words\">Le criminel condamn\u00e9 a \u00e9t\u00e9 remis aux autorit\u00e9s \u00e0 Damas dans la matin\u00e9e. C&rsquo;est ce qu\u2019a annonc\u00e9 le minist\u00e8re f\u00e9d\u00e9ral de l&rsquo;Int\u00e9rieur \u00e0 Berlin en Allemagne. L&rsquo;homme purgeait une peine de prison dans l\u2019Etat-r\u00e9gion de Rh\u00e9nanie-du-Nord-Westphalie pour vol aggrav\u00e9, coups et blessures et extorsion. L&rsquo;information avait \u00e9t\u00e9 r\u00e9v\u00e9l\u00e9e auparavant par le journal Bild.<\/p>\n<p class=\"mb-4 text-lg md:leading-8 break-words\">Dans la matin\u00e9e, un d\u00e9linquant avait d\u00e9j\u00e0 \u00e9t\u00e9 expuls\u00e9 vers l&rsquo;Afghanistan. Selon le minist\u00e8re allemand de l\u2019int\u00e9rieur, il s&rsquo;agissait de la deuxi\u00e8me expulsion d&rsquo;un d\u00e9linquant afghan en une semaine. Selon les informations disponibles, cet homme avait purg\u00e9 une peine de prison dans l\u2019Etat-r\u00e9gion de Bavi\u00e8re pour, entre autres, coups et blessures volontaires.<\/p>\n<p class=\"mb-4 text-lg md:leading-8 break-words\">Le ministre f\u00e9d\u00e9ral de l&rsquo;Int\u00e9rieur Alexander Dobrindt a d\u00e9clar\u00e9 que \u00ab\u00a0les expulsions vers la Syrie et l&rsquo;Afghanistan doivent \u00eatre possibles. Notre soci\u00e9t\u00e9 a un int\u00e9r\u00eat l\u00e9gitime \u00e0 ce que les criminels quittent notre pays. Nous sommes pour le contr\u00f4le, la coh\u00e9rence et une ligne claire\u00a0\u00bb.<\/p>\n<p class=\"mb-4 text-lg md:leading-8 break-words\">Dans leur accord de coalition, les conservateurs (CDU\/CSU) et les sociaux-d\u00e9mocrates du SPD se sont mis d&rsquo;accord sur les expulsions, y compris vers la Syrie. Il y est stipul\u00e9 : \u00ab\u00a0Nous proc\u00e9derons \u00e0 des expulsions vers l&rsquo;Afghanistan et la Syrie, en commen\u00e7ant par les criminels et les personnes dangereuses.\u00a0\u00bb<\/p>\n<p><img alt=\"L'Allemagne a \u00e9galement repris les expulsions vers l'Afghanistan, malgr\u00e9 le retour des talibans au pouvoir en 2021 et la r\u00e9pression dans ce pays&lt;span class=&quot;copyright&quot;&gt;Sebastian Rau\/photothek.de\/picture alliance&lt;\/span&gt;\" loading=\"lazy\" width=\"960\" height=\"540\" decoding=\"async\" data-nimg=\"1\" class=\"rounded-lg\" style=\"color:transparent\" src=\"https:\/\/www.europesays.com\/fr\/wp-content\/uploads\/2025\/12\/9a5b482f0d346175365a99bc1cff2fdf.jpeg\"\/><\/p>\n<p>L&rsquo;Allemagne a \u00e9galement repris les expulsions vers l&rsquo;Afghanistan, malgr\u00e9 le retour des talibans au pouvoir en 2021 et la r\u00e9pression dans ce paysSebastian Rau\/photothek.de\/picture alliance<\/p>\n<p>Le chancelier en faveur d&rsquo;une reprise rapide des expulsions<\/p>\n<p class=\"mb-4 text-lg md:leading-8 break-words\">Au cours des derniers mois, le minist\u00e8re de l&rsquo;Int\u00e9rieur aurait men\u00e9 des discussions avec le gouvernement syrien et avec des repr\u00e9sentants des autorit\u00e9s afghanes. Des accords auraient d\u00e9sormais \u00e9t\u00e9 conclus afin que les expulsions de criminels et de personnes dangereuses puissent d\u00e9sormais avoir lieu de mani\u00e8re r\u00e9guli\u00e8re. <\/p>\n<p class=\"mb-4 text-lg md:leading-8 break-words\">Le chancelier f\u00e9d\u00e9ral Friedrich Merz a r\u00e9cemment indiqu\u00e9 qu&rsquo;il souhaitait s&rsquo;engager personnellement aupr\u00e8s du pr\u00e9sident syrien par int\u00e9rim Ahmed al-Scharaa en faveur d&rsquo;une reprise rapide des expulsions vers la Syrie. \u00ab\u00a0<a href=\"https:\/\/fr.news.yahoo.com\/syriens-quittent-lallemagne-224400640.html\" data-ylk=\"slk:La guerre civile en Syrie est termin\u00e9e;elm:context_link;itc:0;sec:content-canvas;outcm:mb_qualified_link;_E:mb_qualified_link;ct:story;\" class=\"link  yahoo-link\" target=\"_blank\" rel=\"noopener\">La guerre civile en Syrie est termin\u00e9e<\/a>. Il n&rsquo;y a d\u00e9sormais plus aucune raison de demander l&rsquo;asile en Allemagne et nous pouvons donc commencer les rapatriements\u00a0\u00bb, a d\u00e9clar\u00e9 le chef de la CDU d\u00e9but novembre dans l&rsquo;Etat-r\u00e9gion du Schleswig-Holstein.<\/p>\n<p class=\"mb-4 text-lg md:leading-8 break-words\">En Syrie, il y a un peu plus d&rsquo;un an, le dirigeant de longue date Bachar al-Assad a \u00e9t\u00e9 renvers\u00e9 par la milice islamiste HTS, dirig\u00e9e par Ahmed al-Sharaa. Ce dernier a \u00e9t\u00e9 nomm\u00e9 pr\u00e9sident par int\u00e9rim et conduit depuis lors le pays vers une ouverture et un rapprochement avec l&rsquo;Occident.<\/p>\n","protected":false},"excerpt":{"rendered":"Le criminel condamn\u00e9 a \u00e9t\u00e9 remis aux autorit\u00e9s \u00e0 Damas dans la matin\u00e9e. C&rsquo;est ce qu\u2019a annonc\u00e9 le&hellip;\n","protected":false},"author":2,"featured_media":618847,"comment_status":"","ping_status":"","sticky":false,"template":"","format":"standard","meta":{"footnotes":""},"categories":[1587],"tags":[11,672,1804,72888,1805,1803,1777,674,1801,25113,51394,70227,12,14369,1802],"class_list":{"0":"post-618846","1":"post","2":"type-post","3":"status-publish","4":"format-standard","5":"has-post-thumbnail","7":"category-allemagne","8":"tag-actualites","9":"tag-allemagne","10":"tag-bundesrepublik-deutschland","11":"tag-coalition-gouvernementale","12":"tag-de","13":"tag-deutschland","14":"tag-eu","15":"tag-europe","16":"tag-germany","17":"tag-gouvernement-syrien","18":"tag-la-matinee","19":"tag-ministere-de-l39interieur","20":"tag-news","21":"tag-peine-de-prison","22":"tag-republique-federale-dallemagne"},"share_on_mastodon":{"url":"https:\/\/pubeurope.com\/@fr\/115771473711772138","error":""},"_links":{"self":[{"href":"https:\/\/www.europesays.com\/fr\/wp-json\/wp\/v2\/posts\/618846","targetHints":{"allow":["GET"]}}],"collection":[{"href":"https:\/\/www.europesays.com\/fr\/wp-json\/wp\/v2\/posts"}],"about":[{"href":"https:\/\/www.europesays.com\/fr\/wp-json\/wp\/v2\/types\/post"}],"author":[{"embeddable":true,"href":"https:\/\/www.europesays.com\/fr\/wp-json\/wp\/v2\/users\/2"}],"replies":[{"embeddable":true,"href":"https:\/\/www.europesays.com\/fr\/wp-json\/wp\/v2\/comments?post=618846"}],"version-history":[{"count":0,"href":"https:\/\/www.europesays.com\/fr\/wp-json\/wp\/v2\/posts\/618846\/revisions"}],"wp:featuredmedia":[{"embeddable":true,"href":"https:\/\/www.europesays.com\/fr\/wp-json\/wp\/v2\/media\/618847"}],"wp:attachment":[{"href":"https:\/\/www.europesays.com\/fr\/wp-json\/wp\/v2\/media?parent=618846"}],"wp:term":[{"taxonomy":"category","embeddable":true,"href":"https:\/\/www.europesays.com\/fr\/wp-json\/wp\/v2\/categories?post=618846"},{"taxonomy":"post_tag","embeddable":true,"href":"https:\/\/www.europesays.com\/fr\/wp-json\/wp\/v2\/tags?post=618846"}],"curies":[{"name":"wp","href":"https:\/\/api.w.org\/{rel}","templated":true}]}}