{"id":618848,"date":"2025-12-23T23:27:18","date_gmt":"2025-12-23T23:27:18","guid":{"rendered":"https:\/\/www.europesays.com\/fr\/618848\/"},"modified":"2025-12-23T23:27:18","modified_gmt":"2025-12-23T23:27:18","slug":"mercato-le-psg-cible-une-nouvelle-pepite-en-europe","status":"publish","type":"post","link":"https:\/\/www.europesays.com\/fr\/618848\/","title":{"rendered":"Mercato, le PSG cible une nouvelle p\u00e9pite en Europe"},"content":{"rendered":"<p>Le PSG n\u2019est toutefois pas seul sur ce dossier. La progression rapide de Konstantinos Karetsas n\u2019a pas \u00e9chapp\u00e9 aux grandes puissances du continent. Toujours selon TMW, repris par <a href=\"https:\/\/le10sport.com\/football\/mercato\/surprise-sur-le-mercato-le-psg-a-trouve-son-nouveau-crack-769365\" target=\"_self\" rel=\"noopener\">Le 10 Sport<\/a>, plusieurs clubs majeurs suivent attentivement la situation, dont Liverpool, Arsenal et le Bayern Munich. Chelsea serait m\u00eame d\u00e9j\u00e0 en r\u00e9flexion avanc\u00e9e pour formuler une premi\u00e8re approche concr\u00e8te. Cette concurrence renforce la valeur per\u00e7ue de Konstantinos Karetsas et complique la marge de man\u0153uvre du PSG.<\/p>\n<p>Face \u00e0 ce contexte, le PSG devra arbitrer entre patience et opportunisme. Si Konstantinos Karetsas incarne parfaitement la nouvelle politique sportive parisienne, le club ne souhaite pas s\u2019engager dans une surench\u00e8re d\u00e9raisonnable. Les prochaines semaines permettront de mesurer la capacit\u00e9 du PSG \u00e0 transformer cet int\u00e9r\u00eat en offensive r\u00e9elle, tout en respectant l\u2019\u00e9quilibre \u00e9conomique voulu par la direction.<\/p>\n","protected":false},"excerpt":{"rendered":"Le PSG n\u2019est toutefois pas seul sur ce dossier. La progression rapide de Konstantinos Karetsas n\u2019a pas \u00e9chapp\u00e9&hellip;\n","protected":false},"author":2,"featured_media":618849,"comment_status":"","ping_status":"","sticky":false,"template":"","format":"standard","meta":{"footnotes":""},"categories":[1586],"tags":[11,1777,674,1011,27,72889,66,1434,12,445,91,72890,25,28401],"class_list":{"0":"post-618848","1":"post","2":"type-post","3":"status-publish","4":"format-standard","5":"has-post-thumbnail","7":"category-europe","8":"tag-actualites","9":"tag-eu","10":"tag-europe","11":"tag-fr","12":"tag-france","13":"tag-k-karetsas","14":"tag-ligue-1","15":"tag-mercato","16":"tag-news","17":"tag-paris-fc","18":"tag-paris-saint-germain","19":"tag-paris-saint-germain-vs-paris-fc","20":"tag-republique-francaise","21":"tag-transfers"},"share_on_mastodon":{"url":"https:\/\/pubeurope.com\/@fr\/115771476826038423","error":""},"_links":{"self":[{"href":"https:\/\/www.europesays.com\/fr\/wp-json\/wp\/v2\/posts\/618848","targetHints":{"allow":["GET"]}}],"collection":[{"href":"https:\/\/www.europesays.com\/fr\/wp-json\/wp\/v2\/posts"}],"about":[{"href":"https:\/\/www.europesays.com\/fr\/wp-json\/wp\/v2\/types\/post"}],"author":[{"embeddable":true,"href":"https:\/\/www.europesays.com\/fr\/wp-json\/wp\/v2\/users\/2"}],"replies":[{"embeddable":true,"href":"https:\/\/www.europesays.com\/fr\/wp-json\/wp\/v2\/comments?post=618848"}],"version-history":[{"count":0,"href":"https:\/\/www.europesays.com\/fr\/wp-json\/wp\/v2\/posts\/618848\/revisions"}],"wp:featuredmedia":[{"embeddable":true,"href":"https:\/\/www.europesays.com\/fr\/wp-json\/wp\/v2\/media\/618849"}],"wp:attachment":[{"href":"https:\/\/www.europesays.com\/fr\/wp-json\/wp\/v2\/media?parent=618848"}],"wp:term":[{"taxonomy":"category","embeddable":true,"href":"https:\/\/www.europesays.com\/fr\/wp-json\/wp\/v2\/categories?post=618848"},{"taxonomy":"post_tag","embeddable":true,"href":"https:\/\/www.europesays.com\/fr\/wp-json\/wp\/v2\/tags?post=618848"}],"curies":[{"name":"wp","href":"https:\/\/api.w.org\/{rel}","templated":true}]}}