{"id":618850,"date":"2025-12-23T23:28:13","date_gmt":"2025-12-23T23:28:13","guid":{"rendered":"https:\/\/www.europesays.com\/fr\/618850\/"},"modified":"2025-12-23T23:28:13","modified_gmt":"2025-12-23T23:28:13","slug":"jacques-baud-va-interpeller-lunion-europeenne-suite-aux-sanctions-a-son-egard","status":"publish","type":"post","link":"https:\/\/www.europesays.com\/fr\/618850\/","title":{"rendered":"Jacques Baud va interpeller l&rsquo;Union europ\u00e9enne suite aux sanctions \u00e0 son \u00e9gard"},"content":{"rendered":"<p>Jacques Baud va interpeller l&rsquo;Union europ\u00e9enne pour contester les sanctions prises \u00e0 son encontre dans le cadre de la guerre en Ukraine. L&rsquo;ancien agent du Service de renseignements de la Conf\u00e9d\u00e9ration (SRC) est accus\u00e9 d&rsquo;\u00eatre impliqu\u00e9 dans des campagnes russes de d\u00e9stabilisation.<\/p>\n<p>\u00ab\u00a0C&rsquo;est une sanction qui n&rsquo;est pas juridique, mais politique. Il n&rsquo;y a pas d&rsquo;\u00e9l\u00e9ments qui indiquent que j&rsquo;ai commis une infraction et je n&rsquo;ai pas eu le droit \u00e0 une d\u00e9fense\u00a0\u00bb, a d\u00e9clar\u00e9 mardi Jacques Baud. Par cons\u00e9quent, il a d\u00e9cid\u00e9, de concert avec ses avocats, de s&rsquo;adresser directement au Conseil de l&rsquo;UE.<\/p>\n<p>En parall\u00e8le de cette d\u00e9marche, l&rsquo;ex-agent du SRC a pr\u00e9cis\u00e9 qu&rsquo;il souhaitait aussi d\u00e9poser un recours aupr\u00e8s de la Cour de justice de l&rsquo;Union europ\u00e9enne. Cette instance, bas\u00e9e \u00e0 Luxembourg, a notamment pour mission de contr\u00f4ler la l\u00e9galit\u00e9 des actes des institutions de l&rsquo;Union, comme le Conseil de l&rsquo;UE.<\/p>\n<p>Des contacts avec la Suisse<\/p>\n<p>Domicili\u00e9 \u00e0 Bruxelles, l&rsquo;ex-agent du SRC indique avoir re\u00e7u lundi un appel de l&rsquo;ambassadrice suisse \u00e0 La Haye, cette derni\u00e8re ayant autorit\u00e9 sur les ressortissants helv\u00e9tique au Benelux. \u00ab\u00a0Elle m&rsquo;a juste transmis des liens qui renvoient vers la page de l&rsquo;UE qui traite de ces sanctions et des proc\u00e9dures de recours en g\u00e9n\u00e9ral, que je connaissais d\u00e9j\u00e0, mais ne m&rsquo;a donn\u00e9 aucune information sur ce que la Suisse faisait ou comptait faire\u00a0\u00bb, d\u00e9taille Jacques Baud.<\/p>\n<p>Contact\u00e9 mardi, le D\u00e9partement f\u00e9d\u00e9ral des affaires \u00e9trang\u00e8res a confirm\u00e9 la tenue de cet appel qui visait \u00e0 \u00ab\u00a0s&rsquo;enqu\u00e9rir de la situation personnelle de M. Baud\u00a0\u00bb. En fonction de cette derni\u00e8re, et si Jacques Baud en faisait la demande, le DFAE \u00ab\u00a0examinerait si ce dernier peut b\u00e9n\u00e9ficier d\u2019une aide aux Suisses en situation de d\u00e9tresse \u00e0 l\u2019\u00e9tranger, dans le cadre l\u00e9gal applicable\u00a0\u00bb, explique le porte-parole du D\u00e9partement Nicolas Bideau.<\/p>\n<p> &gt;&gt; Revoir les explications de Forum sur les sanctions europ\u00e9ennes \u00e0 l&rsquo;\u00e9gard de Jacques Baud\u00a0:   <img decoding=\"async\" class=\"embed-responsive-item\" loading=\"lazy\" src=\"https:\/\/www.europesays.com\/fr\/wp-content\/uploads\/2025\/12\/hdnemz-29093039.image\" alt=\"L\u2019ancien colonel suisse Jacques Baud sanctionn\u00e9 par l\u2019UE pour propagande pro-russe (vid\u00e9o)\"\/>    L\u2019ancien colonel suisse Jacques Baud sanctionn\u00e9 par l\u2019UE pour propagande pro-russe (vid\u00e9o) \/ Forum \/ 3 min. \/ le 16 d\u00e9cembre 2025 <\/p>\n<p>Pour Jacques Baud, la Suisse ne l&rsquo;a pas appel\u00e9 par \u00ab\u00a0compassion ou par int\u00e9r\u00eat pour mon cas, mais pour r\u00e9pondre \u00e0 ses d\u00e9clarations faites au journal Weltwoche sur l&rsquo;absence de contact avec lui depuis le 12 d\u00e9cembre\u00a0\u00bb.<\/p>\n<p>Lors d&rsquo;un entretien lundi avec Roger K\u00f6ppel, Jacques Baud a expliqu\u00e9 avoir appel\u00e9 la mission suisse aupr\u00e8s de l&rsquo;UE le 12 d\u00e9cembre, sans avoir pu parler \u00e0 l&rsquo;ambassadrice, \u00ab\u00a0qui n&rsquo;avait pas le temps pour lui.\u00a0\u00bb Une information confirm\u00e9e par l&rsquo;int\u00e9ress\u00e9 \u00e0 Keystone-ATS alors que le DFAE a indiqu\u00e9 qu&rsquo;un appel avait bien eu lieu \u00e0 cette date, confirmant ainsi une information de la NZZ.<\/p>\n<p>Toujours dans le quotidien zurichois, le DFAE indique \u00ab\u00a0se renseigner aupr\u00e8s des autorit\u00e9s comp\u00e9tentes de l&rsquo;UE sur les voies de recours dont dispose Jacques Baud pour contester cette d\u00e9cision\u00a0\u00bb. \u00ab\u00a0Les d\u00e9marches sont en cours. Les informations pertinentes seront transmises \u00e0 Jacques Baud d\u00e8s r\u00e9ception, pr\u00e9cise Nicolas Bideau.<\/p>\n<p>Pas de retour en Suisse<\/p>\n<p>Les sanctions prononc\u00e9es le 15 d\u00e9cembre par l&rsquo;Union europ\u00e9enne \u00e0 l&rsquo;encontre de Jacques Baud et de onze autres personnes pr\u00e9voient le gel de leurs avoirs, l&rsquo;interdiction de faire des affaires et des interdictions d&rsquo;entr\u00e9e dans l&rsquo;UE.<\/p>\n<p>Le DFAE explique avoir \u00e9t\u00e9 inform\u00e9 de ces sanctions par la Mission suisse aupr\u00e8s de l\u2019Union europ\u00e9enne \u00e0 Bruxelles, le 12 d\u00e9cembre. \u00ab\u00a0Dans le cas des \u00e9changes usuels, nous avons \u00e9t\u00e9 inform\u00e9s de mani\u00e8re informelle de la d\u00e9cision de l\u2019UE. Il n\u2019y a pas eu de consultation formelle de la Suisse avant la d\u00e9cision\u00a0\u00bb, souligne Nicolas Bideau.<\/p>\n<p>\u00ab\u00a0Je n&rsquo;ai pas le droit de rentrer en Suisse, ni m\u00eame de me d\u00e9placer dans l&rsquo;UE. Je suis s\u00e9questr\u00e9 en quelque sorte\u00a0\u00bb, d\u00e9clare Jacques Baud. Son cas est remont\u00e9 jusqu&rsquo;au Parlement f\u00e9d\u00e9ral o\u00f9 deux \u00e9lus UDC ont interpell\u00e9 le Conseil f\u00e9d\u00e9ral \u00e0 ce sujet. Selon Le Temps, il s&rsquo;agit du conseiller national valaisan Jean-Luc Addor et de son coll\u00e8gue de parti, le Lucernois Franz Gr\u00fcter.<\/p>\n<p>La Suisse \u00ab\u00a0pas en mesure de s&rsquo;opposer\u00a0\u00bb<\/p>\n<p>Interrog\u00e9 le 15 d\u00e9cembre par Keystone-ATS, le Secr\u00e9tariat d&rsquo;Etat \u00e0 l&rsquo;\u00e9conomie a indiqu\u00e9 que la question de la reprise des personnes et entit\u00e9s ajout\u00e9es sur la liste noire de l&rsquo;Union europ\u00e9enne ne se pose pas pour l&rsquo;instant pour la Suisse.<\/p>\n<p>\u00ab\u00a0La Suisse ne participe pas aux d\u00e9cisions de sanction de l\u2019Union europ\u00e9enne et n\u2019est pas consult\u00e9e, elle n&rsquo;est donc pas en mesure de s\u2019opposer\u00a0\u00bb, d\u00e9taille encore le porte-parole du DFAE.<\/p>\n<p>La Conf\u00e9d\u00e9ration a d\u00e9cid\u00e9 le 28 f\u00e9vrier 2022, quelques jours apr\u00e8s le lancement de l&rsquo;offensive russe, de se rallier aux sanctions de l&rsquo;UE li\u00e9es \u00e0 la guerre lanc\u00e9e par Moscou. Elle n&rsquo;a en revanche pas adh\u00e9r\u00e9 au r\u00e9gime europ\u00e9en de sanctions adopt\u00e9 en octobre 2024 concernant les \u00ab\u00a0menaces hybrides\u00a0\u00bb de la Russie, \u00e0 savoir les activit\u00e9s de d\u00e9stabilisation, a expliqu\u00e9 le Seco.<\/p>\n<p class=\"sources\">ats\/ther<\/p>\n","protected":false},"excerpt":{"rendered":"Jacques Baud va interpeller l&rsquo;Union europ\u00e9enne pour contester les sanctions prises \u00e0 son encontre dans le cadre de&hellip;\n","protected":false},"author":2,"featured_media":618851,"comment_status":"","ping_status":"","sticky":false,"template":"","format":"standard","meta":{"footnotes":""},"categories":[1586],"tags":[11,2951,16948,8616,1777,674,1779,1011,27,72891,12,72892,316,10512,2543,25,10378,31345,3067,1778,364],"class_list":{"0":"post-618850","1":"post","2":"type-post","3":"status-publish","4":"format-standard","5":"has-post-thumbnail","7":"category-europe","8":"tag-actualites","9":"tag-criminalite","10":"tag-dfae","11":"tag-droit-et-justice","12":"tag-eu","13":"tag-europe","14":"tag-european-union","15":"tag-fr","16":"tag-france","17":"tag-jacques-baud","18":"tag-news","19":"tag-nicolas-bideau","20":"tag-politique","21":"tag-propagande","22":"tag-relations-internationales","23":"tag-republique-francaise","24":"tag-sanction","25":"tag-service-de-renseignement-de-la-confederation","26":"tag-suisse","27":"tag-ue","28":"tag-union-europeenne"},"share_on_mastodon":{"url":"https:\/\/pubeurope.com\/@fr\/115771482056359452","error":""},"_links":{"self":[{"href":"https:\/\/www.europesays.com\/fr\/wp-json\/wp\/v2\/posts\/618850","targetHints":{"allow":["GET"]}}],"collection":[{"href":"https:\/\/www.europesays.com\/fr\/wp-json\/wp\/v2\/posts"}],"about":[{"href":"https:\/\/www.europesays.com\/fr\/wp-json\/wp\/v2\/types\/post"}],"author":[{"embeddable":true,"href":"https:\/\/www.europesays.com\/fr\/wp-json\/wp\/v2\/users\/2"}],"replies":[{"embeddable":true,"href":"https:\/\/www.europesays.com\/fr\/wp-json\/wp\/v2\/comments?post=618850"}],"version-history":[{"count":0,"href":"https:\/\/www.europesays.com\/fr\/wp-json\/wp\/v2\/posts\/618850\/revisions"}],"wp:featuredmedia":[{"embeddable":true,"href":"https:\/\/www.europesays.com\/fr\/wp-json\/wp\/v2\/media\/618851"}],"wp:attachment":[{"href":"https:\/\/www.europesays.com\/fr\/wp-json\/wp\/v2\/media?parent=618850"}],"wp:term":[{"taxonomy":"category","embeddable":true,"href":"https:\/\/www.europesays.com\/fr\/wp-json\/wp\/v2\/categories?post=618850"},{"taxonomy":"post_tag","embeddable":true,"href":"https:\/\/www.europesays.com\/fr\/wp-json\/wp\/v2\/tags?post=618850"}],"curies":[{"name":"wp","href":"https:\/\/api.w.org\/{rel}","templated":true}]}}