{"id":618856,"date":"2025-12-23T23:32:12","date_gmt":"2025-12-23T23:32:12","guid":{"rendered":"https:\/\/www.europesays.com\/fr\/618856\/"},"modified":"2025-12-23T23:32:12","modified_gmt":"2025-12-23T23:32:12","slug":"graulhet-france-services-accueille-le-defenseur-des-droits","status":"publish","type":"post","link":"https:\/\/www.europesays.com\/fr\/618856\/","title":{"rendered":"Graulhet. France Services accueille le d\u00e9fenseur des droits"},"content":{"rendered":"<p>France Services s\u2019enrichit d\u2019un nouveau partenaire, le d\u00e9fenseur des droits. Ce service de proximit\u00e9, d\u00e9sormais accessible en ville, permet de s\u2019informer, d\u2019\u00eatre \u00e9cout\u00e9 et accompagn\u00e9 dans ses d\u00e9marches. Cette autorit\u00e9 constitutionnelle ind\u00e9pendante est charg\u00e9e de veiller \u00e0 la protection des droits et libert\u00e9s et de promouvoir l\u2019\u00e9galit\u00e9. Elle intervient pour d\u00e9fendre les usagers des services publics, prot\u00e9ger l\u2019int\u00e9r\u00eat sup\u00e9rieur de l\u2019enfant, lutter contre les discriminations et garantir la d\u00e9ontologie des activit\u00e9s de s\u00e9curit\u00e9. Odile Montaud, d\u00e9l\u00e9gu\u00e9e dans le Tarn, accueille le public lors de permanences, place du Languedoc, sur rendez-vous au 05 63 34 14 95, les premiers et troisi\u00e8mes mardis de chaque mois, de 9 heures \u00e0 12 heures, ainsi que les deuxi\u00e8mes et quatri\u00e8mes mardis de chaque mois, l\u2019apr\u00e8s-midi. Cr\u00e9\u00e9e en 2011, cette institution administrative ind\u00e9pendante est inscrite dans la Constitution fran\u00e7aise (article 71-1). Elle a pour missions de d\u00e9fendre les personnes dont les droits ne sont pas respect\u00e9s et de permettre l\u2019\u00e9galit\u00e9 de tous. Gratuit, confidentiel et ouvert \u00e0 tous, ce service est propos\u00e9 d\u00e8s maintenant \u00e0 France Services.<\/p>\n","protected":false},"excerpt":{"rendered":"France Services s\u2019enrichit d\u2019un nouveau partenaire, le d\u00e9fenseur des droits. Ce service de proximit\u00e9, d\u00e9sormais accessible en ville,&hellip;\n","protected":false},"author":2,"featured_media":618857,"comment_status":"","ping_status":"","sticky":false,"template":"","format":"standard","meta":{"footnotes":""},"categories":[4],"tags":[11,1011,27,329,69113,12,25,8412,69121],"class_list":{"0":"post-618856","1":"post","2":"type-post","3":"status-publish","4":"format-standard","5":"has-post-thumbnail","7":"category-france","8":"tag-actualites","9":"tag-fr","10":"tag-france","11":"tag-france-monde","12":"tag-graulhet","13":"tag-news","14":"tag-republique-francaise","15":"tag-tarn","16":"tag-vie-pratique-conso"},"share_on_mastodon":{"url":"https:\/\/pubeurope.com\/@fr\/115771497023888916","error":""},"_links":{"self":[{"href":"https:\/\/www.europesays.com\/fr\/wp-json\/wp\/v2\/posts\/618856","targetHints":{"allow":["GET"]}}],"collection":[{"href":"https:\/\/www.europesays.com\/fr\/wp-json\/wp\/v2\/posts"}],"about":[{"href":"https:\/\/www.europesays.com\/fr\/wp-json\/wp\/v2\/types\/post"}],"author":[{"embeddable":true,"href":"https:\/\/www.europesays.com\/fr\/wp-json\/wp\/v2\/users\/2"}],"replies":[{"embeddable":true,"href":"https:\/\/www.europesays.com\/fr\/wp-json\/wp\/v2\/comments?post=618856"}],"version-history":[{"count":0,"href":"https:\/\/www.europesays.com\/fr\/wp-json\/wp\/v2\/posts\/618856\/revisions"}],"wp:featuredmedia":[{"embeddable":true,"href":"https:\/\/www.europesays.com\/fr\/wp-json\/wp\/v2\/media\/618857"}],"wp:attachment":[{"href":"https:\/\/www.europesays.com\/fr\/wp-json\/wp\/v2\/media?parent=618856"}],"wp:term":[{"taxonomy":"category","embeddable":true,"href":"https:\/\/www.europesays.com\/fr\/wp-json\/wp\/v2\/categories?post=618856"},{"taxonomy":"post_tag","embeddable":true,"href":"https:\/\/www.europesays.com\/fr\/wp-json\/wp\/v2\/tags?post=618856"}],"curies":[{"name":"wp","href":"https:\/\/api.w.org\/{rel}","templated":true}]}}