{"id":618871,"date":"2025-12-23T23:45:20","date_gmt":"2025-12-23T23:45:20","guid":{"rendered":"https:\/\/www.europesays.com\/fr\/618871\/"},"modified":"2025-12-23T23:45:20","modified_gmt":"2025-12-23T23:45:20","slug":"edition-du-mardi-23-decembre-2025-en-replay-journal-20h00-france-tv","status":"publish","type":"post","link":"https:\/\/www.europesays.com\/fr\/618871\/","title":{"rendered":"\u00c9dition du mardi 23 d\u00e9cembre 2025 en replay &#8211; Journal 20h00 &#8211; France TV"},"content":{"rendered":"<ol>\n<li><a href=\"https:\/\/news.google.com\/rss\/articles\/CBMilgFBVV95cUxQZWlfdzhVTWJqVnBjOWxOZnliN2FYZ0dCT2ZOOHkzVG5XOWV2QlBTeWtBQXRUTEdlaTFrek14N2paNkNrVG9idWUzV1NQZkI0bmNTcGwzY2kyOGwzNjU4MUw0bWxWQVZyYkVRQy1SakRmZ2dWZVBhYXItdzB2NmhfQ3JlLVdxeFdxYTVuMmd2bjFjaWdqREE?oc=5\" target=\"_blank\" rel=\"noopener\">\u00c9dition du mardi 23 d\u00e9cembre 2025 en replay &#8211; Journal 20h00<\/a>&nbsp;&nbsp;France TV<\/li>\n<li><a href=\"https:\/\/news.google.com\/rss\/articles\/CBMilgFBVV95cUxNWFFESjJCb3AwZ1FwbFhUVEJtbm44RU8xQ0l5SGJyRkM4Z1BJYVMtQ1kxYjFyWnNzeHJBT3NJZ0twRk41b08zeUhhR3FPbE1ITGJSMlJhZnp6UlFYRkJMa2JPM0ZVdHpzbHAwN0xORHZtbU9INS1BUFZKUHQwdlc3NDJFUEpwWl80V0JDSVIwSlhFTDMxVEE?oc=5\" target=\"_blank\" rel=\"noopener\">\u00c9dition du mardi 23 d\u00e9cembre 2025 en replay &#8211; Journal 13h00<\/a>&nbsp;&nbsp;France TV<\/li>\n<li><a href=\"https:\/\/news.google.com\/rss\/articles\/CBMiYEFVX3lxTFBsbHVqSUdsaEVBTHlHUUNWdjZJUkR4T005QjVuNy1DVWtRZ1dtN3JCSTlqY1Q2VDNUY3F5NEJyZjZYMlU2UnRSSjZSNkE0WkctUl9ySUtncmRTUlZReDZ3bQ?oc=5\" target=\"_blank\" rel=\"noopener\">Les articles du mardi 23 d\u00e9cembre 2025<\/a>&nbsp;&nbsp;Le Parisien<\/li>\n<li><a href=\"https:\/\/news.google.com\/rss\/articles\/CBMioAFBVV95cUxOMmhjaVFEM0d5aV9PeU1xNGJKZXBTZ0J1ZGVpY0cwdWxNZUE0UHlsS0ZnWXBRb05DWTVhZ2ptRGowSHhmS1VpVG93WWg0VkpYd0ttSnNzMGV3eXBlTllVSm1fWElzZllkUE93c3dSdi1PZFp0dzUxTDlFcnB0TlpSR1Z3WDhzX3hnSEdad0xQeE5XVl8wbnJfalhoNFpQNjl1?oc=5\" target=\"_blank\" rel=\"noopener\">La une des quotidiens nationaux ce mardi 23 d\u00e9cembre 2025.<\/a>&nbsp;&nbsp;LeBlogTVNews<\/li>\n<li><a href=\"https:\/\/news.google.com\/rss\/articles\/CBMieEFVX3lxTE13dnZMV2hQdEIwNFA0MmZZeTFnMngyS3pDTE0wS2pHaWhxY3c2c2xONlE5dkxfa3JsM0pvZjdQTXpzTjZPTGlJSS1pcW9nbC10WjBTaWJtSWpUaFp0TjdIV1FJeXdtNnZjNy1lLXhzR0ZBM2VEODdZMg?oc=5\" target=\"_blank\" rel=\"noopener\">Allier \u2013 L\u2019essentiel de l\u2019actu avec notre R\u00e9veil Info du mardi 23 d\u00e9cembre 2025<\/a>&nbsp;&nbsp;La Semaine de l&rsquo;Allier<\/li>\n<\/ol>\n","protected":false},"excerpt":{"rendered":"\u00c9dition du mardi 23 d\u00e9cembre 2025 en replay &#8211; Journal 20h00&nbsp;&nbsp;France TV \u00c9dition du mardi 23 d\u00e9cembre 2025&hellip;\n","protected":false},"author":2,"featured_media":618872,"comment_status":"","ping_status":"","sticky":false,"template":"","format":"standard","meta":{"footnotes":""},"categories":[1356],"tags":[58,59,1011,27,252,1364],"class_list":{"0":"post-618871","1":"post","2":"type-post","3":"status-publish","4":"format-standard","5":"has-post-thumbnail","7":"category-television","8":"tag-divertissement","9":"tag-entertainment","10":"tag-fr","11":"tag-france","12":"tag-television","13":"tag-tv"},"share_on_mastodon":{"url":"https:\/\/pubeurope.com\/@fr\/115771547604551058","error":""},"_links":{"self":[{"href":"https:\/\/www.europesays.com\/fr\/wp-json\/wp\/v2\/posts\/618871","targetHints":{"allow":["GET"]}}],"collection":[{"href":"https:\/\/www.europesays.com\/fr\/wp-json\/wp\/v2\/posts"}],"about":[{"href":"https:\/\/www.europesays.com\/fr\/wp-json\/wp\/v2\/types\/post"}],"author":[{"embeddable":true,"href":"https:\/\/www.europesays.com\/fr\/wp-json\/wp\/v2\/users\/2"}],"replies":[{"embeddable":true,"href":"https:\/\/www.europesays.com\/fr\/wp-json\/wp\/v2\/comments?post=618871"}],"version-history":[{"count":0,"href":"https:\/\/www.europesays.com\/fr\/wp-json\/wp\/v2\/posts\/618871\/revisions"}],"wp:featuredmedia":[{"embeddable":true,"href":"https:\/\/www.europesays.com\/fr\/wp-json\/wp\/v2\/media\/618872"}],"wp:attachment":[{"href":"https:\/\/www.europesays.com\/fr\/wp-json\/wp\/v2\/media?parent=618871"}],"wp:term":[{"taxonomy":"category","embeddable":true,"href":"https:\/\/www.europesays.com\/fr\/wp-json\/wp\/v2\/categories?post=618871"},{"taxonomy":"post_tag","embeddable":true,"href":"https:\/\/www.europesays.com\/fr\/wp-json\/wp\/v2\/tags?post=618871"}],"curies":[{"name":"wp","href":"https:\/\/api.w.org\/{rel}","templated":true}]}}