{"id":618875,"date":"2025-12-23T23:47:12","date_gmt":"2025-12-23T23:47:12","guid":{"rendered":"https:\/\/www.europesays.com\/fr\/618875\/"},"modified":"2025-12-23T23:47:12","modified_gmt":"2025-12-23T23:47:12","slug":"il-y-a-60-ans-james-bond-devoilait-pour-la-seule-fois-les-neuf-agents-00","status":"publish","type":"post","link":"https:\/\/www.europesays.com\/fr\/618875\/","title":{"rendered":"Il y a 60 ans, James Bond d\u00e9voilait pour la seule fois les neuf agents 00"},"content":{"rendered":"<p class=\"chapo\">Il y a soixante ans, un film marquant de la saga James Bond voyait le jour : il demeure le seul \u00e0 avoir r\u00e9uni \u00e0 l\u2019\u00e9cran l\u2019ensemble des neuf agents du fameux service double z\u00e9ro.<\/p>\n<p>Tl;dr<\/p>\n<ul>\n<li>Tous les Double O apparaissent ensemble seulement dans Op\u00e9ration Tonnerre.<\/li>\n<li>Le \u00ab permis de tuer \u00bb distingue ces agents.<\/li>\n<li>D\u2019autres agents marquants figurent dans la saga Bond.<\/li>\n<\/ul>\n<p>Une r\u00e9union exceptionnelle dans l\u2019univers de James Bond<\/p>\n<p>Il faut remonter \u00e0 1965 pour retrouver une sc\u00e8ne unique, presque mythique, dans l\u2019histoire cin\u00e9matographique de <a href=\"https:\/\/www.begeek.fr\/il-y-a-56-ans-sortait-le-james-bond-le-plus-atypique-considere-en-secret-comme-le-meilleur-425801\" target=\"_blank\" rel=\"noopener\">James Bond<\/a>. Dans le film <strong>Op\u00e9ration Tonnerre<\/strong>, tous les <strong>Double O Agents<\/strong>, ces agents du MI6 dot\u00e9s du fameux \u00ab permis de tuer \u00bb, se retrouvent r\u00e9unis autour d\u2019une m\u00eame table. Un moment qui n\u2019a jamais \u00e9t\u00e9 reproduit depuis, malgr\u00e9 la pr\u00e9sence \u00e9pisodique d\u2019autres membres de cette \u00e9lite dans la saga.<\/p>\n<p>Le myst\u00e8re des Double O : une \u00e9lite \u00e0 part<\/p>\n<p>On conna\u00eet bien le matricule 007, associ\u00e9 pour toujours \u00e0 James Bond. Mais ils sont en r\u00e9alit\u00e9 neuf agents \u00e0 porter un num\u00e9ro commen\u00e7ant par \u00ab double z\u00e9ro \u00bb. Ce code ne d\u00e9signe pas seulement un grade : il conf\u00e8re \u00e0 ses titulaires le droit l\u00e9gal d\u2019\u00e9liminer des cibles lors de leurs missions, sans crainte de poursuites judiciaires tant que l\u2019objectif est atteint. Pourtant, la franchise n\u2019a rassembl\u00e9 tous ces agents que le temps d\u2019une s\u00e9quence dans <strong>Op\u00e9ration Tonnerre<\/strong>, o\u00f9 chaque num\u00e9ro \u2013 du 001 au 009 \u2013 prend place dans une salle aux c\u00f4t\u00e9s du gouvernement britannique, face \u00e0 une menace sans pr\u00e9c\u00e9dent.<\/p>\n<p>Op\u00e9ration Tonnerre et l\u2019opposition avec SPECTRE<\/p>\n<p>Ce quatri\u00e8me volet, adapt\u00e9 du roman de Ian Fleming, d\u00e9bute sur un chantage international orchestr\u00e9 par l\u2019organisation criminelle <strong>SPECTRE<\/strong>, qui vole deux bombes atomiques \u00e0 l\u2019OTAN. Le sc\u00e9nario met alors en sc\u00e8ne un parall\u00e8le visuel marquant : la r\u00e9union des Double O Agents s\u2019oppose frontalement \u00e0 celle des membres de SPECTRE. D\u2019un c\u00f4t\u00e9, le respect et l\u2019anonymat ; de l\u2019autre, la hi\u00e9rarchie froide incarn\u00e9e par un Blofeld invisible.<\/p>\n<p>Des agents secondaires, mais m\u00e9morables dans la saga Bond<\/p>\n<p>M\u00eame si cette r\u00e9union reste unique, plusieurs films ont \u00e9voqu\u00e9 ou montr\u00e9 d\u2019autres membres du programme Double O. Parmi eux :<\/p>\n<ul>\n<li>L\u2019agent 006 (Alec Trevelyan) devient un ennemi redoutable dans <strong>GoldenEye<\/strong>.<\/li>\n<li>L\u2019agent 002 appara\u00eet bri\u00e8vement dans <strong>L\u2019Homme au pistolet d\u2019or<\/strong>\u00a0puis p\u00e9rit lors d\u2019un entra\u00eenement \u00e0 Gibraltar.<\/li>\n<li>L\u2019agent 009 trouve la mort d\u00e9guis\u00e9 en clown dans <strong>Octopussy<\/strong>.<\/li>\n<\/ul>\n<p>Parfois, comme r\u00e9cemment avec Nomi qui endosse le matricule 007 dans <a href=\"https:\/\/www.begeek.fr\/james-bond-no-time-to-die-le-dernier-film-avec-daniel-craig-325905\" target=\"_blank\" rel=\"noopener\"><strong>No Time to Die<\/strong><\/a>, la saga continue d\u2019explorer ce pan myst\u00e9rieux du MI6, entre tradition et renouvellement permanent.<\/p>\n<p>Aussi embl\u00e9matique soit-il, le chiffre \u00ab sept \u00bb ne suffit pas \u00e0 r\u00e9sumer toute la richesse de cet univers feutr\u00e9 o\u00f9 chaque num\u00e9ro rec\u00e8le sa propre histoire\u2026 et parfois sa trag\u00e9die.<\/p>\n","protected":false},"excerpt":{"rendered":"Il y a soixante ans, un film marquant de la saga James Bond voyait le jour : il&hellip;\n","protected":false},"author":2,"featured_media":618876,"comment_status":"","ping_status":"","sticky":false,"template":"","format":"standard","meta":{"footnotes":""},"categories":[1354],"tags":[58,59,1346,1011,27,1360],"class_list":{"0":"post-618875","1":"post","2":"type-post","3":"status-publish","4":"format-standard","5":"has-post-thumbnail","7":"category-films","8":"tag-divertissement","9":"tag-entertainment","10":"tag-films","11":"tag-fr","12":"tag-france","13":"tag-movies"},"share_on_mastodon":{"url":"https:\/\/pubeurope.com\/@fr\/115771555445229042","error":""},"_links":{"self":[{"href":"https:\/\/www.europesays.com\/fr\/wp-json\/wp\/v2\/posts\/618875","targetHints":{"allow":["GET"]}}],"collection":[{"href":"https:\/\/www.europesays.com\/fr\/wp-json\/wp\/v2\/posts"}],"about":[{"href":"https:\/\/www.europesays.com\/fr\/wp-json\/wp\/v2\/types\/post"}],"author":[{"embeddable":true,"href":"https:\/\/www.europesays.com\/fr\/wp-json\/wp\/v2\/users\/2"}],"replies":[{"embeddable":true,"href":"https:\/\/www.europesays.com\/fr\/wp-json\/wp\/v2\/comments?post=618875"}],"version-history":[{"count":0,"href":"https:\/\/www.europesays.com\/fr\/wp-json\/wp\/v2\/posts\/618875\/revisions"}],"wp:featuredmedia":[{"embeddable":true,"href":"https:\/\/www.europesays.com\/fr\/wp-json\/wp\/v2\/media\/618876"}],"wp:attachment":[{"href":"https:\/\/www.europesays.com\/fr\/wp-json\/wp\/v2\/media?parent=618875"}],"wp:term":[{"taxonomy":"category","embeddable":true,"href":"https:\/\/www.europesays.com\/fr\/wp-json\/wp\/v2\/categories?post=618875"},{"taxonomy":"post_tag","embeddable":true,"href":"https:\/\/www.europesays.com\/fr\/wp-json\/wp\/v2\/tags?post=618875"}],"curies":[{"name":"wp","href":"https:\/\/api.w.org\/{rel}","templated":true}]}}