{"id":618877,"date":"2025-12-23T23:48:18","date_gmt":"2025-12-23T23:48:18","guid":{"rendered":"https:\/\/www.europesays.com\/fr\/618877\/"},"modified":"2025-12-23T23:48:18","modified_gmt":"2025-12-23T23:48:18","slug":"circulation-tres-importante-des-virus-le-centre-hospitalier-de-narbonne-rend-obligatoire-le-port-du-masque","status":"publish","type":"post","link":"https:\/\/www.europesays.com\/fr\/618877\/","title":{"rendered":"Circulation tr\u00e8s importante des virus : le centre hospitalier de Narbonne rend obligatoire le port du masque"},"content":{"rendered":"<p>\n                                                                La circulation des virus saisonniers s&rsquo;intensifie, incitant le centre hospitalier de Narbonne \u00e0 renforcer ses mesures. Depuis ce lundi 22 d\u00e9cembre, le port du masque devient obligatoire pour tous.\u00a0\n                            <\/p>\n<p>En cette p\u00e9riode hivernale, la circulation des virus saisonniers, tels que la grippe et la bronchiolite, est en nette augmentation.<\/p>\n<p>Afin de prot\u00e9ger les patients, les professionnels de sant\u00e9 et l\u2019ensemble des usagers, des mesures renforc\u00e9es sont mises en place au sein du centre hospitalier de Narbonne.<\/p>\n<p>Depuis ce lundi 22\u00a0d\u00e9cembre et pour une dur\u00e9e de trois semaines, le port du masque devient obligatoire pour tous \u2014 patients, visiteurs et accompagnants \u2014 sur l\u2019ensemble des sites du centre hospitalier. Cette mesure vise \u00e0 limiter la transmission des virus et \u00e0 garantir la s\u00e9curit\u00e9 de chacun.<\/p>\n<p>La pr\u00e9vention repose sur l\u2019engagement collectif. Chacun est invit\u00e9 \u00e0 respecter scrupuleusement les gestes barri\u00e8res : port du masque, lavage r\u00e9gulier des mains, respect des gestes barri\u00e8res et de la distanciation lorsque cela est possible.<\/p>\n<p>Les services d\u2019urgences adultes et p\u00e9diatriques sont actuellement fortement sollicit\u00e9s. Afin de garantir une prise en charge optimale des situations les plus graves, l&rsquo;h\u00f4pital \u00ab\u00a0remercie\u00a0les usagers de r\u00e9server le recours aux urgences aux situations r\u00e9ellement urgentes\u00a0\u00bb.<\/p>\n","protected":false},"excerpt":{"rendered":"La circulation des virus saisonniers s&rsquo;intensifie, incitant le centre hospitalier de Narbonne \u00e0 renforcer ses mesures. Depuis ce&hellip;\n","protected":false},"author":2,"featured_media":618878,"comment_status":"","ping_status":"","sticky":false,"template":"","format":"standard","meta":{"footnotes":""},"categories":[10],"tags":[4086,1011,27,72,35514,71,8755],"class_list":{"0":"post-618877","1":"post","2":"type-post","3":"status-publish","4":"format-standard","5":"has-post-thumbnail","7":"category-sante","8":"tag-aude","9":"tag-fr","10":"tag-france","11":"tag-health","12":"tag-narbonne","13":"tag-sante","14":"tag-santu00e9"},"share_on_mastodon":{"url":"https:\/\/pubeurope.com\/@fr\/115771559392165813","error":""},"_links":{"self":[{"href":"https:\/\/www.europesays.com\/fr\/wp-json\/wp\/v2\/posts\/618877","targetHints":{"allow":["GET"]}}],"collection":[{"href":"https:\/\/www.europesays.com\/fr\/wp-json\/wp\/v2\/posts"}],"about":[{"href":"https:\/\/www.europesays.com\/fr\/wp-json\/wp\/v2\/types\/post"}],"author":[{"embeddable":true,"href":"https:\/\/www.europesays.com\/fr\/wp-json\/wp\/v2\/users\/2"}],"replies":[{"embeddable":true,"href":"https:\/\/www.europesays.com\/fr\/wp-json\/wp\/v2\/comments?post=618877"}],"version-history":[{"count":0,"href":"https:\/\/www.europesays.com\/fr\/wp-json\/wp\/v2\/posts\/618877\/revisions"}],"wp:featuredmedia":[{"embeddable":true,"href":"https:\/\/www.europesays.com\/fr\/wp-json\/wp\/v2\/media\/618878"}],"wp:attachment":[{"href":"https:\/\/www.europesays.com\/fr\/wp-json\/wp\/v2\/media?parent=618877"}],"wp:term":[{"taxonomy":"category","embeddable":true,"href":"https:\/\/www.europesays.com\/fr\/wp-json\/wp\/v2\/categories?post=618877"},{"taxonomy":"post_tag","embeddable":true,"href":"https:\/\/www.europesays.com\/fr\/wp-json\/wp\/v2\/tags?post=618877"}],"curies":[{"name":"wp","href":"https:\/\/api.w.org\/{rel}","templated":true}]}}