{"id":618881,"date":"2025-12-23T23:50:15","date_gmt":"2025-12-23T23:50:15","guid":{"rendered":"https:\/\/www.europesays.com\/fr\/618881\/"},"modified":"2025-12-23T23:50:15","modified_gmt":"2025-12-23T23:50:15","slug":"pas-de-nommes-mais-un-elimine-comment-va-se","status":"publish","type":"post","link":"https:\/\/www.europesays.com\/fr\/618881\/","title":{"rendered":"pas de nomm\u00e9s mais un \u00e9limin\u00e9, comment va se &#8230;"},"content":{"rendered":"<p>EN BREF<\/p>\n<ul class=\"bloc_resume_post_list\">\n<li>La semaine du 22 d\u00e9cembre, la Star Academy innove avec<br \/>\ndes \u00e9valuations o\u00f9 les \u00e9l\u00e8ves se jugent entre eux, selon Michael<br \/>\nGoldman.<\/li>\n<li>Les acad\u00e9miciens doivent \u00e9lire le meilleur d\u00a0\u00bbentre eux,<br \/>\noffrant une immunit\u00e9, mais les nominations traditionnelles<br \/>\nreviendront le 27 d\u00e9cembre.<\/li>\n<li>Les \u00e9valuations en direct du 27 d\u00e9cembre d\u00e9termineront<br \/>\nles \u00e9l\u00e8ves en danger, promettant une soir\u00e9e pleine de suspense sur<br \/>\nTF1.<\/li>\n<\/ul>\n<p>Une fois n\u2019est pas coutume. Cette semaine du 22 d\u00e9cembre,<br \/>\n<strong>point de nomm\u00e9s<\/strong> \u00e0 la <a href=\"https:\/\/www.telestar.fr\/actu_tv\/star-academy-cest-grille-la-date-de-la-finale-spoilee-par-marine-1748824\" target=\"_blank\" rel=\"noopener\"><br \/>\nStar Academy<\/a>\u2026 enfin, pas dans l\u2019imm\u00e9diat. D\u2019habitude, chaque<br \/>\nmardi, plusieurs \u00e9l\u00e8ves sont d\u00e9sign\u00e9s par les professeurs <a href=\"https:\/\/www.telestar.fr\/tele_realite\/star-academy-ca-navait-pas-de-sens-une-eleve-plante-royalement-ses-evaluations-les-profs-agaces-1748648\" target=\"_blank\" rel=\"noopener\"><br \/>\n\u00e0 l\u2019issue des \u00e9valuations<\/a> et risquent leur place lors du prime<br \/>\n\u00e0 venir.\u00a0<\/p>\n<p>En cette p\u00e9riode de No\u00ebl, la production a d\u00e9cid\u00e9 de changer un<br \/>\npeu les r\u00e8gles. C\u2019est \u00e0 dire que les acad\u00e9miciens vont<br \/>\n<strong>quand m\u00eame passer les \u00e9valuations<\/strong>, &#8211; \u201cparce<br \/>\nqu&rsquo;on garde les rendez-vous qu&rsquo;on aime\u00a0\u00bb -, explique le<br \/>\ndirecteur Michael Goldman, sauf qu\u2019ils ne seront pas jug\u00e9s par les<br \/>\nprofesseurs mais par les autres \u00e9l\u00e8ves.\u00a0<\/p>\n<p>Star Academy 2025 : les \u00e9valuations compl\u00e8tement chamboul\u00e9es<br \/>\npour No\u00ebl<\/p>\n<p>\u201cCeux qui noteront les \u00e9l\u00e8ves pendant l&rsquo;\u00e9valuation de mardi,<br \/>\nce seront les \u00e9l\u00e8ves eux-m\u00eames. On va <strong>inverser les r\u00f4les<br \/>\n!<\/strong>\u00ab\u00a0, poursuit Michael Goldman. Un nouveau concept qui<br \/>\nr\u00e9jouit le producteur. \u201cNous, on sera tranquillement dans le<br \/>\nsalon \u00e0 la place des \u00e9l\u00e8ves et j&rsquo;avoue que \u00e7a fait quatre ans que<br \/>\nj&rsquo;attendais ce moment-l\u00e0\u201d, confie-t-il,<br \/>\nenthousiaste.\u00a0<\/p>\n<p>L\u2019objectif ? \u201cIls devront \u00e9lire le meilleur d&rsquo;entre<br \/>\neux\u201d, pr\u00e9cise Michael Goldman. Ainsi donc, les \u00e9valuations des<br \/>\n\u00e9l\u00e8ves par les \u00e9l\u00e8ves ce mardi permettront d\u2019offrir une immunit\u00e9 \u00e0<br \/>\nl\u2019acad\u00e9micien d\u00e9sign\u00e9 par ses camarades. <strong>Mais pas si vite<br \/>\n!<\/strong> Il y aura bel et bien des \u00e9valuations avec des nomm\u00e9s,<br \/>\nil faudra simplement attendre le prime du 27 d\u00e9cembre.<\/p>\n<p>Star Academy 2025 : des \u00e9valuations en<br \/>\ndirect lors du prochain prime<\/p>\n<p>Cette prochaine soir\u00e9e s\u2019annonce riche en \u00e9motions puisque nos<br \/>\njeunes artistes devront \u201c<strong>faire leurs \u00e9valuations en<br \/>\ndirect<\/strong> sur le plateau devant leurs professeurs\u201d. Ils<br \/>\nseront jug\u00e9s sur l&rsquo;interpr\u00e9tation d&rsquo;une chanson impos\u00e9e, ainsi que<br \/>\nsur un exercice de danse ou de th\u00e9\u00e2tre, et devront, cette fois,<br \/>\nconvaincre le jury habituel.<\/p>\n<p><strong>Les trois \u00e9l\u00e8ves<\/strong> ayant r\u00e9alis\u00e9 les moins bonnes<br \/>\nperformances seront soumis au vote du public et <a href=\"https:\/\/www.telestar.fr\/tele_realite\/exclu-jeanne-eliminee-de-star-academy-je-ne-vais-pas-mexcuser-davoir-montre-mes-emotions-1749231\" target=\"_blank\" rel=\"noopener\"><br \/>\nrisqueront l&rsquo;\u00e9limination<\/a> ! Ambre, Anouk, Bastiaan, L\u00e9a,<br \/>\nM\u00e9lissa, Sarah, <a href=\"https:\/\/www.telestar.fr\/tele_realite\/star-academy-je-nai-plus-lenergie-theo-p-sur-le-point-de-quitter-laventure-1748762\" target=\"_blank\" rel=\"noopener\"><br \/>\nTh\u00e9o<\/a> et Victor\u2026 Qui des huit acad\u00e9miciens encore en comp\u00e9tition<br \/>\nfera <a href=\"https:\/\/www.telestar.fr\/tele_realite\/star_academy\/star-academy-gims-debarque-au-chateau-en-plein-cours-de-theatre-avec-une-drole-de-surprise-1748771\" target=\"_blank\" rel=\"noopener\"><br \/>\nses adieux au ch\u00e2teau<\/a> ce 27 d\u00e9cembre ? Rendez-vous samedi sur<br \/>\nTF1 !\u00a0<\/p>\n","protected":false},"excerpt":{"rendered":"EN BREF La semaine du 22 d\u00e9cembre, la Star Academy innove avec des \u00e9valuations o\u00f9 les \u00e9l\u00e8ves se&hellip;\n","protected":false},"author":2,"featured_media":618882,"comment_status":"","ping_status":"","sticky":false,"template":"","format":"standard","meta":{"footnotes":""},"categories":[8],"tags":[548,58,59,1011,27,2587],"class_list":{"0":"post-618881","1":"post","2":"type-post","3":"status-publish","4":"format-standard","5":"has-post-thumbnail","7":"category-divertissement","8":"tag-article-simple","9":"tag-divertissement","10":"tag-entertainment","11":"tag-fr","12":"tag-france","13":"tag-telerealite"},"share_on_mastodon":{"url":"https:\/\/pubeurope.com\/@fr\/115771567410259586","error":""},"_links":{"self":[{"href":"https:\/\/www.europesays.com\/fr\/wp-json\/wp\/v2\/posts\/618881","targetHints":{"allow":["GET"]}}],"collection":[{"href":"https:\/\/www.europesays.com\/fr\/wp-json\/wp\/v2\/posts"}],"about":[{"href":"https:\/\/www.europesays.com\/fr\/wp-json\/wp\/v2\/types\/post"}],"author":[{"embeddable":true,"href":"https:\/\/www.europesays.com\/fr\/wp-json\/wp\/v2\/users\/2"}],"replies":[{"embeddable":true,"href":"https:\/\/www.europesays.com\/fr\/wp-json\/wp\/v2\/comments?post=618881"}],"version-history":[{"count":0,"href":"https:\/\/www.europesays.com\/fr\/wp-json\/wp\/v2\/posts\/618881\/revisions"}],"wp:featuredmedia":[{"embeddable":true,"href":"https:\/\/www.europesays.com\/fr\/wp-json\/wp\/v2\/media\/618882"}],"wp:attachment":[{"href":"https:\/\/www.europesays.com\/fr\/wp-json\/wp\/v2\/media?parent=618881"}],"wp:term":[{"taxonomy":"category","embeddable":true,"href":"https:\/\/www.europesays.com\/fr\/wp-json\/wp\/v2\/categories?post=618881"},{"taxonomy":"post_tag","embeddable":true,"href":"https:\/\/www.europesays.com\/fr\/wp-json\/wp\/v2\/tags?post=618881"}],"curies":[{"name":"wp","href":"https:\/\/api.w.org\/{rel}","templated":true}]}}