{"id":618886,"date":"2025-12-23T23:53:11","date_gmt":"2025-12-23T23:53:11","guid":{"rendered":"https:\/\/www.europesays.com\/fr\/618886\/"},"modified":"2025-12-23T23:53:11","modified_gmt":"2025-12-23T23:53:11","slug":"les-etats-unis-interdisent-de-visa-thierry-breton-et-quatre-autres-europeens-sur-fonds-de-desaccords-sur-la-regulation-de-la-tech","status":"publish","type":"post","link":"https:\/\/www.europesays.com\/fr\/618886\/","title":{"rendered":"Les \u00c9tats-Unis interdisent de visa Thierry Breton et quatre autres Europ\u00e9ens, sur fonds de d\u00e9saccords sur la r\u00e9gulation de la tech"},"content":{"rendered":"<p>Les \u00c9tats-Unis ont annonc\u00e9 mardi des sanctions visant cinq personnalit\u00e9s europ\u00e9ennes engag\u00e9es pour une stricte r\u00e9gulation de la tech, dont l&rsquo;ancien commissaire europ\u00e9en, le Fran\u00e7ais Thierry Breton, qui se voient interdits de s\u00e9jour.<\/p>\n<p>Les \u00c9tats-Unis ont annonc\u00e9 ce mardi 23 d\u00e9cembre des sanctions visant cinq personnalit\u00e9s europ\u00e9ennes <a href=\"https:\/\/www.bfmtv.com\/economie\/international\/conflit-trump-musk-thierry-breton-estime-qu-on-ne-peut-pas-etre-en-meme-temps-chef-d-entreprise-et-politique_AD-202506060730.html\" title=\"Conflit Trump-Musk: Thierry Breton estime qu&#039;on &quot;ne peut pas \u00eatre en m\u00eame temps chef d&#039;entreprise et politique&quot;\" class=\"internal_link\" target=\"_blank\" rel=\"noopener\">engag\u00e9es pour une stricte r\u00e9gulation de la tech<\/a>, dont l&rsquo;ancien commissaire europ\u00e9en, le Fran\u00e7ais Thierry Breton, qui se voient interdits de s\u00e9jour.<\/p>\n<p>Les agissements de ces personnes s&rsquo;apparentent \u00e0 de la \u00ab\u00a0censure\u00a0\u00bb au d\u00e9triment des int\u00e9r\u00eats am\u00e9ricains, a justifi\u00e9 le d\u00e9partement d&rsquo;\u00c9tat dans <a href=\"https:\/\/www.state.gov\/releases\/office-of-the-spokesperson\/2025\/12\/announcement-of-actions-to-combat-the-global-censorship-industrial-complex\/?utm_source=homepage&amp;utm_medium=news_bar&amp;utm_campaign=censorship\" target=\"_blank\" class=\"external_link\" rel=\"noopener\">un communiqu\u00e9<\/a>.<\/p>\n<p>\u00ab\u00a0Depuis trop longtemps, les id\u00e9ologues europ\u00e9ens m\u00e8nent des actions concert\u00e9es pour contraindre les plateformes am\u00e9ricaines \u00e0 sanctionner les opinions am\u00e9ricaines auxquelles ils s&rsquo;opposent\u00a0\u00bb, a d\u00e9clar\u00e9 le chef de la diplomatie am\u00e9ricaine Marco Rubio sur X. \u00ab\u00a0L&rsquo;administration Trump ne tol\u00e9rera plus ces actes flagrants de censure extraterritoriale\u00a0\u00bb, a-t-il ajout\u00e9.<\/p>\n<p>Jean-No\u00ebl Barrot \u00ab\u00a0d\u00e9nonce avec la plus grande fermet\u00e9\u00a0\u00bb cette sanction<\/p>\n<p>\u00ab\u00a0La France d\u00e9nonce avec la plus grande fermet\u00e9 la restriction de visa prise par les \u00c9tats-Unis \u00e0 l&rsquo;encontre de Thierry Breton, ancien ministre et Commissaire europ\u00e9en, et quatre autres personnalit\u00e9s europ\u00e9ennes\u00a0\u00bb, a de son c\u00f4t\u00e9 r\u00e9agi sur X le ministre des Affaires \u00e9trang\u00e8res, Jean-No\u00ebl Barrot.<\/p>\n<p>\u00ab\u00a0Les peuples de l&rsquo;Europe sont libres et souverains et ne sauraient se faire imposer par d&rsquo;autres les r\u00e8gles s&rsquo;appliquant \u00e0 leur espace num\u00e9rique\u00a0\u00bb, a ajout\u00e9 le ministre.<\/p>\n<p>Le <a href=\"https:\/\/www.bfmtv.com\/economie\/international\/on-ne-met-pas-100-jours-pour-faire-un-tel-investissement-pour-thierry-breton-les-milliards-annonces-par-trump-sont-l-heritage-de-biden_AD-202505150297.html\" title=\"&quot;On ne met pas 100 jours pour faire un tel investissement&quot;: pour Thierry Breton, les milliards annonc\u00e9s par Trump sont &quot;l&#039;h\u00e9ritage&quot; de Biden\" class=\"internal_link\" target=\"_blank\" rel=\"noopener\">Fran\u00e7ais Thierry Breton<\/a> a \u00e9t\u00e9 commissaire europ\u00e9en au March\u00e9 int\u00e9rieur de 2019 \u00e0 2024, avec de larges comp\u00e9tences en particulier sur les dossiers num\u00e9riques et industriels.<\/p>\n<p>Parmi les autres personnes sanctionn\u00e9es figurent des repr\u00e9sentants d&rsquo;ONG luttant contre la d\u00e9sinformation et les messages haineux en ligne dont Imran Ahmed, Clare Melford, Anna-Lena von Hodenberg, fondatrice de HateAid, une ONG allemande, ainsi que Josephine Ballon, de la m\u00eame association.<\/p>\n<p><img width=\"1\" height=\"1\" class=\"lozad\"  alt=\"Tous les soirs dans Le Titre \u00e0 la Une, d\u00e9couvrez ce qui se cache derri\u00e8re les gros titres. Zacharie Legros vous raconte une histoire, un r\u00e9cit de vie, avec aussi le t\u00e9moignage intime de celles et ceux qui font l'actualit\u00e9.\"\/>\u00ab\u00a0Un signal envoy\u00e9 \u00e0 son administration\u00a0\u00bb : la victoire des d\u00e9mocrates aux \u00e9lections\u00a0locales affaiblit-elle vraiment Donald Trump?<\/p>\n<p>Le pr\u00e9sident am\u00e9ricain Donald Trump m\u00e8ne une offensive d&rsquo;envergure visant les r\u00e8gles de l&rsquo;Union europ\u00e9enne sur la tech qui imposent aux plateformes des obligations en particulier de signalement de contenus probl\u00e9matiques, ce que les Etats-Unis jugent comme \u00e9tant de la censure. L&rsquo;UE dispose de fait de l&rsquo;arsenal juridique le plus puissant au monde pour r\u00e9guler le num\u00e9rique.<\/p>\n","protected":false},"excerpt":{"rendered":"Les \u00c9tats-Unis ont annonc\u00e9 mardi des sanctions visant cinq personnalit\u00e9s europ\u00e9ennes engag\u00e9es pour une stricte r\u00e9gulation de la&hellip;\n","protected":false},"author":2,"featured_media":618887,"comment_status":"","ping_status":"","sticky":false,"template":"","format":"standard","meta":{"footnotes":""},"categories":[5],"tags":[11,1011,27,14,12,28],"class_list":{"0":"post-618886","1":"post","2":"type-post","3":"status-publish","4":"format-standard","5":"has-post-thumbnail","7":"category-international","8":"tag-actualites","9":"tag-fr","10":"tag-france","11":"tag-international","12":"tag-news","13":"tag-world"},"share_on_mastodon":{"url":"https:\/\/pubeurope.com\/@fr\/115771579087014526","error":""},"_links":{"self":[{"href":"https:\/\/www.europesays.com\/fr\/wp-json\/wp\/v2\/posts\/618886","targetHints":{"allow":["GET"]}}],"collection":[{"href":"https:\/\/www.europesays.com\/fr\/wp-json\/wp\/v2\/posts"}],"about":[{"href":"https:\/\/www.europesays.com\/fr\/wp-json\/wp\/v2\/types\/post"}],"author":[{"embeddable":true,"href":"https:\/\/www.europesays.com\/fr\/wp-json\/wp\/v2\/users\/2"}],"replies":[{"embeddable":true,"href":"https:\/\/www.europesays.com\/fr\/wp-json\/wp\/v2\/comments?post=618886"}],"version-history":[{"count":0,"href":"https:\/\/www.europesays.com\/fr\/wp-json\/wp\/v2\/posts\/618886\/revisions"}],"wp:featuredmedia":[{"embeddable":true,"href":"https:\/\/www.europesays.com\/fr\/wp-json\/wp\/v2\/media\/618887"}],"wp:attachment":[{"href":"https:\/\/www.europesays.com\/fr\/wp-json\/wp\/v2\/media?parent=618886"}],"wp:term":[{"taxonomy":"category","embeddable":true,"href":"https:\/\/www.europesays.com\/fr\/wp-json\/wp\/v2\/categories?post=618886"},{"taxonomy":"post_tag","embeddable":true,"href":"https:\/\/www.europesays.com\/fr\/wp-json\/wp\/v2\/tags?post=618886"}],"curies":[{"name":"wp","href":"https:\/\/api.w.org\/{rel}","templated":true}]}}