{"id":618895,"date":"2025-12-24T00:01:55","date_gmt":"2025-12-24T00:01:55","guid":{"rendered":"https:\/\/www.europesays.com\/fr\/618895\/"},"modified":"2025-12-24T00:01:55","modified_gmt":"2025-12-24T00:01:55","slug":"le-mans-fc-herite-de-nancy-pour-un-16e-brulant-a-domicile-angers-info","status":"publish","type":"post","link":"https:\/\/www.europesays.com\/fr\/618895\/","title":{"rendered":"Le Mans FC h\u00e9rite de Nancy pour un 16e br\u00fblant \u00e0 domicile \u2013 Angers Info"},"content":{"rendered":"<p><img fetchpriority=\"high\" decoding=\"async\" width=\"800\" height=\"523\" src=\"https:\/\/www.europesays.com\/fr\/wp-content\/uploads\/2025\/12\/foot.jpg\" alt=\"\" class=\"wp-image-88648\"  \/>DR : Le Mans FC affrontera Nancy \u00e0 domicile lors des 16es de finale de la Coupe de France, dimanche 11 janvier 2026, pour un duel 100 % Ligue 2<\/p>\n<p><strong>Le tirage au sort des 16es de finale de la Coupe de France a r\u00e9serv\u00e9 une affiche famili\u00e8re au Le Mans FC. Qualifi\u00e9s sans convaincre face \u00e0 P\u00e9rigny, les Sarthois accueilleront un adversaire bien connu de leurs supporters.<\/strong><\/p>\n<p><strong>Nancy sur la route des Manceaux<\/strong><\/p>\n<p>Selon <a href=\"https:\/\/actu.fr\/pays-de-la-loire\/le-mans_72181\/un-duel-100-ligue-2-pour-le-mans-fc-en-coupe-de-france-quand-aura-lieu-ce-match_63613985.html\" target=\"_blank\" rel=\"noopener\">Actu.fr<\/a>, pour ce prochain tour, Le Mans disputera un duel 100 % Ligue 2 \u00e0 domicile face \u00e0 AS Nancy Lorraine, formation qu\u2019il a longuement crois\u00e9e la saison pass\u00e9e en National. Une affiche qui ravive forc\u00e9ment des souvenirs r\u00e9cents, tant sportifs qu\u2019\u00e9motionnels.<\/p>\n<p><strong>Un rendez-vous programm\u00e9 en janvier<\/strong><\/p>\n<p>La rencontre se disputera le dimanche 11 janvier 2026, \u00e0 18 heures, sur la pelouse du stade Marie-Marvingt. Ce 16e de finale de la Coupe de France b\u00e9n\u00e9ficiera d\u2019une large exposition m\u00e9diatique puisqu\u2019il sera int\u00e9gr\u00e9 au multiplex de beIN Sports, diffuseur de la comp\u00e9tition.<\/p>\n","protected":false},"excerpt":{"rendered":"DR : Le Mans FC affrontera Nancy \u00e0 domicile lors des 16es de finale de la Coupe de&hellip;\n","protected":false},"author":2,"featured_media":618896,"comment_status":"","ping_status":"","sticky":false,"template":"","format":"standard","meta":{"footnotes":""},"categories":[9635],"tags":[1111,11,83,1777,674,63,1011,27,775,40797,1702,12,25,25849],"class_list":{"0":"post-618895","1":"post","2":"type-post","3":"status-publish","4":"format-standard","5":"has-post-thumbnail","7":"category-nancy","8":"tag-actu","9":"tag-actualites","10":"tag-coupe-de-france","11":"tag-eu","12":"tag-europe","13":"tag-football","14":"tag-fr","15":"tag-france","16":"tag-grand-est","17":"tag-le-mans-fc","18":"tag-nancy","19":"tag-news","20":"tag-republique-francaise","21":"tag-sarthe"},"share_on_mastodon":{"url":"https:\/\/pubeurope.com\/@fr\/115771615168101614","error":""},"_links":{"self":[{"href":"https:\/\/www.europesays.com\/fr\/wp-json\/wp\/v2\/posts\/618895","targetHints":{"allow":["GET"]}}],"collection":[{"href":"https:\/\/www.europesays.com\/fr\/wp-json\/wp\/v2\/posts"}],"about":[{"href":"https:\/\/www.europesays.com\/fr\/wp-json\/wp\/v2\/types\/post"}],"author":[{"embeddable":true,"href":"https:\/\/www.europesays.com\/fr\/wp-json\/wp\/v2\/users\/2"}],"replies":[{"embeddable":true,"href":"https:\/\/www.europesays.com\/fr\/wp-json\/wp\/v2\/comments?post=618895"}],"version-history":[{"count":0,"href":"https:\/\/www.europesays.com\/fr\/wp-json\/wp\/v2\/posts\/618895\/revisions"}],"wp:featuredmedia":[{"embeddable":true,"href":"https:\/\/www.europesays.com\/fr\/wp-json\/wp\/v2\/media\/618896"}],"wp:attachment":[{"href":"https:\/\/www.europesays.com\/fr\/wp-json\/wp\/v2\/media?parent=618895"}],"wp:term":[{"taxonomy":"category","embeddable":true,"href":"https:\/\/www.europesays.com\/fr\/wp-json\/wp\/v2\/categories?post=618895"},{"taxonomy":"post_tag","embeddable":true,"href":"https:\/\/www.europesays.com\/fr\/wp-json\/wp\/v2\/tags?post=618895"}],"curies":[{"name":"wp","href":"https:\/\/api.w.org\/{rel}","templated":true}]}}