{"id":618901,"date":"2025-12-24T00:05:25","date_gmt":"2025-12-24T00:05:25","guid":{"rendered":"https:\/\/www.europesays.com\/fr\/618901\/"},"modified":"2025-12-24T00:05:25","modified_gmt":"2025-12-24T00:05:25","slug":"lorie-lidole-des-annees-2000-celebre-vingt-ans-de-carriere-avec-le-public-du-rockstore-a-montpellier","status":"publish","type":"post","link":"https:\/\/www.europesays.com\/fr\/618901\/","title":{"rendered":"Lorie, l\u2019idole des ann\u00e9es 2000, c\u00e9l\u00e8bre vingt ans de carri\u00e8re avec le public du Rockstore \u00e0 Montpellier"},"content":{"rendered":"<p>\n                                                                Avec une dizaine de tubes devenus incontournables, Lorie a enchant\u00e9 son public au Rockstore le 20\u00a0d\u00e9cembre dernier.\n                            <\/p>\n<p>Il y a, dans le mot vintage, une filiation \u00e9vidente \u00e0 la vingtaine. Comme s\u2019il fallait attendre vingt ans pour que les choses m\u00fbrissent et nous reviennent plus solaires que jamais. Ce samedi 20\u00a0d\u00e9cembre, un vent de nostalgie a souffl\u00e9 sur le Rockstore. L\u2019idole des ann\u00e9es 2000, souvent surnomm\u00e9e la Britney Spears fran\u00e7aise, a renou\u00e9 avec son public lors d\u2019un spectacle pens\u00e9 avant tout pour les fid\u00e8les de la premi\u00e8re heure.<\/p>\n<p>Vingt ans de carri\u00e8re<\/p>\n<p>Lorie a c\u00e9l\u00e9br\u00e9 plus de vingt ans de carri\u00e8re \u00e0 travers une dizaine de tubes devenus incontournables. Les enfants d\u2019hier sont les adultes d\u2019aujourd\u2019hui\u00a0: casquettes et tee-shirts \u00e0 l\u2019effigie de la chanteuse, la magie des ann\u00e9es 2000 op\u00e8re \u00e0 nouveau. Fid\u00e8le \u00e0 elle-m\u00eame, souriante et accessible, Lorie a propos\u00e9 une mise en sc\u00e8ne p\u00e9tillante et r\u00e9solument festive. \u00c9cran g\u00e9ant, boule \u00e0 facettes, pas de danse endiabl\u00e9s et refrains accrocheurs\u00a0: tous les ingr\u00e9dients qui ont fait d\u2019elle une figure marquante du paysage musical fran\u00e7ais \u00e9taient r\u00e9unis.<\/p>\n<p>        <img decoding=\"async\" class=\"std-img__img responsive-img\" src=\"https:\/\/www.europesays.com\/fr\/wp-content\/uploads\/2025\/12\/1766534724_258_image.jpg\" alt=\"Lorie fait revivre les tubes des ann\u00e9es 2000.\"\/><\/p>\n<p>                Lorie fait revivre les tubes des ann\u00e9es 2000.<br \/>\n                                    Midi Libre &#8211; npcje03s<\/p>\n<p>Avec pr\u00e8s de dix millions d\u2019albums vendus, la chanteuse n\u2019avait plus rien \u00e0 prouver lorsque les billets de cette tourn\u00e9e se sont \u00e9coul\u00e9s en quelques minutes. Ce soir-l\u00e0, Lorie a fait danser petits et grands, sur des airs latinos\u2026 mais pas seulement. D\u00e8s les premi\u00e8res notes, le public chante \u00e0 tue-t\u00eate. Pour ouvrir le concert, Lorie a choisi \u00ab\u00a0\u00c0 20 ans\u00a0\u00bb, un titre hautement symbolique pour cette tourn\u00e9e anniversaire. Tr\u00e8s vite, l\u2019ambiance s\u2019installe. Elle encha\u00eene les morceaux, dont \u00ab\u00a0Une Minute\u00a0\u00bb, sorti en novembre dernier. Les spectateurs sont aux anges, retrouvant les refrains qui ont marqu\u00e9 leur adolescence\u00a0: \u00ab\u00a0Week-end\u00a0\u00bb, \u00ab\u00a0La Positive Attitude\u00a0\u00bb, \u00ab\u00a0J\u2019ai Besoin d\u2019Amour\u00a0\u00bb\u2026 Tous semblent retrouver un second souffle.<\/p>\n<p>        <img decoding=\"async\" class=\"std-img__img responsive-img\" src=\"https:\/\/www.europesays.com\/fr\/wp-content\/uploads\/2025\/12\/1766534725_494_image.jpg\" alt=\"La chanteuse offre toute son \u00e9nergie sur sc\u00e8ne, entre refrains et pas de danse.\"\/><\/p>\n<p>                La chanteuse offre toute son \u00e9nergie sur sc\u00e8ne, entre refrains et pas de danse.<br \/>\n                                    Midi Libre &#8211; npcje03s<\/p>\n<p>Certains fans attendaient ce moment depuis plus de quinze ans, parfois accompagn\u00e9s de leur m\u00e8re ou de leur meilleure amie de l\u2019\u00e9poque. Un clin d\u2019\u0153il appuy\u00e9 \u00e0 l\u2019un de ses plus grands succ\u00e8s, interpr\u00e9t\u00e9 en ch\u0153ur avec la foule, vient sceller cette communion. Les chansons se succ\u00e8dent, les lumi\u00e8res s\u2019embrasent, et les m\u00e9lodies deviennent des hymnes le temps d\u2019un instant suspendu.<\/p>\n<p>Une apart\u00e9 sur l\u2019endom\u00e9triose<\/p>\n<p>Au c\u0153ur du show, Lorie prend la parole pour \u00e9voquer sa maladie, l\u2019endom\u00e9triose. Avec sinc\u00e9rit\u00e9, elle partage son combat et invite \u00e0 faire confiance \u00e0 la vie. Un engagement qu\u2019elle porte depuis plusieurs ann\u00e9es, notamment en faveur de la sant\u00e9 des femmes. Une heure trente plus tard, le concert touche \u00e0 sa fin. Lorie, les larmes aux yeux, fait face \u00e0 un public qui la soutient avec la m\u00eame ferveur qu\u2019au d\u00e9but des ann\u00e9es 2000. Un lien ind\u00e9fectible qu\u2019elle souligne, la voix teint\u00e9e d\u2019\u00e9motion. Cette date montpelli\u00e9raine annonce d\u00e9j\u00e0 des retrouvailles au printemps prochain, puisque la chanteuse fera escale au Z\u00e9nith Sud pour une nouvelle version de sa Lorie Party.<\/p>\n","protected":false},"excerpt":{"rendered":"Avec une dizaine de tubes devenus incontournables, Lorie a enchant\u00e9 son public au Rockstore le 20\u00a0d\u00e9cembre dernier. Il&hellip;\n","protected":false},"author":2,"featured_media":618902,"comment_status":"","ping_status":"","sticky":false,"template":"","format":"standard","meta":{"footnotes":""},"categories":[9599],"tags":[1111,11,69492,872,1777,674,1011,27,7089,2208,12,2680,25],"class_list":{"0":"post-618901","1":"post","2":"type-post","3":"status-publish","4":"format-standard","5":"has-post-thumbnail","7":"category-montpellier","8":"tag-actu","9":"tag-actualites","10":"tag-concerts-spectacles","11":"tag-culture-et-loisirs","12":"tag-eu","13":"tag-europe","14":"tag-fr","15":"tag-france","16":"tag-herault","17":"tag-montpellier","18":"tag-news","19":"tag-occitanie","20":"tag-republique-francaise"},"share_on_mastodon":{"url":"https:\/\/pubeurope.com\/@fr\/115771627102913369","error":""},"_links":{"self":[{"href":"https:\/\/www.europesays.com\/fr\/wp-json\/wp\/v2\/posts\/618901","targetHints":{"allow":["GET"]}}],"collection":[{"href":"https:\/\/www.europesays.com\/fr\/wp-json\/wp\/v2\/posts"}],"about":[{"href":"https:\/\/www.europesays.com\/fr\/wp-json\/wp\/v2\/types\/post"}],"author":[{"embeddable":true,"href":"https:\/\/www.europesays.com\/fr\/wp-json\/wp\/v2\/users\/2"}],"replies":[{"embeddable":true,"href":"https:\/\/www.europesays.com\/fr\/wp-json\/wp\/v2\/comments?post=618901"}],"version-history":[{"count":0,"href":"https:\/\/www.europesays.com\/fr\/wp-json\/wp\/v2\/posts\/618901\/revisions"}],"wp:featuredmedia":[{"embeddable":true,"href":"https:\/\/www.europesays.com\/fr\/wp-json\/wp\/v2\/media\/618902"}],"wp:attachment":[{"href":"https:\/\/www.europesays.com\/fr\/wp-json\/wp\/v2\/media?parent=618901"}],"wp:term":[{"taxonomy":"category","embeddable":true,"href":"https:\/\/www.europesays.com\/fr\/wp-json\/wp\/v2\/categories?post=618901"},{"taxonomy":"post_tag","embeddable":true,"href":"https:\/\/www.europesays.com\/fr\/wp-json\/wp\/v2\/tags?post=618901"}],"curies":[{"name":"wp","href":"https:\/\/api.w.org\/{rel}","templated":true}]}}