{"id":618909,"date":"2025-12-24T00:15:19","date_gmt":"2025-12-24T00:15:19","guid":{"rendered":"https:\/\/www.europesays.com\/fr\/618909\/"},"modified":"2025-12-24T00:15:19","modified_gmt":"2025-12-24T00:15:19","slug":"ces-collegiens-musiciens-de-vern-sur-seiche-ont-recu-des-instruments","status":"publish","type":"post","link":"https:\/\/www.europesays.com\/fr\/618909\/","title":{"rendered":"Ces coll\u00e9giens musiciens de Vern-sur-Seiche ont re\u00e7u des instruments"},"content":{"rendered":"<p>Des instruments pr\u00eat\u00e9s pour l\u2019ann\u00e9e \u00e0 une dizaine de coll\u00e9giens en 6e qui n\u2019ont jamais fait de musique. Voici une action qui r\u00e9l\u00e8ve du partenariat, d\u00e9marr\u00e9 en septembre\u00a02023, entre le coll\u00e8ge Th\u00e9odore-Monod de <a href=\"https:\/\/rennes.maville.com\/bretagne\/ille-et-vilaine\/vern-sur-seiche\/\" target=\"_blank\" rel=\"noopener\">Vern-sur-Seiche<\/a> (<a href=\"https:\/\/www.ouest-france.fr\/bretagne\/ille-et-vilaine\/\" target=\"_blank\" rel=\"noopener\">Ille-et-Vilaine<\/a>) et l\u2019\u00e9cole de musique du Suet, \u00e0 Chantepie. \u00a0Vous avez pu d\u00e9marrer l\u2019apprentissage de la musique et constituer un orchestre de big band de jazz, un pari qui se renouvelle depuis\u00a0, appr\u00e9ciait Fr\u00e9d\u00e9ric Leclerc, coordinateur et professeur du Suet, en direction des \u00e9l\u00e8ves musiciens, jeudi 18\u00a0d\u00e9cembre 2025, lors d\u2019une repr\u00e9sentation devant les parents et l\u2019\u00e9quipe p\u00e9dagogique des \u00e9tablissements.<\/p>\n<p>Ce sont tout d\u2019abord les \u00e9l\u00e8ves de 4e et de 5e qui se sont produits sur sc\u00e8ne, suivis par les \u00e9l\u00e8ves de 6e, offrant au public un moment surprenant de leurs acquis en si peu de temps. \u00a0Cette repr\u00e9sentation a \u00e9t\u00e9 rendue possible gr\u00e2ce \u00e0 l\u2019investissement et \u00e0 la cr\u00e9ativit\u00e9 des professeurs, qui accompagnent les \u00e9l\u00e8ves dans cet ambitieux projet p\u00e9dagogique\u00a0, soulignait Jean Bernard P\u00e9cot, le <a href=\"https:\/\/fougeres.maville.com\/actu\/actudet_-jean-bernard-pecot-nouveau-directeur-a-l-ecole-de-musique-et-de-danse-du-suet-_52695-6976115_actu.Htm\" target=\"_blank\" rel=\"noopener\">nouveau directeur du Suet depuis la rentr\u00e9e 2025<\/a>.\u00a0Il a confi\u00e9 appr\u00e9cier ce qui est pour lui un h\u00e9ritage\u00a0: \u00a0C\u2019est un projet qui met en lumi\u00e8re le talent et l\u2019engagement de jeunes musiciens avec leurs professeurs.\u00a0<\/p>\n<p>Un projet pionnier dans le d\u00e9partement<\/p>\n<p>Mis en place pour la troisi\u00e8me ann\u00e9e cons\u00e9cutive, l\u2019Orchestre \u00e0 l\u2019\u00e9cole conna\u00eet une progression constante. \u00c0 l\u2019origine, le projet n\u2019avait encore jamais \u00e9t\u00e9 d\u00e9velopp\u00e9 dans le d\u00e9partement. \u00a0Gr\u00e2ce \u00e0 la volont\u00e9 de l\u2019\u00e9quipe du Suet et au soutien de la municipalit\u00e9, ce projet a pu voir le jour et s\u2019ancrer durablement dans la vie de l\u2019\u00e9tablissement, tout un travail a \u00e9t\u00e9 accompli avant d\u2019en arriver l\u00e0\u00a0\u00bb, relevait la principale, Karine Beauciel Betton, qui appr\u00e9cie \u00e9galement l\u2019\u00e9volution des \u00e9l\u00e8ves, tant sur le plan musical que personnel. \u00a0Ils donnent le meilleur d\u2019eux-m\u00eames gr\u00e2ce \u00e0 leur s\u00e9rieux et leur motivation, bien accompagn\u00e9s par Brigitte Le Mener-Toupin, professeure de musique au coll\u00e8ge.\u00a0<\/p>\n<p>La principale\u00a0concluait en remerciant aussi les parents, qui accompagnent et encouragent leurs enfants. \u00a0Leur soutien est essentiel \u00e0 la r\u00e9ussite de ce projet.\u00a0<\/p>\n<p>\u00a0<\/p>\n","protected":false},"excerpt":{"rendered":"Des instruments pr\u00eat\u00e9s pour l\u2019ann\u00e9e \u00e0 une dizaine de coll\u00e9giens en 6e qui n\u2019ont jamais fait de musique.&hellip;\n","protected":false},"author":2,"featured_media":618910,"comment_status":"","ping_status":"","sticky":false,"template":"","format":"standard","meta":{"footnotes":""},"categories":[2821],"tags":[1111,11,829,6340,1777,674,1011,27,72897,9313,12,10621,3086,584,25,9310],"class_list":{"0":"post-618909","1":"post","2":"type-post","3":"status-publish","4":"format-standard","5":"has-post-thumbnail","7":"category-rennes","8":"tag-actu","9":"tag-actualites","10":"tag-bretagne","11":"tag-collegiens","12":"tag-eu","13":"tag-europe","14":"tag-fr","15":"tag-france","16":"tag-instruments","17":"tag-musiciens","18":"tag-news","19":"tag-recu","20":"tag-redon","21":"tag-rennes","22":"tag-republique-francaise","23":"tag-vern-sur-seiche"},"share_on_mastodon":{"url":"https:\/\/pubeurope.com\/@fr\/115771665571213842","error":""},"_links":{"self":[{"href":"https:\/\/www.europesays.com\/fr\/wp-json\/wp\/v2\/posts\/618909","targetHints":{"allow":["GET"]}}],"collection":[{"href":"https:\/\/www.europesays.com\/fr\/wp-json\/wp\/v2\/posts"}],"about":[{"href":"https:\/\/www.europesays.com\/fr\/wp-json\/wp\/v2\/types\/post"}],"author":[{"embeddable":true,"href":"https:\/\/www.europesays.com\/fr\/wp-json\/wp\/v2\/users\/2"}],"replies":[{"embeddable":true,"href":"https:\/\/www.europesays.com\/fr\/wp-json\/wp\/v2\/comments?post=618909"}],"version-history":[{"count":0,"href":"https:\/\/www.europesays.com\/fr\/wp-json\/wp\/v2\/posts\/618909\/revisions"}],"wp:featuredmedia":[{"embeddable":true,"href":"https:\/\/www.europesays.com\/fr\/wp-json\/wp\/v2\/media\/618910"}],"wp:attachment":[{"href":"https:\/\/www.europesays.com\/fr\/wp-json\/wp\/v2\/media?parent=618909"}],"wp:term":[{"taxonomy":"category","embeddable":true,"href":"https:\/\/www.europesays.com\/fr\/wp-json\/wp\/v2\/categories?post=618909"},{"taxonomy":"post_tag","embeddable":true,"href":"https:\/\/www.europesays.com\/fr\/wp-json\/wp\/v2\/tags?post=618909"}],"curies":[{"name":"wp","href":"https:\/\/api.w.org\/{rel}","templated":true}]}}