{"id":618915,"date":"2025-12-24T00:19:15","date_gmt":"2025-12-24T00:19:15","guid":{"rendered":"https:\/\/www.europesays.com\/fr\/618915\/"},"modified":"2025-12-24T00:19:15","modified_gmt":"2025-12-24T00:19:15","slug":"previsions-du-mercredi-24-decembre-2025-2","status":"publish","type":"post","link":"https:\/\/www.europesays.com\/fr\/618915\/","title":{"rendered":"pr\u00e9visions du mercredi 24 d\u00e9cembre 2025"},"content":{"rendered":"<p>Aujourd&rsquo;hui, le mercure affichera 1\u00b0C en moyenne \u00e0 Strasbourg. Un vent de nord-est, enregistrant 25 km\/h, soufflera. Le ciel va s&rsquo;\u00e9claircir au cours de la matin\u00e9e. On pr\u00e9voit des valeurs d&rsquo;environ 1\u00b0C. Il y aura des nuages avant que le soleil ne puisse faire son apparition pendant l&rsquo;apr\u00e8s-midi. La m\u00e9t\u00e9o annonce des petites chutes de neige. L&rsquo;hiver s&rsquo;est d\u00e9finitivement install\u00e9 puisque les temp\u00e9ratures iront de 0 \u00e0 2\u00b0C. Les Strasbourgeois vont avoir froid le soir : les temp\u00e9ratures ne vont pas d\u00e9passer 0\u00b0C. Il va faire 0\u00b0C en moyenne. On s&rsquo;attend \u00e0 une nuit claire entre mercredi et jeudi.<\/p>\n<p>Demain, c&rsquo;est une hausse de quelques degr\u00e9s que vont conna\u00eetre les temp\u00e9ratures dans la ville de Strasbourg. Il fera en moyenne 2\u00b0C. Un vent de nord-est rafra\u00eechira l\u00e9g\u00e8rement l&rsquo;atmosph\u00e8re. Un magnifique soleil va briller et ce, tout au long de la matin\u00e9e. L&rsquo;hiver se fait sentir : les valeurs s&rsquo;\u00e9chelonneront entre -1 et 3\u00b0C. Demain apr\u00e8s-midi, le vent va peu \u00e0 peu \u00e9loigner les nuages. L&rsquo;hiver sera bien l\u00e0 puisque les temp\u00e9ratures seront tout de m\u00eame de 1\u00b0C au plus bas et de 4\u00b0C au plus haut. Les Strasbourgeois vont avoir froid demain soir : les temp\u00e9ratures ne vont pas d\u00e9passer 1\u00b0C. Les valeurs seront de 0\u00b0C.<\/p>\n<p>Le temps restera stable les jours \u00e0 venir. Il fera -1\u00b0C en moyenne pour des journ\u00e9es avec un ciel ensoleill\u00e9.<\/p>\n<p><\/p>\n","protected":false},"excerpt":{"rendered":"Aujourd&rsquo;hui, le mercure affichera 1\u00b0C en moyenne \u00e0 Strasbourg. Un vent de nord-est, enregistrant 25 km\/h, soufflera. Le&hellip;\n","protected":false},"author":2,"featured_media":618916,"comment_status":"","ping_status":"","sticky":false,"template":"","format":"standard","meta":{"footnotes":""},"categories":[2820],"tags":[1111,11,1777,674,1011,27,775,12,2119,25,640],"class_list":{"0":"post-618915","1":"post","2":"type-post","3":"status-publish","4":"format-standard","5":"has-post-thumbnail","7":"category-strasbourg","8":"tag-actu","9":"tag-actualites","10":"tag-eu","11":"tag-europe","12":"tag-fr","13":"tag-france","14":"tag-grand-est","15":"tag-news","16":"tag-previsions-meteo","17":"tag-republique-francaise","18":"tag-strasbourg"},"share_on_mastodon":{"url":"https:\/\/pubeurope.com\/@fr\/115771681558027186","error":""},"_links":{"self":[{"href":"https:\/\/www.europesays.com\/fr\/wp-json\/wp\/v2\/posts\/618915","targetHints":{"allow":["GET"]}}],"collection":[{"href":"https:\/\/www.europesays.com\/fr\/wp-json\/wp\/v2\/posts"}],"about":[{"href":"https:\/\/www.europesays.com\/fr\/wp-json\/wp\/v2\/types\/post"}],"author":[{"embeddable":true,"href":"https:\/\/www.europesays.com\/fr\/wp-json\/wp\/v2\/users\/2"}],"replies":[{"embeddable":true,"href":"https:\/\/www.europesays.com\/fr\/wp-json\/wp\/v2\/comments?post=618915"}],"version-history":[{"count":0,"href":"https:\/\/www.europesays.com\/fr\/wp-json\/wp\/v2\/posts\/618915\/revisions"}],"wp:featuredmedia":[{"embeddable":true,"href":"https:\/\/www.europesays.com\/fr\/wp-json\/wp\/v2\/media\/618916"}],"wp:attachment":[{"href":"https:\/\/www.europesays.com\/fr\/wp-json\/wp\/v2\/media?parent=618915"}],"wp:term":[{"taxonomy":"category","embeddable":true,"href":"https:\/\/www.europesays.com\/fr\/wp-json\/wp\/v2\/categories?post=618915"},{"taxonomy":"post_tag","embeddable":true,"href":"https:\/\/www.europesays.com\/fr\/wp-json\/wp\/v2\/tags?post=618915"}],"curies":[{"name":"wp","href":"https:\/\/api.w.org\/{rel}","templated":true}]}}