{"id":618917,"date":"2025-12-24T00:20:43","date_gmt":"2025-12-24T00:20:43","guid":{"rendered":"https:\/\/www.europesays.com\/fr\/618917\/"},"modified":"2025-12-24T00:20:43","modified_gmt":"2025-12-24T00:20:43","slug":"securite-espaces-verts-que-retenir-des-100-millions-deuros-dinvestissement-votes-a-nice-avec-le-budget-2026","status":"publish","type":"post","link":"https:\/\/www.europesays.com\/fr\/618917\/","title":{"rendered":"S\u00e9curit\u00e9, espaces verts&#8230; Que retenir des 100 millions d&rsquo;euros d&rsquo;investissement vot\u00e9s \u00e0 Nice avec le budget 2026 ?"},"content":{"rendered":"<p><strong>Il reste moins de trois mois avant la prochaine \u00e9lection ni\u00e7oise. Le conseil municipal a\u00a0valid\u00e9 les grandes orientations du budget 2026, alors que les priorit\u00e9s des diff\u00e9rents candidats ne sont pas encore toutes connues. L\u2019\u00e9quipe sortante s\u2019engage sur 100 millions d\u2019euros d\u2019investissement.<\/strong><\/p>\n<p>Les \u00e9lus communaux ont bel et bien approuv\u00e9 le budget 2026, ou <strong>plut\u00f4t sa premi\u00e8re mouture<\/strong>. Au coeur de la campagne en cours, les pr\u00e9tendants attendront janvier pour r\u00e9v\u00e9ler les projets qu\u2019ils souhaitent mener si les \u00e9lecteurs leur confient les manettes de la ville en mars prochain. Aussi, en fonction de l\u2019\u00e9curie qui s\u2019imposera au printemps, sur une enveloppe globale \u00e9quivalente, les r\u00e9partitions pourraient \u00e9voluer.<\/p>\n<p>L\u2019\u00e9quipe en place pr\u00e9sentait le 11 d\u00e9cembre une copie sans surprise aucune, dans la m\u00eame coh\u00e9rence que les pr\u00e9c\u00e9dentes. <strong>Trois axes d\u00e9velopp\u00e9s par le maire<\/strong>, Christian Estrosi (<a href=\"https:\/\/nicepresse.com\/municipales-2026-a-nice-a-droite-christian-estrosi-sera-soutenu-par-les-republicains-face-a-eric-ciotti-appuye-par-le-rn\/\" data-wpel-link=\"internal\" target=\"_blank\" rel=\"noopener\">Horizons soutenu par LR<\/a>) : <strong>\u00ab\u00a0la priorit\u00e9 absolue restera la s\u00e9curit\u00e9\u00a0\u00bb <\/strong>(bornes SOS, recrutements et \u00e9quipements pour la police municipale, salle d\u2019hypervision high tech pour le futur \u00ab\u00a0super commissariat\u00a0\u00bb, 300 cam\u00e9ras, <a href=\"https:\/\/nicepresse.com\/delinquance-grilles-policiers-cameras-dans-la-coulee-verte-quelle-securite-pour-lextension-sur-8-hectares-de-la-promenade-du-paillon\/\" data-wpel-link=\"internal\" target=\"_blank\" rel=\"noopener\">s\u00fbret\u00e9 de la coul\u00e9e verte<\/a>), <strong>la vie culturelle<\/strong> (avec la <a href=\"https:\/\/nicepresse.com\/la-mairie-de-nice-va-investir-10-millions-deuros-pour-faire-de-la-gare-du-sud-la-halle-de-la-decouverte-ce-qui-sera-ouvert-des-fevrier-2026\/\" data-wpel-link=\"internal\" target=\"_blank\" rel=\"noopener\">transformation de la Gare du Sud<\/a> et la livraison de la <a href=\"https:\/\/nicepresse.com\/sous-le-central-park-qui-traverse-la-ville-la-plus-grande-bibliotheque-de-nice-sapprete-a-rouvrir-totalement-modernisee\/\" data-wpel-link=\"internal\" target=\"_blank\" rel=\"noopener\">nouvelle grande biblioth\u00e8que<\/a>) et enfin la <strong>\u00ab\u00a0pr\u00e9servation du pouvoir d\u2019achat\u00a0\u00bb<\/strong>.<\/p>\n<p><a href=\"https:\/\/espacelympia.departement06.fr\/agenda\/brigitte-mylene-et-michele-les-petites-cheries-de-la-cote-dazur\" data-wpel-link=\"external\" target=\"_blank\" rel=\"external noopener noreferrer\"><img loading=\"lazy\" decoding=\"async\" width=\"300\" height=\"300\" src=\"https:\/\/www.europesays.com\/fr\/wp-content\/uploads\/2025\/12\/APWeb_LPC_300x300_YB_300-x-300.jpg\" alt=\"\" class=\"wp-image-262664\"\/><\/a><\/p>\n<p><img loading=\"lazy\" decoding=\"async\" width=\"1120\" height=\"630\" src=\"https:\/\/www.europesays.com\/fr\/wp-content\/uploads\/2025\/12\/kit-rentree-scolaire-ville-de-nice-1120x630.jpg\" alt=\"kit rentree scolaire ville de nice\" class=\"wp-image-248064\" title=\"S\u00e9curit\u00e9, espaces verts... Que retenir des 100 millions d'euros d'investissement vot\u00e9s \u00e0 Nice avec le budget 2026 ? 1\"  \/>Le maintien des aides habituelles, comme par exemple le trousseau gratuit de fournitures scolaires<\/p>\n<p>\u00c0 ce chapitre, <strong>pas d\u2019\u00e9volution de la fiscalit\u00e9 <\/strong>l\u2019an prochain <a href=\"https:\/\/nicepresse.com\/nice-christian-estrosi-sengage-a-ne-pas-augmenter-les-impots-locaux-au-moins-jusquen-2030\/\" data-wpel-link=\"internal\" target=\"_blank\" rel=\"noopener\">apr\u00e8s la hausse de 2024<\/a>, le maintien des aides habituelles (<a href=\"https:\/\/nicepresse.com\/a-nice-la-rentree-se-prepare-dans-la-solidarite-des-milliers-decoliers-recoivent-gratuitement-leur-materiel-scolaire\/\" data-wpel-link=\"internal\" target=\"_blank\" rel=\"noopener\">trousseau gratuit de fournitures scolaires<\/a>, nombreuses subventions pour les associations et clubs sportifs, gratuit\u00e9 des mus\u00e9es, <a href=\"https:\/\/nicepresse.com\/stationnement-gratuit-a-nice-la-mairie-fait-une-annonce-majeure-et-elle-entre-en-vigueur-des-le-1er-juillet-prochain\/\" data-wpel-link=\"internal\" target=\"_blank\" rel=\"noopener\">heure de stationnement gratuit<\/a>) et des tarifs des services publics locaux (restauration scolaire, activit\u00e9s, etc).<\/p>\n<p>Pierre-Paul L\u00e9onelli\u00a0: \u00ab\u00a0un budget responsable et ambitieux\u00a0\u00bb<\/p>\n<p>Valid\u00e9es \u00e0\u00a0la majorit\u00e9, de leur c\u00f4t\u00e9, <strong>les d\u00e9penses d\u2019investissement &#8211; 100 millions d\u2019euros &#8211; <\/strong>pr\u00e9vues se ventilent de cette fa\u00e7on\u00a0: 16,8 millions pour le verdissement (<a href=\"https:\/\/nicepresse.com\/a-nice-cest-lannee-des-jardins-ceux-qui-viennent-tout-juste-douvrir-et-la-grande-nouveaute-attendue-dans-les-prochains-jours-en-centre-ville\/\" data-wpel-link=\"internal\" target=\"_blank\" rel=\"noopener\">grand parc de la Plaine du Var<\/a>, etc), 16,2 pour l\u2019\u00e9ducation, 15,5 pour la lutte contre la d\u00e9linquance, ou encore 14,3 pour les chantiers culturels et 12 pour la coh\u00e9sion sociale. Le maire a\u00a0d\u2019ailleurs <a href=\"https:\/\/nicepresse.com\/christian-estrosi-a-nice-presse-10-maisons-de-sante-ouvertes-avant-2029-aux-quatre-coins-de-la-ville\/\" data-wpel-link=\"internal\" target=\"_blank\" rel=\"noopener\">annonc\u00e9 \u00e0\u00a0Nice-Presse<\/a> il y\u00a0a quelques jours vouloir ouvrir, s\u2019il est r\u00e9\u00e9lu, dix maisons de sant\u00e9 aux quatre coins de la ville \u00ab\u00a0d\u2019ici \u00e0\u00a02029\u00a0\u00bb (quartiers nord, l\u2019Ariane, M\u00e9ridia, etc).<\/p>\n<p><img loading=\"lazy\" decoding=\"async\" width=\"1042\" height=\"586\" src=\"https:\/\/www.europesays.com\/fr\/wp-content\/uploads\/2025\/12\/IMG_6738-2.jpg\" alt=\"Pierre Paul Leonelli\" class=\"wp-image-176817\" title=\"S\u00e9curit\u00e9, espaces verts... Que retenir des 100 millions d'euros d'investissement vot\u00e9s \u00e0 Nice avec le budget 2026 ? 2\"  \/><\/p>\n<p>Le patron de la majorit\u00e9 Pierre-Paul L\u00e9onelli a\u00a0appuy\u00e9, dans un commentaire apr\u00e8s la s\u00e9ance, \u00ab\u00a0un budget responsable et ambitieux, avec aucune hausse des imp\u00f4ts locaux ni des tarifs municipaux, un d\u00e9sendettement solide, malgr\u00e9 une contribution au redressement de l\u2019\u00c9tat fix\u00e9e \u00e0\u00a014,7 millions d\u2019euros\u00a0\u00bb.<\/p>\n<p>Le groupe de l\u2019opposition d\u2019extr\u00eame droite, par un propos tr\u00e8s g\u00e9n\u00e9ral, a\u00a0d\u00e9nonc\u00e9 \u00ab\u00a0une ville qui se verdit \u00e0\u00a0toute h\u00e2te, du <strong>b\u00e9ton repeint en vert<\/strong> et une<strong> fiscalit\u00e9 trop lourde<\/strong> qui ne manquera pas de rendre les contribuables verts de rage.\u00a0\u00bb <\/p>\n<p>Val\u00e9rie Delpech \u00e9pingle \u00ab\u00a0<strong>un client\u00e9lisme manifeste<\/strong>, pens\u00e9 pour les retrait\u00e9s, tant pis pour les Smicards !\u00bb et des \u00ab\u00a0prix de l\u2019immobilier qui ont grimp\u00e9, au d\u00e9triment des familles ni\u00e7oises, dont les revenus n\u2019ont \u00e9videmment pas\u00a0suivi\u00a0\u00bb.<\/p>\n<blockquote class=\"twitter-tweet\">\n<p lang=\"fr\" dir=\"ltr\">Je suis intervenu sur le budget 2026 de la ville de Nice\u00a0: le montant des investissements n\u2019est toujours pas \u00e0\u00a0la hauteur de la promesse faite en 2024, au moment de l\u2019augmentation des imp\u00f4ts locaux de 19,2\u00a0% !<a href=\"https:\/\/t.co\/hfLt1QtzH5\" data-wpel-link=\"external\" target=\"_blank\" rel=\"external noopener noreferrer\" class=\"wpel-icon-right\">https:\/\/t.co\/hfLt1QtzH5<\/a><\/p>\n<p><a href=\"https:\/\/www.nice.fr\/noel-a-nice\/\" data-wpel-link=\"external\" target=\"_blank\" rel=\"external noopener noreferrer\"><img loading=\"lazy\" decoding=\"async\" width=\"300\" height=\"300\" src=\"https:\/\/www.europesays.com\/fr\/wp-content\/uploads\/2025\/11\/NoelNice_Coeur-Article-NicePresse-300x300-2.png\" alt=\"\" class=\"wp-image-260426\"\/><\/a><\/p>\n<p>\u2009\u2014\u2009Jean-Christophe Picard (@JC_Picard) <a href=\"https:\/\/twitter.com\/JC_Picard\/status\/2001591156476645527?ref_src=twsrc%5Etfw\" target=\"_blank\" rel=\"noopener external noreferrer\" data-wpel-link=\"external\" class=\"wpel-icon-right\">December 18,\u00a02025<\/a><\/p><\/blockquote>\n<p>Avec Jean-Christophe Picard, les Verts ont plaisant\u00e9 du d\u00e9sendettement affich\u00e9, \u00ab\u00a0rendu possible gr\u00e2ce \u00e0\u00a0la hausse de la taxe fonci\u00e8re\u00a0\u00bb, \u00ab\u00a0un<strong> investissement insuffisant<\/strong> et g\u00e9n\u00e9ralement inf\u00e9rieur \u00e0\u00a0ce qui est pr\u00e9sent\u00e9\u00a0\u00bb et \u00ab\u00a0un budget de toute fa\u00e7on provisoire qui sera modifi\u00e9 par la prochaine \u00e9quipe municipale\u00a0\u00bb, si alternance il y\u00a0a. Christian Estrosi a\u00a0conclu les d\u00e9bats en s\u2019aga\u00e7ant de groupes politiques \u00ab\u00a0qui n\u2019ont soumis aucun amendement et qui, de toute fa\u00e7on, <strong>ne proposent jamais rien<\/strong>\u2026\u00bb<\/p>\n<p>\t<script async src=\"https:\/\/platform.twitter.com\/widgets.js\" charset=\"utf-8\"><\/script><\/p>\n","protected":false},"excerpt":{"rendered":"Il reste moins de trois mois avant la prochaine \u00e9lection ni\u00e7oise. Le conseil municipal a\u00a0valid\u00e9 les grandes orientations&hellip;\n","protected":false},"author":2,"featured_media":618918,"comment_status":"","ping_status":"","sticky":false,"template":"","format":"standard","meta":{"footnotes":""},"categories":[2819],"tags":[1111,11,1777,674,1011,27,12,2401,882,25],"class_list":{"0":"post-618917","1":"post","2":"type-post","3":"status-publish","4":"format-standard","5":"has-post-thumbnail","7":"category-nice","8":"tag-actu","9":"tag-actualites","10":"tag-eu","11":"tag-europe","12":"tag-fr","13":"tag-france","14":"tag-news","15":"tag-nice","16":"tag-provence-alpes-cote-dazur","17":"tag-republique-francaise"},"share_on_mastodon":{"url":"https:\/\/pubeurope.com\/@fr\/115771686156756177","error":""},"_links":{"self":[{"href":"https:\/\/www.europesays.com\/fr\/wp-json\/wp\/v2\/posts\/618917","targetHints":{"allow":["GET"]}}],"collection":[{"href":"https:\/\/www.europesays.com\/fr\/wp-json\/wp\/v2\/posts"}],"about":[{"href":"https:\/\/www.europesays.com\/fr\/wp-json\/wp\/v2\/types\/post"}],"author":[{"embeddable":true,"href":"https:\/\/www.europesays.com\/fr\/wp-json\/wp\/v2\/users\/2"}],"replies":[{"embeddable":true,"href":"https:\/\/www.europesays.com\/fr\/wp-json\/wp\/v2\/comments?post=618917"}],"version-history":[{"count":0,"href":"https:\/\/www.europesays.com\/fr\/wp-json\/wp\/v2\/posts\/618917\/revisions"}],"wp:featuredmedia":[{"embeddable":true,"href":"https:\/\/www.europesays.com\/fr\/wp-json\/wp\/v2\/media\/618918"}],"wp:attachment":[{"href":"https:\/\/www.europesays.com\/fr\/wp-json\/wp\/v2\/media?parent=618917"}],"wp:term":[{"taxonomy":"category","embeddable":true,"href":"https:\/\/www.europesays.com\/fr\/wp-json\/wp\/v2\/categories?post=618917"},{"taxonomy":"post_tag","embeddable":true,"href":"https:\/\/www.europesays.com\/fr\/wp-json\/wp\/v2\/tags?post=618917"}],"curies":[{"name":"wp","href":"https:\/\/api.w.org\/{rel}","templated":true}]}}