{"id":618919,"date":"2025-12-24T00:22:13","date_gmt":"2025-12-24T00:22:13","guid":{"rendered":"https:\/\/www.europesays.com\/fr\/618919\/"},"modified":"2025-12-24T00:22:13","modified_gmt":"2025-12-24T00:22:13","slug":"nice-previsions-meteo-du-mardi-23-decembre-2025","status":"publish","type":"post","link":"https:\/\/www.europesays.com\/fr\/618919\/","title":{"rendered":"Nice : pr\u00e9visions m\u00e9t\u00e9o du mardi 23 d\u00e9cembre 2025"},"content":{"rendered":"<p>\u00c0 Nice, la journ\u00e9e du mardi 23 d\u00e9cembre 2025 sera marqu\u00e9e par un ciel tr\u00e8s nuageux et des temp\u00e9ratures douces comprises entre 10 et 14 \u00b0C. Un risque de pluie faible \u00e0 mod\u00e9r\u00e9 est attendu, avec des vents mod\u00e9r\u00e9s venant du nord-est.<\/p>\n<p>    Alerte en cours<\/p>\n<p>Le d\u00e9partement des Alpes-Maritimes reste plac\u00e9 aujourd\u2019hui en vigilance <b>Jaune<\/b> pour <b>Avalanche<\/b> et <b>Inondations<\/b> depuis 00 h. Les ph\u00e9nom\u00e8nes attendus demeurent courants, mais peuvent devenir localement dangereux, notamment en arri\u00e8re-pays et dans les secteurs torrentiels.<\/p>\n<p>Il est conseill\u00e9 d\u2019\u00e9viter les zones de relief instable, de rester attentif \u00e0 une \u00e9ventuelle mont\u00e9e des cours d\u2019eau et de consulter r\u00e9guli\u00e8rement <a href=\"https:\/\/www.meteocity.com\/france\/alertes\" target=\"_blank\" rel=\"noopener\">notre page d\u00e9di\u00e9e aux alertes m\u00e9t\u00e9orologiques<\/a> afin de suivre l\u2019\u00e9volution de la situation en temps r\u00e9el.<\/p>\n<p>Matin : lever du soleil \u00e0 08 h 02<\/p>\n<p>\u00c0 Nice, le soleil se l\u00e8ve \u00e0 8 h 02, mais reste cach\u00e9 derri\u00e8re les nuages. \u00c0 9 h, le ciel est tr\u00e8s nuageux avec une temp\u00e9rature de <b>13 \u00b0C<\/b>, ressentie <b>10 \u00b0C<\/b> sous l\u2019influence d\u2019un flux de nord-est.<\/p>\n<ul>\n<li><b>Humidit\u00e9<\/b> : 62 %<\/li>\n<li><b>Pression<\/b> : 1 006 hPa<\/li>\n<li><b>Risque de pluie<\/b> : 70 %, pr\u00e9cipitations n\u00e9gligeables<\/li>\n<\/ul>\n<p>Le vent souffle mod\u00e9r\u00e9ment \u00e0 14 km\/h, sans provoquer de rafales notables. Les d\u00e9placements s\u2019effectuent ainsi sans contrainte particuli\u00e8re, mais il reste prudent de pr\u00e9voir un imperm\u00e9able pour se prot\u00e9ger des bruines \u00e9parses.<\/p>\n<p>Apr\u00e8s-midi<\/p>\n<p>En milieu de journ\u00e9e, la couverture nuageuse se maintient. \u00c0 15 h, le thermom\u00e8tre affiche <b>14 \u00b0C<\/b> pour un ressenti de <b>11 \u00b0C<\/b>. L\u2019humidit\u00e9 reste pr\u00e9sente \u00e0 61 %, tandis que le risque de pluie recule \u00e0 50 %.<\/p>\n<ul>\n<li><b>Pression<\/b> : 1 007 hPa, tendance stable<\/li>\n<li><b>Vent<\/b> : 16 km\/h d\u2019est<\/li>\n<li><b>Rafale maximale pr\u00e9vue aujourd\u2019hui<\/b> : 41 km\/h du nord-est<\/li>\n<\/ul>\n<p>La faible luminosit\u00e9 att\u00e9nue l\u2019impression de douceur hivernale. Il demeure possible de profiter des activit\u00e9s ext\u00e9rieures, \u00e0 condition de garder un parapluie l\u00e9ger \u00e0 port\u00e9e de main, surtout en bord de mer o\u00f9 l\u2019air marin accentue la sensation de fra\u00eecheur.<\/p>\n<p>Soir : coucher du soleil \u00e0 16 h 57<\/p>\n<p>\u00c0 16 h 57, le soleil dispara\u00eet \u00e0 l\u2019horizon, laissant place \u00e0 une soir\u00e9e grise. \u00c0 21 h, la pluie reprend faiblement, avec une temp\u00e9rature de <b>10 \u00b0C<\/b> et un ressenti de <b>8 \u00b0C<\/b>, tandis que l\u2019humidit\u00e9 atteint 81 %.<\/p>\n<ul>\n<li><b>Pression<\/b> : 1 008 hPa<\/li>\n<li><b>Vent<\/b> : 8 km\/h de nord, sans rafales<\/li>\n<li>Pr\u00e9cipitations totales pr\u00e9vues sur la journ\u00e9e : 1,9 mm<\/li>\n<\/ul>\n<p>Les chauss\u00e9es risquent d\u2019\u00eatre glissantes lors des averses intermittentes. Il est recommand\u00e9 d\u2019adapter sa vitesse, d\u2019\u00e9viter les deux-roues pour les longs trajets et de bien couvrir les enfants \u00e0 la sortie du march\u00e9 de No\u00ebl.<\/p>\n<p>Tendance g\u00e9n\u00e9rale pour le lendemain<\/p>\n<p>Dans la nuit de mardi \u00e0 mercredi, le ciel devient plus variable. \u00c0 0 h, on rel\u00e8vera <b>9 \u00b0C<\/b>, ressentis <b>5 \u00b0C<\/b>. Le vent, calme \u00e0 10 km\/h de nord, accompagne une pluie quasiment inexistante.<\/p>\n<p>La journ\u00e9e du 24 d\u00e9cembre devrait rester instable sous un r\u00e9gime de pluie faible. Les temp\u00e9ratures attendues s\u2019\u00e9tendront de <b>9 \u00e0 14 \u00b0C<\/b>, avec un ressenti compris entre <b>6 et 12 \u00b0C<\/b>. Les rafales resteront modestes, en dessous de 20 km\/h.<\/p>\n<p>Cette s\u00e9rie de perturbations hivernales, sans grand froid, s\u2019explique par un minimum d\u00e9pressionnaire descendant \u00e0 <b>981 hPa<\/b>. De telles situations humides sont plus fr\u00e9quentes sur le littoral m\u00e9diterran\u00e9en, un signe coh\u00e9rent avec le r\u00e9chauffement global qui favorise l\u2019humidit\u00e9.<\/p>\n<p>Pour organiser vos sorties culturelles, du Vieux-Nice \u00e0 la colline du Ch\u00e2teau, n\u2019h\u00e9sitez pas \u00e0 consulter <a href=\"https:\/\/www.meteocity.com\/france\/nice-v2990440\" target=\"_blank\" rel=\"noopener\">notre bulletin d\u00e9taill\u00e9<\/a> mis \u00e0 jour tout au long de la journ\u00e9e.<\/p>\n","protected":false},"excerpt":{"rendered":"\u00c0 Nice, la journ\u00e9e du mardi 23 d\u00e9cembre 2025 sera marqu\u00e9e par un ciel tr\u00e8s nuageux et des&hellip;\n","protected":false},"author":2,"featured_media":618920,"comment_status":"","ping_status":"","sticky":false,"template":"","format":"standard","meta":{"footnotes":""},"categories":[2819],"tags":[1111,11,1777,674,1011,27,12,2401,882,25],"class_list":{"0":"post-618919","1":"post","2":"type-post","3":"status-publish","4":"format-standard","5":"has-post-thumbnail","7":"category-nice","8":"tag-actu","9":"tag-actualites","10":"tag-eu","11":"tag-europe","12":"tag-fr","13":"tag-france","14":"tag-news","15":"tag-nice","16":"tag-provence-alpes-cote-dazur","17":"tag-republique-francaise"},"share_on_mastodon":{"url":"https:\/\/pubeurope.com\/@fr\/115771692998269772","error":""},"_links":{"self":[{"href":"https:\/\/www.europesays.com\/fr\/wp-json\/wp\/v2\/posts\/618919","targetHints":{"allow":["GET"]}}],"collection":[{"href":"https:\/\/www.europesays.com\/fr\/wp-json\/wp\/v2\/posts"}],"about":[{"href":"https:\/\/www.europesays.com\/fr\/wp-json\/wp\/v2\/types\/post"}],"author":[{"embeddable":true,"href":"https:\/\/www.europesays.com\/fr\/wp-json\/wp\/v2\/users\/2"}],"replies":[{"embeddable":true,"href":"https:\/\/www.europesays.com\/fr\/wp-json\/wp\/v2\/comments?post=618919"}],"version-history":[{"count":0,"href":"https:\/\/www.europesays.com\/fr\/wp-json\/wp\/v2\/posts\/618919\/revisions"}],"wp:featuredmedia":[{"embeddable":true,"href":"https:\/\/www.europesays.com\/fr\/wp-json\/wp\/v2\/media\/618920"}],"wp:attachment":[{"href":"https:\/\/www.europesays.com\/fr\/wp-json\/wp\/v2\/media?parent=618919"}],"wp:term":[{"taxonomy":"category","embeddable":true,"href":"https:\/\/www.europesays.com\/fr\/wp-json\/wp\/v2\/categories?post=618919"},{"taxonomy":"post_tag","embeddable":true,"href":"https:\/\/www.europesays.com\/fr\/wp-json\/wp\/v2\/tags?post=618919"}],"curies":[{"name":"wp","href":"https:\/\/api.w.org\/{rel}","templated":true}]}}