{"id":618923,"date":"2025-12-24T00:25:15","date_gmt":"2025-12-24T00:25:15","guid":{"rendered":"https:\/\/www.europesays.com\/fr\/618923\/"},"modified":"2025-12-24T00:25:15","modified_gmt":"2025-12-24T00:25:15","slug":"une-etudiante-de-sciences-po-bordeaux-accuse-un-salarie-de-letablissement-parisien-dharcelement-sexuel","status":"publish","type":"post","link":"https:\/\/www.europesays.com\/fr\/618923\/","title":{"rendered":"Une \u00e9tudiante de Sciences Po Bordeaux accuse un salari\u00e9 de l\u2019\u00e9tablissement parisien d\u2019harc\u00e8lement sexuel"},"content":{"rendered":"<p>\u00ab\u00a0Vendredi 12\u00a0d\u00e9cembre dans l\u2019apr\u00e8s-midi, la direction de Sciences Po a \u00e9t\u00e9 inform\u00e9e de deux signalements distincts mettant en cause un membre du personnel administratif\u00a0\u00bb pour des faits \u00ab\u00a0visant des lyc\u00e9ennes d\u2019un lyc\u00e9e partenaire, dans le cadre des Conventions d\u2019\u00e9ducation prioritaire (CEP)\u00a0\u00bb, a indiqu\u00e9 Sciences Po Paris dans un communiqu\u00e9. Re\u00e7u le lundi suivant par la direction, le salari\u00e9 \u00ab\u00a0s\u2019est vu notifier une mise \u00e0 pied \u00e0 effet imm\u00e9diat, dans l\u2019attente des suites de la proc\u00e9dure pouvant conduire \u00e0 son licenciement\u00a0\u00bb, ajoute ce texte.<\/p>\n<p>Vid\u00e9o sur TikTok<\/p>\n<p>Ex-enseignant de l\u2019\u00e9cole et charg\u00e9 de mission intervenant depuis plusieurs ann\u00e9es dans le cadre de la politique d\u2019\u00e9galit\u00e9 des chances de Sciences Po (pr\u00e9sentation et ateliers men\u00e9s dans quelque 200 lyc\u00e9es), ce salari\u00e9 a \u00e9t\u00e9 accus\u00e9 par une \u00e9tudiante dans une vid\u00e9o post\u00e9e sur le r\u00e9seau social TikTok le 12\u00a0d\u00e9cembre. Dans celle-ci, cette ex-lyc\u00e9enne, aujourd\u2019hui \u00e9tudiante \u00e0 Sciences Po Bordeaux, indique avoir \u00e9t\u00e9 \u00ab\u00a0victime de harc\u00e8lement sexuel par un professeur de Sciences Po (Paris) pendant un an et demi\u00a0\u00bb, alors qu\u2019elle avait 16\u00a0ans. \u00ab\u00a0Il y a une semaine, j\u2019ai appris que j\u2019\u00e9tais pas la seule\u00a0\u00bb, ajoute-t-elle, disant avoir appris que dans son ex-lyc\u00e9e, dans la r\u00e9gion de Bordeaux, \u00ab\u00a0il s\u2019\u00e9tait pass\u00e9 la m\u00eame chose avec une autre fille\u00a0\u00bb. Alors qu\u2019elle \u00e9tait en terminale, elle raconte avoir eu des \u00e9changes avec un professeur de Sciences Po Paris dans le cadre d\u2019un partenariat entre l\u2019\u00e9cole et son lyc\u00e9e.<\/p>\n","protected":false},"excerpt":{"rendered":"\u00ab\u00a0Vendredi 12\u00a0d\u00e9cembre dans l\u2019apr\u00e8s-midi, la direction de Sciences Po a \u00e9t\u00e9 inform\u00e9e de deux signalements distincts mettant en&hellip;\n","protected":false},"author":2,"featured_media":618924,"comment_status":"","ping_status":"","sticky":false,"template":"","format":"standard","meta":{"footnotes":""},"categories":[2817],"tags":[1111,11,1997,1777,674,1011,27,12,2219,25],"class_list":{"0":"post-618923","1":"post","2":"type-post","3":"status-publish","4":"format-standard","5":"has-post-thumbnail","7":"category-bordeaux","8":"tag-actu","9":"tag-actualites","10":"tag-bordeaux","11":"tag-eu","12":"tag-europe","13":"tag-fr","14":"tag-france","15":"tag-news","16":"tag-nouvelle-aquitaine","17":"tag-republique-francaise"},"share_on_mastodon":{"url":"https:\/\/pubeurope.com\/@fr\/115771704975525855","error":""},"_links":{"self":[{"href":"https:\/\/www.europesays.com\/fr\/wp-json\/wp\/v2\/posts\/618923","targetHints":{"allow":["GET"]}}],"collection":[{"href":"https:\/\/www.europesays.com\/fr\/wp-json\/wp\/v2\/posts"}],"about":[{"href":"https:\/\/www.europesays.com\/fr\/wp-json\/wp\/v2\/types\/post"}],"author":[{"embeddable":true,"href":"https:\/\/www.europesays.com\/fr\/wp-json\/wp\/v2\/users\/2"}],"replies":[{"embeddable":true,"href":"https:\/\/www.europesays.com\/fr\/wp-json\/wp\/v2\/comments?post=618923"}],"version-history":[{"count":0,"href":"https:\/\/www.europesays.com\/fr\/wp-json\/wp\/v2\/posts\/618923\/revisions"}],"wp:featuredmedia":[{"embeddable":true,"href":"https:\/\/www.europesays.com\/fr\/wp-json\/wp\/v2\/media\/618924"}],"wp:attachment":[{"href":"https:\/\/www.europesays.com\/fr\/wp-json\/wp\/v2\/media?parent=618923"}],"wp:term":[{"taxonomy":"category","embeddable":true,"href":"https:\/\/www.europesays.com\/fr\/wp-json\/wp\/v2\/categories?post=618923"},{"taxonomy":"post_tag","embeddable":true,"href":"https:\/\/www.europesays.com\/fr\/wp-json\/wp\/v2\/tags?post=618923"}],"curies":[{"name":"wp","href":"https:\/\/api.w.org\/{rel}","templated":true}]}}