{"id":618925,"date":"2025-12-24T00:26:20","date_gmt":"2025-12-24T00:26:20","guid":{"rendered":"https:\/\/www.europesays.com\/fr\/618925\/"},"modified":"2025-12-24T00:26:20","modified_gmt":"2025-12-24T00:26:20","slug":"le-point-sur-les-24-et-25-decembre-a-bordeaux","status":"publish","type":"post","link":"https:\/\/www.europesays.com\/fr\/618925\/","title":{"rendered":"le point sur les 24 et 25 d\u00e9cembre \u00e0 Bordeaux"},"content":{"rendered":"<p>                    Par<br \/>\n        <strong><br \/>\n            <a href=\"https:\/\/actu.fr\/auteur\/juliette-cardinale\" title=\"Consulter tous les articles de Juliette Cardinale\" target=\"_blank\" rel=\"noopener\">Juliette Cardinale<\/a><br \/>\n                    <\/strong><\/p>\n<p>        Publi\u00e9 le<\/p>\n<p>            23 d\u00e9c. 2025 \u00e0 16h32        <\/p>\n<p>Le 25\u00a0d\u00e9cembre, jour f\u00e9ri\u00e9, tombe un jeudi cette ann\u00e9e. Or c\u2019est jour de collecte des d\u00e9chets \u00e0 <a href=\"https:\/\/actu.fr\/bordeaux\/\" target=\"_blank\" rel=\"noopener\">Bordeaux.<\/a> Les \u00e9boueurs vont-ils passer\u2009? \u00c0\u00a0quelques jours de No\u00ebl, actu Bordeaux\u00a0fait le point sur la <strong>c<\/strong><strong>ollecte des poubelles,<\/strong> les services publics et les transports.<\/p>\n<p>Le ramassage des d\u00e9chets<\/p>\n<p class=\" wall-content\">Dans l\u2019hypercentre de Bordeaux, les bacs sont collect\u00e9s comme d\u2019habitude. \u00ab\u2009En raison de l\u2019affluence de personnes pendant la nuit dans le secteur\u2009\u00bb, la <strong>collecte est avanc\u00e9e \u00e0 16h au lieu de 21h<\/strong> le mercredi 24\u00a0d\u00e9cembre.<\/p>\n<p class=\" wall-content\">\u00ab\u2009Les usagers r\u00e9sidant dans un immeuble <strong>riverain du tramway,<\/strong> c\u00f4t\u00e9 voies, sont pri\u00e9s de fa\u00e7on exceptionnelle de pr\u00e9senter les bacs sur le trottoir oppos\u00e9 disposant d\u2019une voie de circulation en dehors des voies de tramway\u2009\u00bb, pr\u00e9cise <a href=\"https:\/\/actu.fr\/tag\/bordeaux-metropole\" target=\"_blank\" rel=\"noopener\">Bordeaux M\u00e9tropole.<\/a> Les riverains sont aussi invit\u00e9s \u00e0 rentrer leur bac le plus rapidement possible apr\u00e8s le passage de la benne.<\/p>\n<p class=\" wall-content\">Dans <strong>l\u2019intra-boulevards<\/strong> de Bordeaux (rive gauche), les bacs de tri seront collect\u00e9s, mais non les bacs noirs. Dans les autres communes et en <strong>extra-boulevards<\/strong> de Bordeaux, c\u2019est l\u2019inverse\u2009: les bacs noirs sont collect\u00e9s, les bacs de tri non collect\u00e9s.<\/p>\n<p class=\" wall-content\">Les <strong>d\u00e9chetteries<\/strong> de la M\u00e9tropole fermeront \u00e0 12h30 le 24\u00a0d\u00e9cembre et le resteront le 25\u00a0d\u00e9cembre.<\/p>\n<p>Les transports<\/p>\n<p class=\" wall-content\">Le jour de No\u00ebl, comme pour tous les jours f\u00e9ri\u00e9s, chaque tramway, bus et bato circulent en <strong>horaires du dimanche<\/strong> sur le r\u00e9seau TBM.<\/p>\n<p class=\" wall-content\">La veille, mercredi 24\u00a0d\u00e9cembre, les lianes et le service Flexo circuleront <strong>jusqu\u2019\u00e0 1h du matin.<\/strong> \u00ab\u2009A votre disposition, 186 stations V\u00e9lo, 24\/24h et 7\/7j\u2009\u00bb, <a href=\"https:\/\/www.infotbm.com\/fr\/perturbations\/ligne\/line%3ABMA%3A59\/ea169cf0-daae-11f0-b5d1-0a58a9feac02\" target=\"_blank\" rel=\"noopener\">rappelle TBM.<\/a><\/p>\n<p>Votre r\u00e9gion, votre actu !<\/p>\n<p>Recevez chaque jour les infos qui comptent pour vous.<\/p>\n<p>\t<a href=\"https:\/\/actu.fr\/newsletter\" class=\"ac-btn ac-btn--corner ac-btn--medium ac-btn--blue800\" target=\"_blank\" rel=\"noopener\">S&rsquo;incrire<\/a><br \/>\nLes services publics<\/p>\n<p class=\" wall-content\">Les services d\u2019accueil <strong>de l\u2019H\u00f4tel de ville<\/strong>, de la Cit\u00e9 municipale et des mairies de quartiers fermeront \u00e0 16\u00a0heures le 24\u00a0d\u00e9cembre, et seront\u00a0<strong>ferm\u00e9s toute la journ\u00e9e<\/strong> mercredi 25\u00a0d\u00e9cembre.<\/p>\n<p class=\" wall-content\">Les march\u00e9s, <strong>biblioth\u00e8ques,<\/strong> \u00e9tablissements culturels, <strong>piscines<\/strong>, salles de sport et stades municipaux seront\u00a0ferm\u00e9s le 25\u00a0d\u00e9cembre.\u00a0Ils fermeront plus t\u00f4t que d\u2019habitude (16h ou 17h suivant les cas) le soir du r\u00e9veillon de No\u00ebl.<\/p>\n<p class=\" wall-content\">Les <strong>parcs et jardins<\/strong> seront\u00a0ouverts\u00a0aux horaires habituels les deux jours.<\/p>\n<p class=\" wall-content\">Personnalisez votre actualit\u00e9 en ajoutant vos villes et m\u00e9dias en favori avec <a href=\"https:\/\/moncompte.actu.fr\" title=\"D\u00e9couvez Mon Actu\" rel=\"nofollow noopener\" data-trk=\"{&quot;cta&quot;:{&quot;action&quot;:&quot;https:\\\/\\\/moncompte.actu.fr&quot;,&quot;category&quot;:&quot;mon compte&quot;,&quot;from&quot;:&quot;article footer&quot;,&quot;name&quot;:&quot;Mon actu&quot;,&quot;type&quot;:&quot;cta&quot;}}\" target=\"_blank\">Mon Actu<\/a>.<\/p>\n","protected":false},"excerpt":{"rendered":"Par Juliette Cardinale Publi\u00e9 le 23 d\u00e9c. 2025 \u00e0 16h32 Le 25\u00a0d\u00e9cembre, jour f\u00e9ri\u00e9, tombe un jeudi cette&hellip;\n","protected":false},"author":2,"featured_media":522962,"comment_status":"","ping_status":"","sticky":false,"template":"","format":"standard","meta":{"footnotes":""},"categories":[2817],"tags":[1111,11,1997,2904,3008,1777,674,1011,27,12,15830,2219,25,104],"class_list":{"0":"post-618925","1":"post","2":"type-post","3":"status-publish","4":"format-standard","5":"has-post-thumbnail","7":"category-bordeaux","8":"tag-actu","9":"tag-actualites","10":"tag-bordeaux","11":"tag-bordeaux-metropole","12":"tag-dechets","13":"tag-eu","14":"tag-europe","15":"tag-fr","16":"tag-france","17":"tag-news","18":"tag-noel","19":"tag-nouvelle-aquitaine","20":"tag-republique-francaise","21":"tag-societe"},"share_on_mastodon":{"url":"https:\/\/pubeurope.com\/@fr\/115771708951711891","error":""},"_links":{"self":[{"href":"https:\/\/www.europesays.com\/fr\/wp-json\/wp\/v2\/posts\/618925","targetHints":{"allow":["GET"]}}],"collection":[{"href":"https:\/\/www.europesays.com\/fr\/wp-json\/wp\/v2\/posts"}],"about":[{"href":"https:\/\/www.europesays.com\/fr\/wp-json\/wp\/v2\/types\/post"}],"author":[{"embeddable":true,"href":"https:\/\/www.europesays.com\/fr\/wp-json\/wp\/v2\/users\/2"}],"replies":[{"embeddable":true,"href":"https:\/\/www.europesays.com\/fr\/wp-json\/wp\/v2\/comments?post=618925"}],"version-history":[{"count":0,"href":"https:\/\/www.europesays.com\/fr\/wp-json\/wp\/v2\/posts\/618925\/revisions"}],"wp:featuredmedia":[{"embeddable":true,"href":"https:\/\/www.europesays.com\/fr\/wp-json\/wp\/v2\/media\/522962"}],"wp:attachment":[{"href":"https:\/\/www.europesays.com\/fr\/wp-json\/wp\/v2\/media?parent=618925"}],"wp:term":[{"taxonomy":"category","embeddable":true,"href":"https:\/\/www.europesays.com\/fr\/wp-json\/wp\/v2\/categories?post=618925"},{"taxonomy":"post_tag","embeddable":true,"href":"https:\/\/www.europesays.com\/fr\/wp-json\/wp\/v2\/tags?post=618925"}],"curies":[{"name":"wp","href":"https:\/\/api.w.org\/{rel}","templated":true}]}}