{"id":618926,"date":"2025-12-24T00:27:20","date_gmt":"2025-12-24T00:27:20","guid":{"rendered":"https:\/\/www.europesays.com\/fr\/618926\/"},"modified":"2025-12-24T00:27:20","modified_gmt":"2025-12-24T00:27:20","slug":"patinoires-parades-des-animations-feeriques-pour-noel-dans-ces-deux-villes-entre-toulouse-et-carcassonne","status":"publish","type":"post","link":"https:\/\/www.europesays.com\/fr\/618926\/","title":{"rendered":"Patinoires, parades\u2026 Des animations f\u00e9eriques pour No\u00ebl dans ces deux villes entre Toulouse et Carcassonne"},"content":{"rendered":"<p>                    Par<br \/>\n        <strong><br \/>\n            <a href=\"https:\/\/actu.fr\/auteur\/valentine-gaxieu-actu-fr\" title=\"Consulter tous les articles de Valentine Gaxieu\" target=\"_blank\" rel=\"noopener\">Valentine Gaxieu<\/a><br \/>\n                    <\/strong><\/p>\n<p>        Publi\u00e9 le<\/p>\n<p>            23 d\u00e9c. 2025 \u00e0 11h21        <\/p>\n<p>\u00c0 quelques heures de <b>No\u00ebl<\/b>, l\u2019esprit chaleureux et festif des <b>f\u00eates de fin d\u2019ann\u00e9e<\/b> s\u2019installe dans le <a href=\"https:\/\/actu.fr\/voix-du-midi-lauragais\/\" target=\"_blank\" rel=\"noopener\">Lauragais<\/a>. L\u2019heure pour petits et grands <b>d\u2019enfiler leurs patins<\/b> \u2013 peut-\u00eatre pour la premi\u00e8re fois pour certains.<\/p>\n<p class=\" wall-content\">Et inutile d\u2019aller jusqu\u2019\u00e0 Toulouse ou Carcassonne pour slalomer sur la glace. Les traditionnelles <b>patinoires<\/b> \u2013 ainsi que d\u2019autres animations de No\u00ebl \u2013 ont fait leur retour \u00e0 <a href=\"https:\/\/actu.fr\/occitanie\/castelnaudary_11076\" target=\"_blank\" rel=\"noopener\">Castelnaudary<\/a> et <a href=\"https:\/\/actu.fr\/occitanie\/castanet-tolosan_31113\" target=\"_blank\" rel=\"noopener\">Castanet-Tolosan<\/a>.<\/p>\n<p>Patinoire et parades \u00e0 Castelnaudary<\/p>\n<p class=\" wall-content\">La patinoire de l\u2019Office de tourisme chaurien, install\u00e9e dans la Halle aux grains, est ouverte au public depuis le 19\u00a0d\u00e9cembre et <b>jusqu\u2019au 28\u00a0d\u00e9cembre<\/b>, de 14\u2009h \u00e0 18\u2009h. <b>Un espace buvette et de restauration sucr\u00e9e<\/b> a \u00e9t\u00e9 mis en place pour l\u2019occasion. Il faut d\u00e9bourser <b>3 \u20ac pour profiter de 30 minutes de glisse<\/b>.<\/p>\n<p class=\" wall-content\">Ce mardi 23\u00a0d\u00e9cembre apr\u00e8s-midi, une <b>\u00ab\u2009parade enchant\u00e9e\u2009\u00bb et une \u00ab\u2009parade f\u00e9erique\u2009\u00bb<\/b> sont\u00a0\u00e9galement pr\u00e9vues en centre-ville, \u00e0 15\u2009h et \u00e0 17\u2009h.<\/p>\n<p>Vid\u00e9os : en ce moment sur ActuVillage f\u00e9erique \u00e0 Castanet-Tolosan<\/p>\n<p class=\" wall-content\">\u00c0 Castanet-Tolosan, le <b>village des f\u00e9eries de No\u00ebl<\/b> s\u2019est install\u00e9 sur le parvis de la Maison des savoirs,<b> jusqu\u2019au dimanche 28\u00a0d\u00e9cembre<\/b>. La patinoire sera ouverte tous les jours de 11 h \u00e0 13 h et de 14 h \u00e0 19 h (fermeture \u00e0 12 h le 24 d\u00e9cembre et toute la journ\u00e9e du 25 d\u00e9cembre).<\/p>\n<p class=\" wall-content\">Des animations pour petits et grands sont \u00e9galement pr\u00e9vues, <b>dont les man\u00e8ges<\/b>, accessibles du lundi au vendredi de 14\u2009h\u200930 \u00e0 19\u2009h\u200930 et les week-ends de 11\u2009h \u00e0 13\u2009h et de 14\u2009h \u00e0 19\u2009h\u200930.<\/p>\n<p>Votre r\u00e9gion, votre actu !<\/p>\n<p>Recevez chaque jour les infos qui comptent pour vous.<\/p>\n<p>\t<a href=\"https:\/\/actu.fr\/newsletter\" class=\"ac-btn ac-btn--corner ac-btn--medium ac-btn--blue800\" target=\"_blank\" rel=\"noopener\">S&rsquo;incrire<\/a><\/p>\n<p class=\" wall-content\">Une <b>boum d\u00e9guis\u00e9e<\/b> (avec gouter) ouverte \u00e0 tous est aussi organis\u00e9e \u00e0 l\u2019Auditorium Jacques-Brel, le samedi 27 d\u00e9cembre \u00e0 15 h 30.<\/p>\n<p class=\" wall-content\">Personnalisez votre actualit\u00e9 en ajoutant vos villes et m\u00e9dias en favori avec <a href=\"https:\/\/moncompte.actu.fr\" title=\"D\u00e9couvez Mon Actu\" rel=\"nofollow noopener\" data-trk=\"{&quot;cta&quot;:{&quot;action&quot;:&quot;https:\\\/\\\/moncompte.actu.fr&quot;,&quot;category&quot;:&quot;mon compte&quot;,&quot;from&quot;:&quot;article footer&quot;,&quot;name&quot;:&quot;Mon actu&quot;,&quot;type&quot;:&quot;cta&quot;}}\" target=\"_blank\">Mon Actu<\/a>.<\/p>\n","protected":false},"excerpt":{"rendered":"Par Valentine Gaxieu Publi\u00e9 le 23 d\u00e9c. 2025 \u00e0 11h21 \u00c0 quelques heures de No\u00ebl, l\u2019esprit chaleureux et&hellip;\n","protected":false},"author":2,"featured_media":618927,"comment_status":"","ping_status":"","sticky":false,"template":"","format":"standard","meta":{"footnotes":""},"categories":[2816],"tags":[1111,11,1063,1777,674,1011,27,1652,12,15830,2680,25,2312],"class_list":{"0":"post-618926","1":"post","2":"type-post","3":"status-publish","4":"format-standard","5":"has-post-thumbnail","7":"category-toulouse","8":"tag-actu","9":"tag-actualites","10":"tag-animations","11":"tag-eu","12":"tag-europe","13":"tag-fr","14":"tag-france","15":"tag-loisirs-culture","16":"tag-news","17":"tag-noel","18":"tag-occitanie","19":"tag-republique-francaise","20":"tag-toulouse"},"share_on_mastodon":{"url":"https:\/\/pubeurope.com\/@fr\/115771712736525519","error":""},"_links":{"self":[{"href":"https:\/\/www.europesays.com\/fr\/wp-json\/wp\/v2\/posts\/618926","targetHints":{"allow":["GET"]}}],"collection":[{"href":"https:\/\/www.europesays.com\/fr\/wp-json\/wp\/v2\/posts"}],"about":[{"href":"https:\/\/www.europesays.com\/fr\/wp-json\/wp\/v2\/types\/post"}],"author":[{"embeddable":true,"href":"https:\/\/www.europesays.com\/fr\/wp-json\/wp\/v2\/users\/2"}],"replies":[{"embeddable":true,"href":"https:\/\/www.europesays.com\/fr\/wp-json\/wp\/v2\/comments?post=618926"}],"version-history":[{"count":0,"href":"https:\/\/www.europesays.com\/fr\/wp-json\/wp\/v2\/posts\/618926\/revisions"}],"wp:featuredmedia":[{"embeddable":true,"href":"https:\/\/www.europesays.com\/fr\/wp-json\/wp\/v2\/media\/618927"}],"wp:attachment":[{"href":"https:\/\/www.europesays.com\/fr\/wp-json\/wp\/v2\/media?parent=618926"}],"wp:term":[{"taxonomy":"category","embeddable":true,"href":"https:\/\/www.europesays.com\/fr\/wp-json\/wp\/v2\/categories?post=618926"},{"taxonomy":"post_tag","embeddable":true,"href":"https:\/\/www.europesays.com\/fr\/wp-json\/wp\/v2\/tags?post=618926"}],"curies":[{"name":"wp","href":"https:\/\/api.w.org\/{rel}","templated":true}]}}