{"id":618930,"date":"2025-12-24T00:29:16","date_gmt":"2025-12-24T00:29:16","guid":{"rendered":"https:\/\/www.europesays.com\/fr\/618930\/"},"modified":"2025-12-24T00:29:16","modified_gmt":"2025-12-24T00:29:16","slug":"a-lille-le-public-devient-une-chorale-geante-le-temps-dun-concert-participatif-en-janvier-23-12-2025","status":"publish","type":"post","link":"https:\/\/www.europesays.com\/fr\/618930\/","title":{"rendered":"\u00c0 Lille, le public devient une chorale g\u00e9ante le temps d\u2019un concert participatif en janvier &#8211; 23\/12\/2025"},"content":{"rendered":"<p>Le 30 janvier 2026, au Th\u00e9\u00e2tre S\u00e9bastopol \u00e0 Lille, la cheffe de ch\u0153ur Clairie propose Ce soir, on chante !, un concert participatif o\u00f9 vous, le public, \u00eates invit\u00e9\u00b7es \u00e0 chanter pour vivre une exp\u00e9rience musicale collective qui change de d&rsquo;habitude.<\/p>\n<p>Et si, pour une fois, vous ne restiez pas sagement assis\u00b7e dans votre fauteuil ? Un concert promet de faire tomber les barri\u00e8res entre la sc\u00e8ne et la salle. Ici, pas question d\u2019applaudir timidement \u00e0 la fin : le public est carr\u00e9ment invit\u00e9 \u00e0 donner de la voix.<\/p>\n<p>Le Th\u00e9\u00e2tre S\u00e9bastopol transform\u00e9 en immense chorale<\/p>\n<p>Le rendez-vous est fix\u00e9 au Th\u00e9\u00e2tre S\u00e9bastopol, le 30 janvier,\u00a0de 19h30 \u00e0 22h30. Sur sc\u00e8ne, <b>des musicien\u00b7nes et entre 100 et 250 choristes\u00a0<\/b>donnent le ton. Face \u00e0 elleux, <b>jusqu\u2019\u00e0 2 000 spectateur\u00b7rices\u00a0<\/b>qui se transformeront en choristes d\u2019un soir. \u00c9chauffements vocaux, moments chant\u00e9s, la salle sera tout simplement une chorale \u00e9ph\u00e9m\u00e8re XXL.<\/p>\n<p>\u00c0 la baguette :\u00a0Clairie, cheffe de ch\u0153ur r\u00e9v\u00e9l\u00e9e au grand public lors de\u00a0The Voice\u00a0en 2017. C\u2019est elle qui impulse le tempo, motive la foule et embarque tout le monde dans cette exp\u00e9rience.\u00a0Le principe est simple :\u00a0tout le monde peut participer, sans niveau requis. Que vous chantiez sous la douche ou que vous n\u2019osiez jamais pousser la chansonnette, l\u2019id\u00e9e reste la m\u00eame : partager un moment collectif autour de la musique.<\/p>\n<p>\u00ab\u00a0Chanter ensemble fait du bien, et rassemble\u00a0\u00bb, r\u00e9sume Clairie, \u00e0 l\u2019origine du projet. Une conviction n\u00e9e de son exp\u00e9rience avec le\u00a0<a target=\"_blank\" href=\"https:\/\/www.vozer.fr\/2025\/08\/13\/a-lille-et-roubaix-le-labo-de-clairie-ajoute-une-nouvelle-chorale-et-change-ses-adresses\/https:\/\/www.vozer.fr\/2025\/08\/13\/a-lille-et-roubaix-le-labo-de-clairie-ajoute-une-nouvelle-chorale-et-change-ses-adresses\/\" rel=\"noopener\">Labo de Clairie<\/a>, une communaut\u00e9 de choristes qui se retrouve r\u00e9guli\u00e8rement pour chanter et cr\u00e9er du lien.<\/p>\n<p>      <a data-fslightbox=\"lightbox-74648\" data-caption=\"@Le Labo de Clairie\" href=\"https:\/\/vozer.s3.eu-west-3.amazonaws.com\/production\/1766489726\/8ntayno24de3i0f0aob9y26loiix\/cdb19664-42d7-4699-b395-970fc730b9dd.JPG\" target=\"_blank\" rel=\"noopener\"><br \/>\n        <img decoding=\"async\" class=\"mw-100 lazy\" alt=\"@Le Labo de Clairie\" lazy=\"true\" src=\"https:\/\/www.europesays.com\/fr\/wp-content\/uploads\/2025\/12\/cdb19664-42d7-4699-b395-970fc730b9dd.webp.webp\"\/><br \/>\n      <\/a><br \/>\n        @Le Labo de Clairie<\/p>\n<p>\n  Si \u00e7a vous chauffe, la billetterie est dans les infos pratiques. Pour les tarifs, ils varient selon les cat\u00e9gories et les profils, mais \u00e7a va de 12 \u00e0 32 euros.\u00a0<\/p>\n","protected":false},"excerpt":{"rendered":"Le 30 janvier 2026, au Th\u00e9\u00e2tre S\u00e9bastopol \u00e0 Lille, la cheffe de ch\u0153ur Clairie propose Ce soir, on&hellip;\n","protected":false},"author":2,"featured_media":618931,"comment_status":"","ping_status":"","sticky":false,"template":"","format":"standard","meta":{"footnotes":""},"categories":[2815],"tags":[1111,11,1777,674,1011,27,811,1307,12,25],"class_list":{"0":"post-618930","1":"post","2":"type-post","3":"status-publish","4":"format-standard","5":"has-post-thumbnail","7":"category-lille","8":"tag-actu","9":"tag-actualites","10":"tag-eu","11":"tag-europe","12":"tag-fr","13":"tag-france","14":"tag-hauts-de-france","15":"tag-lille","16":"tag-news","17":"tag-republique-francaise"},"share_on_mastodon":{"url":"https:\/\/pubeurope.com\/@fr\/115771721781509583","error":""},"_links":{"self":[{"href":"https:\/\/www.europesays.com\/fr\/wp-json\/wp\/v2\/posts\/618930","targetHints":{"allow":["GET"]}}],"collection":[{"href":"https:\/\/www.europesays.com\/fr\/wp-json\/wp\/v2\/posts"}],"about":[{"href":"https:\/\/www.europesays.com\/fr\/wp-json\/wp\/v2\/types\/post"}],"author":[{"embeddable":true,"href":"https:\/\/www.europesays.com\/fr\/wp-json\/wp\/v2\/users\/2"}],"replies":[{"embeddable":true,"href":"https:\/\/www.europesays.com\/fr\/wp-json\/wp\/v2\/comments?post=618930"}],"version-history":[{"count":0,"href":"https:\/\/www.europesays.com\/fr\/wp-json\/wp\/v2\/posts\/618930\/revisions"}],"wp:featuredmedia":[{"embeddable":true,"href":"https:\/\/www.europesays.com\/fr\/wp-json\/wp\/v2\/media\/618931"}],"wp:attachment":[{"href":"https:\/\/www.europesays.com\/fr\/wp-json\/wp\/v2\/media?parent=618930"}],"wp:term":[{"taxonomy":"category","embeddable":true,"href":"https:\/\/www.europesays.com\/fr\/wp-json\/wp\/v2\/categories?post=618930"},{"taxonomy":"post_tag","embeddable":true,"href":"https:\/\/www.europesays.com\/fr\/wp-json\/wp\/v2\/tags?post=618930"}],"curies":[{"name":"wp","href":"https:\/\/api.w.org\/{rel}","templated":true}]}}