{"id":618932,"date":"2025-12-24T00:30:27","date_gmt":"2025-12-24T00:30:27","guid":{"rendered":"https:\/\/www.europesays.com\/fr\/618932\/"},"modified":"2025-12-24T00:30:27","modified_gmt":"2025-12-24T00:30:27","slug":"du-casse-noisette-ballet-feerique-a-lille-2027","status":"publish","type":"post","link":"https:\/\/www.europesays.com\/fr\/618932\/","title":{"rendered":"Du Casse-Noisette \u2013 Ballet F\u00e9erique \u00e0 Lille 2027"},"content":{"rendered":"<p class=\"intro\">Le ballet f\u00e9erique Casse-Noisette s&rsquo;invite \u00e0 Lille le dimanche 3 janvier 2027 \u00e0 13h30 au Lille Grand Palais. Cette production magique du British Festival Ballet, dirig\u00e9e par Yassaui Mergaliyev et Sophie Mergaliyev, pr\u00e9sente pour la premi\u00e8re fois en France le c\u00e9l\u00e8bre conte de No\u00ebl de Tcha\u00efkovski. Un spectacle familial alliant la tradition de l&rsquo;\u00e9cole Vaganova \u00e0 la prouesse technique britannique, o\u00f9 la petite Marie d\u00e9couvre un monde enchant\u00e9 aux c\u00f4t\u00e9s de son casse-noisette. R\u00e9servez d\u00e8s maintenant vos billets pour cette repr\u00e9sentation exceptionnelle dans la capitale des Flandres.<\/p>\n<p>Lille accueille le British Festival Ballet avec son Casse-Noisette au Grand Palais<\/p>\n<p>Cette version du <strong>ballet f\u00e9erique Casse-Noisette<\/strong> r\u00e9unit tous les ingr\u00e9dients d&rsquo;un spectacle magique\u00a0: la musique sublime de Piotr Tcha\u00efkovski, la chor\u00e9graphie classique de Marius Petipa et l&rsquo;histoire intemporelle d&rsquo;Hoffmann. Le soir de No\u00ebl, la petite Marie re\u00e7oit un myst\u00e9rieux casse-noisette qui l&rsquo;entra\u00eene dans un tourbillon d&rsquo;aventures extraordinaires lorsque les jouets s&rsquo;animent.<\/p>\n<p><img decoding=\"async\" loading=\"lazy\" src=\"https:\/\/www.europesays.com\/fr\/wp-content\/uploads\/2025\/12\/edgar-yves---solide-tournee-2023-2024-tickets_211710_1909474_222x222.jpg\" alt=\"Casse-Noisette - Ballet F\u00e9erique - Paris &amp; Tourn\u00e9e\" class=\"border\"\/><\/p>\n<p>Le British Festival Ballet offre une interpr\u00e9tation raffin\u00e9e de cette \u0153uvre embl\u00e9matique, m\u00ealant les <strong>traditions de l&rsquo;\u00e9cole Vaganova<\/strong> \u00e0 la technique britannique. Cette compagnie performante, dirig\u00e9e par des artistes d&rsquo;exception, promet aux spectateurs lillois une v\u00e9ritable symphonie de beaut\u00e9 et de gr\u00e2ce dans la r\u00e9gion <strong>Nord-Pas-de-Calais<\/strong>. Les amateurs de <a href=\"https:\/\/www.jds.fr\/lille\/agenda\/sorties-culturelles-spectacles-expositions-cinema-470_B\" target=\"_blank\" rel=\"noopener\">spectacles culturels \u00e0 Lille<\/a> d\u00e9couvriront un conte de f\u00e9e aux <strong>costumes magnifiques<\/strong> et aux <strong>chor\u00e9graphies vari\u00e9es<\/strong>.<\/p>\n<p>Billetterie pour Casse-Noisette au Lille Grand Palais<\/p>\n<p><a class=\"btn btn-lg shadow-lg btn-primary rounded-pill fnac_link\" data-fnac=\"in_article\" href=\"https:\/\/www.awin1.com\/pclick.php?p=43296939619&amp;a=634278&amp;m=12494&amp;clickref=in_article-A-desktop\" target=\"_blank\" rel=\"nofollow noopener\"> Acheter des billets<\/a><\/p>\n<p>Les billets pour cette repr\u00e9sentation exceptionnelle au Lille Grand Palais sont propos\u00e9s de <strong>45\u00a0\u20ac \u00e0 65\u00a0\u20ac<\/strong>. Cette premi\u00e8re fran\u00e7aise du British Festival Ballet attire d\u00e9j\u00e0 l&rsquo;attention des amateurs de danse classique. N&rsquo;attendez pas pour r\u00e9server vos places et d\u00e9couvrir ce chef-d&rsquo;\u0153uvre musical dans l&rsquo;un des complexes culturels les plus prestigieux de Lille.<\/p>\n<p>Comment acc\u00e9der au Lille Grand Palais\u00a0?<\/p>\n<p>Le <a href=\"https:\/\/www.jds.fr\/lille\/parc-expo\/lille-grand-palais-15041_L\" target=\"_blank\" rel=\"noopener\">Lille Grand Palais<\/a> se situe dans le quartier d&rsquo;Euralille, en plein c\u0153ur de la m\u00e9tropole lilloise. En m\u00e9tro, les <strong>stations\u00a0\u00ab\u00a0Lille Grand Palais\u00a0\u00bb et\u00a0\u00ab\u00a0Mairie de Lille\u00a0\u00bb<\/strong> (ligne 2) se trouvent \u00e0 seulement 400 m\u00e8tres du complexe. Les lignes de bus Citadine et 18 desservent \u00e9galement le site avec des arr\u00eats d\u00e9di\u00e9s.<\/p>\n<p>En voiture, plusieurs itin\u00e9raires m\u00e8nent au venue\u00a0: depuis Paris via l&rsquo;A1, depuis Dunkerque par l&rsquo;A25 ou depuis Bruxelles via l&rsquo;A27. Le <strong>parking Grand Palais INDIGO<\/strong> offre 1 187 places avec acc\u00e8s direct, compl\u00e9t\u00e9 par plus de 7 000 places de stationnement dans un rayon de 10 minutes \u00e0 pied. Des r\u00e9servations en ligne sont possibles via Zenpark ou Onepark avec des tarifs pr\u00e9f\u00e9rentiels.<\/p>\n<p class=\"mise_en_avant\">Notre conseil\u00a0: privil\u00e9giez le m\u00e9tro ligne 2 jusqu&rsquo;\u00e0 la station\u00a0\u00ab\u00a0Lille Grand Palais\u00a0\u00bb pour un acc\u00e8s direct et sans contrainte de stationnement.<\/p>\n","protected":false},"excerpt":{"rendered":"Le ballet f\u00e9erique Casse-Noisette s&rsquo;invite \u00e0 Lille le dimanche 3 janvier 2027 \u00e0 13h30 au Lille Grand Palais.&hellip;\n","protected":false},"author":2,"featured_media":618933,"comment_status":"","ping_status":"","sticky":false,"template":"","format":"standard","meta":{"footnotes":""},"categories":[2815],"tags":[1111,11,1777,674,1011,27,811,1307,12,25],"class_list":{"0":"post-618932","1":"post","2":"type-post","3":"status-publish","4":"format-standard","5":"has-post-thumbnail","7":"category-lille","8":"tag-actu","9":"tag-actualites","10":"tag-eu","11":"tag-europe","12":"tag-fr","13":"tag-france","14":"tag-hauts-de-france","15":"tag-lille","16":"tag-news","17":"tag-republique-francaise"},"share_on_mastodon":{"url":"https:\/\/pubeurope.com\/@fr\/115771725137007605","error":""},"_links":{"self":[{"href":"https:\/\/www.europesays.com\/fr\/wp-json\/wp\/v2\/posts\/618932","targetHints":{"allow":["GET"]}}],"collection":[{"href":"https:\/\/www.europesays.com\/fr\/wp-json\/wp\/v2\/posts"}],"about":[{"href":"https:\/\/www.europesays.com\/fr\/wp-json\/wp\/v2\/types\/post"}],"author":[{"embeddable":true,"href":"https:\/\/www.europesays.com\/fr\/wp-json\/wp\/v2\/users\/2"}],"replies":[{"embeddable":true,"href":"https:\/\/www.europesays.com\/fr\/wp-json\/wp\/v2\/comments?post=618932"}],"version-history":[{"count":0,"href":"https:\/\/www.europesays.com\/fr\/wp-json\/wp\/v2\/posts\/618932\/revisions"}],"wp:featuredmedia":[{"embeddable":true,"href":"https:\/\/www.europesays.com\/fr\/wp-json\/wp\/v2\/media\/618933"}],"wp:attachment":[{"href":"https:\/\/www.europesays.com\/fr\/wp-json\/wp\/v2\/media?parent=618932"}],"wp:term":[{"taxonomy":"category","embeddable":true,"href":"https:\/\/www.europesays.com\/fr\/wp-json\/wp\/v2\/categories?post=618932"},{"taxonomy":"post_tag","embeddable":true,"href":"https:\/\/www.europesays.com\/fr\/wp-json\/wp\/v2\/tags?post=618932"}],"curies":[{"name":"wp","href":"https:\/\/api.w.org\/{rel}","templated":true}]}}