{"id":618934,"date":"2025-12-24T00:32:20","date_gmt":"2025-12-24T00:32:20","guid":{"rendered":"https:\/\/www.europesays.com\/fr\/618934\/"},"modified":"2025-12-24T00:32:20","modified_gmt":"2025-12-24T00:32:20","slug":"podcast-dancien-journal-a-fabricants-de-sacs-et-emballages-decouvrez-la-saga-milhe-avons","status":"publish","type":"post","link":"https:\/\/www.europesays.com\/fr\/618934\/","title":{"rendered":"PODCAST. D\u2019ancien journal \u00e0 fabricants de sacs et emballages, d\u00e9couvrez la saga Milhe &#038; Avons"},"content":{"rendered":"<p>\u00c0 l\u2019origine pourtant, rien ne destinait Fran\u00e7oise Milhe, sa fondatrice, \u00e0 se lancer dans cette aventure entrepreneuriale. Dans la seconde moiti\u00e9 du XIX\u1d49\u00a0si\u00e8cle, cette journaliste de formation fonde un journal, farouchement bonapartiste. Probl\u00e8me, le titre ne survit pas \u00e0 la chute du r\u00e9gime, dans les ann\u00e9es\u00a01870.<\/p>\n<p>Entrepreneuse, Fran\u00e7oise\u00a0Milhe voit dans cet \u00e9chec une opportunit\u00e9 commerciale. \u00ab\u00a0Mon arri\u00e8re-arri\u00e8re grand-m\u00e8re d\u00e9cide d\u2019utiliser les rebuts d\u2019impression \u00e0 destination des commerces de fruits et l\u00e9gumes, d\u00e9voile Olivier\u00a0Milhe, l\u2019actuel directeur commercial et marketing de l\u2019entreprise. C\u2019est comme \u00e7a, finalement, que la transition se fait entre un journal et un premier packaging tr\u00e8s modeste\u00a0: une simple feuille de papier qui permettait d\u2019emballer, sous forme de c\u00f4ne, des fruits et l\u00e9gumes.\u00a0\u00bb<\/p>\n<p>Une nouvelle alliance<\/p>\n<p>Tr\u00e8s vite, la nouvelle activit\u00e9 est prometteuse. <a href=\"https:\/\/www.laprovence.com\/article\/sorties-loisirs\/4720065\/la-provence-histoire-1900-les-espoirs-de-la-belle-epoque.html\" target=\"_blank\" rel=\"noopener\">Marseille et ses commerces foisonnant<\/a> voient les commerces de bouche se multiplier, et, par extension, la demande de sacs en papier augmenter. L\u2019affaire prosp\u00e8re et bient\u00f4t son fils, Antoine Milhe, prend le relais.<\/p>\n<p>Au tournant du XXe\u00a0si\u00e8cle, une premi\u00e8re \u00e9volution majeure survient dans la vie de l\u2019entreprise avec l\u2019arriv\u00e9e d\u2019Auguste Avons, un ami d\u2019Antoine Milhe, lui-m\u00eame entrepreneur. Une association qui va changer pour toujours le nom de la soci\u00e9t\u00e9 pour devenir Milhe &amp; Avons. \u00ab\u00a0Et ce nom de Milhe et Avons est d\u2019autant plus fort que chacun des gar\u00e7ons se marie avec la s\u0153ur de l\u2019autre, ajoute Olivier\u00a0Milhe. Donc, l\u00e0, on arrive \u00e0 une entreprise familiale \u00e0 plusieurs niveaux, au niveau professionnel bien s\u00fbr mais \u00e9galement dans la vie de tous les jours.\u00a0\u00bb<\/p>\n<p>La r\u00e9volution plastique<\/p>\n<p>Apr\u00e8s la Seconde Guerre mondiale, une avanc\u00e9e technologique bouleverse le monde de l\u2019emballage\u00a0: l\u2019av\u00e8nement du plastique.<\/p>\n<p>Pas cher, peu encombrant et surtout tr\u00e8s r\u00e9sistant, ce mat\u00e9riau accompagne l\u2019essor de la soci\u00e9t\u00e9 de consommation. Pour l\u2019entreprise, le virage plastique est le jackpot. Les demandes explosent. Et le chiffre d\u2019affaires aussi puisque Milhe &amp; Avons multiplie par dix son chiffre d\u2019affaires par rapport \u00e0 la g\u00e9n\u00e9ration pr\u00e9c\u00e9dente.<\/p>\n<p>Mais alors que tout semble sourire \u00e0 <a href=\"https:\/\/www.laprovence.com\/article\/papier\/3160798\/milhe-et-avons-des-sacs-pour-tous-les-commerces.html\" target=\"_blank\" rel=\"noopener\">Milhe &amp; Avons<\/a>, fin avril\u00a01991, un coup du sort va brutalement menacer la p\u00e9rennit\u00e9 de l\u2019entreprise. Coup sur coup, dans un intervalle de seulement deux semaines, deux incendies ravagent les ateliers de stockage et de fabrication de la soci\u00e9t\u00e9 et menace de l\u2019obliger \u00e0 mettre la clef sous la porte.<\/p>\n","protected":false},"excerpt":{"rendered":"\u00c0 l\u2019origine pourtant, rien ne destinait Fran\u00e7oise Milhe, sa fondatrice, \u00e0 se lancer dans cette aventure entrepreneuriale. Dans&hellip;\n","protected":false},"author":2,"featured_media":618935,"comment_status":"","ping_status":"","sticky":false,"template":"","format":"standard","meta":{"footnotes":""},"categories":[2814],"tags":[17,1111,11,65663,33,30558,1777,674,72898,1011,27,4662,884,12,6847,3725,882,25,41505],"class_list":{"0":"post-618934","1":"post","2":"type-post","3":"status-publish","4":"format-standard","5":"has-post-thumbnail","7":"category-marseille","8":"tag-17","9":"tag-actu","10":"tag-actualites","11":"tag-dancien","12":"tag-economie","13":"tag-emballages","14":"tag-eu","15":"tag-europe","16":"tag-fabricants","17":"tag-fr","18":"tag-france","19":"tag-journal","20":"tag-marseille","21":"tag-news","22":"tag-papier","23":"tag-podcast","24":"tag-provence-alpes-cote-dazur","25":"tag-republique-francaise","26":"tag-sacs"},"share_on_mastodon":{"url":"https:\/\/pubeurope.com\/@fr\/115771732379537345","error":""},"_links":{"self":[{"href":"https:\/\/www.europesays.com\/fr\/wp-json\/wp\/v2\/posts\/618934","targetHints":{"allow":["GET"]}}],"collection":[{"href":"https:\/\/www.europesays.com\/fr\/wp-json\/wp\/v2\/posts"}],"about":[{"href":"https:\/\/www.europesays.com\/fr\/wp-json\/wp\/v2\/types\/post"}],"author":[{"embeddable":true,"href":"https:\/\/www.europesays.com\/fr\/wp-json\/wp\/v2\/users\/2"}],"replies":[{"embeddable":true,"href":"https:\/\/www.europesays.com\/fr\/wp-json\/wp\/v2\/comments?post=618934"}],"version-history":[{"count":0,"href":"https:\/\/www.europesays.com\/fr\/wp-json\/wp\/v2\/posts\/618934\/revisions"}],"wp:featuredmedia":[{"embeddable":true,"href":"https:\/\/www.europesays.com\/fr\/wp-json\/wp\/v2\/media\/618935"}],"wp:attachment":[{"href":"https:\/\/www.europesays.com\/fr\/wp-json\/wp\/v2\/media?parent=618934"}],"wp:term":[{"taxonomy":"category","embeddable":true,"href":"https:\/\/www.europesays.com\/fr\/wp-json\/wp\/v2\/categories?post=618934"},{"taxonomy":"post_tag","embeddable":true,"href":"https:\/\/www.europesays.com\/fr\/wp-json\/wp\/v2\/tags?post=618934"}],"curies":[{"name":"wp","href":"https:\/\/api.w.org\/{rel}","templated":true}]}}