{"id":618936,"date":"2025-12-24T00:33:12","date_gmt":"2025-12-24T00:33:12","guid":{"rendered":"https:\/\/www.europesays.com\/fr\/618936\/"},"modified":"2025-12-24T00:33:12","modified_gmt":"2025-12-24T00:33:12","slug":"previsions-du-mercredi-24-decembre-2025-3","status":"publish","type":"post","link":"https:\/\/www.europesays.com\/fr\/618936\/","title":{"rendered":"pr\u00e9visions du mercredi 24 d\u00e9cembre 2025"},"content":{"rendered":"<p>Il fera en moyenne 10\u00b0C \u00e0 Marseille, aujourd&rsquo;hui. Un l\u00e9ger vent de nord-ouest sera ressenti par les habitants. On pr\u00e9voit une embellie pour cette matin\u00e9e. On anticipe des valeurs d&rsquo;environ 10\u00b0C. L&rsquo;apr\u00e8s-midi, les perturbations seront toujours pr\u00e9sentes avec des nuages. Les maximales atteindront les 11\u00b0C et les minimales seront de 10\u00b0C. La grisaille ne se dissipe toujours pas, il va y avoir encore des nuages le soir. Il va pleuvoir. Le thermom\u00e8tre affichera 9\u00b0C en moyenne. Pendant que vous dormirez, dans la nuit de mercredi \u00e0 jeudi, le ciel sera clair.<\/p>\n<p>Le ciel de Marseille sera relativement lumineux, avec quelques \u00e9claircies demain. Le temps va se r\u00e9chauffer avec une augmentation de quelques degr\u00e9s. Il va faire 11\u00b0C en moyenne. Un vent de nord-est rafra\u00eechira sensiblement l&rsquo;atmosph\u00e8re. Les temp\u00e9ratures seront comprises entre 9 et 11\u00b0C le matin. Les valeurs afficheront entre 11 et 13\u00b0C pendant l&rsquo;apr\u00e8s-midi. La ville profitera de quelques \u00e9claircies demain soir.<\/p>\n<p>Les jours suivants s&rsquo;annoncent similaires. On pr\u00e9voit des journ\u00e9es ensoleill\u00e9es, avec des temp\u00e9ratures dans les 10\u00b0C en moyenne.<\/p>\n<p><\/p>\n","protected":false},"excerpt":{"rendered":"Il fera en moyenne 10\u00b0C \u00e0 Marseille, aujourd&rsquo;hui. Un l\u00e9ger vent de nord-ouest sera ressenti par les habitants.&hellip;\n","protected":false},"author":2,"featured_media":618937,"comment_status":"","ping_status":"","sticky":false,"template":"","format":"standard","meta":{"footnotes":""},"categories":[2814],"tags":[1111,11,1777,674,1011,27,884,12,2119,882,25],"class_list":{"0":"post-618936","1":"post","2":"type-post","3":"status-publish","4":"format-standard","5":"has-post-thumbnail","7":"category-marseille","8":"tag-actu","9":"tag-actualites","10":"tag-eu","11":"tag-europe","12":"tag-fr","13":"tag-france","14":"tag-marseille","15":"tag-news","16":"tag-previsions-meteo","17":"tag-provence-alpes-cote-dazur","18":"tag-republique-francaise"},"share_on_mastodon":{"url":"https:\/\/pubeurope.com\/@fr\/115771736325522715","error":""},"_links":{"self":[{"href":"https:\/\/www.europesays.com\/fr\/wp-json\/wp\/v2\/posts\/618936","targetHints":{"allow":["GET"]}}],"collection":[{"href":"https:\/\/www.europesays.com\/fr\/wp-json\/wp\/v2\/posts"}],"about":[{"href":"https:\/\/www.europesays.com\/fr\/wp-json\/wp\/v2\/types\/post"}],"author":[{"embeddable":true,"href":"https:\/\/www.europesays.com\/fr\/wp-json\/wp\/v2\/users\/2"}],"replies":[{"embeddable":true,"href":"https:\/\/www.europesays.com\/fr\/wp-json\/wp\/v2\/comments?post=618936"}],"version-history":[{"count":0,"href":"https:\/\/www.europesays.com\/fr\/wp-json\/wp\/v2\/posts\/618936\/revisions"}],"wp:featuredmedia":[{"embeddable":true,"href":"https:\/\/www.europesays.com\/fr\/wp-json\/wp\/v2\/media\/618937"}],"wp:attachment":[{"href":"https:\/\/www.europesays.com\/fr\/wp-json\/wp\/v2\/media?parent=618936"}],"wp:term":[{"taxonomy":"category","embeddable":true,"href":"https:\/\/www.europesays.com\/fr\/wp-json\/wp\/v2\/categories?post=618936"},{"taxonomy":"post_tag","embeddable":true,"href":"https:\/\/www.europesays.com\/fr\/wp-json\/wp\/v2\/tags?post=618936"}],"curies":[{"name":"wp","href":"https:\/\/api.w.org\/{rel}","templated":true}]}}