{"id":618938,"date":"2025-12-24T00:34:20","date_gmt":"2025-12-24T00:34:20","guid":{"rendered":"https:\/\/www.europesays.com\/fr\/618938\/"},"modified":"2025-12-24T00:34:20","modified_gmt":"2025-12-24T00:34:20","slug":"rhone-le-hot-club-de-lyon-tient-son-nouveau-president-pour-les-trois-prochaines-annees","status":"publish","type":"post","link":"https:\/\/www.europesays.com\/fr\/618938\/","title":{"rendered":"Rh\u00f4ne. Le Hot Club de Lyon tient son nouveau pr\u00e9sident pour les trois prochaines ann\u00e9es"},"content":{"rendered":"<p>Avec pr\u00e8s de 5\u00a0000 adh\u00e9rents, dont 600 musiciens et une moyenne de 169 concerts par an, le Hot Club de Lyon demeure un lieu incontournable pour les amateurs de jazz comme les n\u00e9ophytes. La plus vieille institution lyonnaise a su \u00e9voluer avec son temps, malgr\u00e9 des vents contraires, en proposant une programmation tr\u00e8s \u00e9clectique\u00a0: du New Orl\u00e9ans au moderne jazz, en passant par le groove, l\u2019oriental ou encore le manouche. Lors de l\u2019assembl\u00e9e g\u00e9n\u00e9rale, Ludwig Laisn\u00e9 a \u00e9t\u00e9 r\u00e9\u00e9lu pr\u00e9sident du conseil d\u2019administration de l\u2019association pour les trois prochaines ann\u00e9es.<\/p>\n<p>  Augmenter l\u2019attractivit\u00e9 du plus vieux club de jazz d\u2019Europe<\/p>\n<p>\u00c9lu une premi\u00e8re fois en 2022, le professeur d\u2019\u00e9ducation musicale au coll\u00e8ge Lamartine de Villeurbanne, entame son second mandat sous les meilleurs auspices. Le pianiste et membre de l\u2019Acad\u00e9mie du jazz, ambitionne d\u2019innover afin d\u2019augmenter l\u2019attractivit\u00e9 du Hot aupr\u00e8s de nouveaux publics.<\/p>\n<p>L\u2019actuel Hot Club de Lyon est cr\u00e9\u00e9 en 1948 par Raoul Bruckert, Henri Devay et Henri Gauthier, sur les reliques du Hot Club Lyonnais de 1946 pr\u00e9sid\u00e9 par Andr\u00e9 Jalibert le directeur du \u00ab\u00a0Cin\u00e9journal\u00a0\u00bb. Il est reconnu comme le plus vieux club de jazz d\u2019Europe en activit\u00e9.<\/p>\n<p>F.B.<\/p>\n<p class=\"note\">Hot Club 26 rue Lanterne Lyon 1 er \u00a0&#8211; Concerts du mardi au samedi \u2013 www.hotclubjazzlyon.com \u2013 T\u00e9l.\u00a004\u00a078\u00a039\u00a054\u00a074.<\/p>\n","protected":false},"excerpt":{"rendered":"Avec pr\u00e8s de 5\u00a0000 adh\u00e9rents, dont 600 musiciens et une moyenne de 169 concerts par an, le Hot&hellip;\n","protected":false},"author":2,"featured_media":618939,"comment_status":"","ping_status":"","sticky":false,"template":"","format":"standard","meta":{"footnotes":""},"categories":[1889],"tags":[1111,11,2430,1687,2757,1777,674,1011,27,2428,7789,2801,873,12,25],"class_list":{"0":"post-618938","1":"post","2":"type-post","3":"status-publish","4":"format-standard","5":"has-post-thumbnail","7":"category-lyon","8":"tag-actu","9":"tag-actualites","10":"tag-auvergne-rhone-alpes","11":"tag-culture-loisirs","12":"tag-edition-lyon-villeurbanne","13":"tag-eu","14":"tag-europe","15":"tag-fr","16":"tag-france","17":"tag-lyon","18":"tag-lyon-1er","19":"tag-lyon-1er-arrondissement","20":"tag-musique","21":"tag-news","22":"tag-republique-francaise"},"share_on_mastodon":{"url":"https:\/\/pubeurope.com\/@fr\/115771740262646861","error":""},"_links":{"self":[{"href":"https:\/\/www.europesays.com\/fr\/wp-json\/wp\/v2\/posts\/618938","targetHints":{"allow":["GET"]}}],"collection":[{"href":"https:\/\/www.europesays.com\/fr\/wp-json\/wp\/v2\/posts"}],"about":[{"href":"https:\/\/www.europesays.com\/fr\/wp-json\/wp\/v2\/types\/post"}],"author":[{"embeddable":true,"href":"https:\/\/www.europesays.com\/fr\/wp-json\/wp\/v2\/users\/2"}],"replies":[{"embeddable":true,"href":"https:\/\/www.europesays.com\/fr\/wp-json\/wp\/v2\/comments?post=618938"}],"version-history":[{"count":0,"href":"https:\/\/www.europesays.com\/fr\/wp-json\/wp\/v2\/posts\/618938\/revisions"}],"wp:featuredmedia":[{"embeddable":true,"href":"https:\/\/www.europesays.com\/fr\/wp-json\/wp\/v2\/media\/618939"}],"wp:attachment":[{"href":"https:\/\/www.europesays.com\/fr\/wp-json\/wp\/v2\/media?parent=618938"}],"wp:term":[{"taxonomy":"category","embeddable":true,"href":"https:\/\/www.europesays.com\/fr\/wp-json\/wp\/v2\/categories?post=618938"},{"taxonomy":"post_tag","embeddable":true,"href":"https:\/\/www.europesays.com\/fr\/wp-json\/wp\/v2\/tags?post=618938"}],"curies":[{"name":"wp","href":"https:\/\/api.w.org\/{rel}","templated":true}]}}