{"id":618952,"date":"2025-12-24T00:42:13","date_gmt":"2025-12-24T00:42:13","guid":{"rendered":"https:\/\/www.europesays.com\/fr\/618952\/"},"modified":"2025-12-24T00:42:13","modified_gmt":"2025-12-24T00:42:13","slug":"cette-zone-strategique-au-coeur-des-negociations-de-paix","status":"publish","type":"post","link":"https:\/\/www.europesays.com\/fr\/618952\/","title":{"rendered":"cette zone strat\u00e9gique au c\u0153ur des n\u00e9gociations de paix"},"content":{"rendered":"<p>C\u2019est un morceau du Donbass, une r\u00e9gion situ\u00e9e \u00e0 l\u2019est de <a target=\"_self\" href=\"https:\/\/www.lanouvellerepublique.fr\/france-monde\/ukraine\" rel=\"noopener\">l\u2019Ukraine<\/a>, qui semble d\u00e9sormais au centre des n\u00e9gociations pour un <a target=\"_self\" href=\"https:\/\/www.lanouvellerepublique.fr\/a-la-une\/negociations-de-paix-de-miami-les-americains-et-les-ukrainiens-saluent-des-echanges-productifs-1766357888\" rel=\"noopener\">accord de paix entre Moscou et Kiev<\/a>. Pour mettre un terme aux combats, mart\u00e8le Vladimir Poutine, les Ukrainiens doivent accepter de c\u00e9der cette zone strat\u00e9gique, qu\u2019ils contr\u00f4lent toujours et qui est cruciale pour leur d\u00e9fense. Ces derniers, malgr\u00e9 une pression suppl\u00e9mentaire venant des \u00c9tats-Unis, qui souhaitent mettre un terme au conflit rapidement, ont jusqu\u2019ici refus\u00e9. <a target=\"_self\" href=\"https:\/\/www.lanouvellerepublique.fr\/a-la-une\/guerre-en-ukraine-ce-que-contient-precisement-le-projet-de-plan-de-paix-de-donald-trump-en-28-points-1763713373\" rel=\"noopener\">Le plan de paix propos\u00e9 par Donald Trump<\/a> d\u00e9but d\u00e9cembre, qui reprenait largement les demandes russes, proposait \u00e0 l\u2019Ukraine de c\u00e9der ce territoire. Les n\u00e9gociations pour aboutir \u00e0 un accord sont toujours en cours, mais la question territoriale n\u2019est toujours pas r\u00e9solue&#8230;. <\/p>\n<p>    Cet article a \u00e9t\u00e9 tronqu\u00e9. Abonnez-vous pour lire l&rsquo;article complet sur notre site.<\/p>\n<p style=\"margin: 0 !important; padding: 0 !important; font-size: 12px !important;\">Cet article a \u00e9t\u00e9 tronqu\u00e9. Abonnez-vous pour lire l&rsquo;article complet.<\/p>\n<p>    <a href=\"https:\/\/www.lanouvellerepublique.fr\/abonnements\" style=\"display: inline-block; margin-top: 5px !important; padding: 6px 12px !important; background: #cb1c27; color: white; text-decoration: none; border-radius: 4px; font-size: 12px !important;\" target=\"_blank\" rel=\"noopener\"><br \/>\n      S&rsquo;abonner<br \/>\n    <\/a><\/p>\n","protected":false},"excerpt":{"rendered":"C\u2019est un morceau du Donbass, une r\u00e9gion situ\u00e9e \u00e0 l\u2019est de l\u2019Ukraine, qui semble d\u00e9sormais au centre des&hellip;\n","protected":false},"author":2,"featured_media":618953,"comment_status":"","ping_status":"","sticky":false,"template":"","format":"standard","meta":{"footnotes":""},"categories":[1591],"tags":[328,11,1813,1924,75,1887,329,74,12,1885,1886,132,220,364],"class_list":{"0":"post-618952","1":"post","2":"type-post","3":"status-publish","4":"format-standard","5":"has-post-thumbnail","7":"category-russie","8":"tag-a-la-une","9":"tag-actualites","10":"tag-armee","11":"tag-armement","12":"tag-donald-trump","13":"tag-federation-de-russie","14":"tag-france-monde","15":"tag-monde","16":"tag-news","17":"tag-russia","18":"tag-russian-federation","19":"tag-russie","20":"tag-ukraine","21":"tag-union-europeenne"},"share_on_mastodon":{"url":"https:\/\/pubeurope.com\/@fr\/115771771765877107","error":""},"_links":{"self":[{"href":"https:\/\/www.europesays.com\/fr\/wp-json\/wp\/v2\/posts\/618952","targetHints":{"allow":["GET"]}}],"collection":[{"href":"https:\/\/www.europesays.com\/fr\/wp-json\/wp\/v2\/posts"}],"about":[{"href":"https:\/\/www.europesays.com\/fr\/wp-json\/wp\/v2\/types\/post"}],"author":[{"embeddable":true,"href":"https:\/\/www.europesays.com\/fr\/wp-json\/wp\/v2\/users\/2"}],"replies":[{"embeddable":true,"href":"https:\/\/www.europesays.com\/fr\/wp-json\/wp\/v2\/comments?post=618952"}],"version-history":[{"count":0,"href":"https:\/\/www.europesays.com\/fr\/wp-json\/wp\/v2\/posts\/618952\/revisions"}],"wp:featuredmedia":[{"embeddable":true,"href":"https:\/\/www.europesays.com\/fr\/wp-json\/wp\/v2\/media\/618953"}],"wp:attachment":[{"href":"https:\/\/www.europesays.com\/fr\/wp-json\/wp\/v2\/media?parent=618952"}],"wp:term":[{"taxonomy":"category","embeddable":true,"href":"https:\/\/www.europesays.com\/fr\/wp-json\/wp\/v2\/categories?post=618952"},{"taxonomy":"post_tag","embeddable":true,"href":"https:\/\/www.europesays.com\/fr\/wp-json\/wp\/v2\/tags?post=618952"}],"curies":[{"name":"wp","href":"https:\/\/api.w.org\/{rel}","templated":true}]}}