{"id":618958,"date":"2025-12-24T00:45:30","date_gmt":"2025-12-24T00:45:30","guid":{"rendered":"https:\/\/www.europesays.com\/fr\/618958\/"},"modified":"2025-12-24T00:45:30","modified_gmt":"2025-12-24T00:45:30","slug":"matrix-renewables-confie-a-tesla-un-projet-de-stockage-denergie-de-500-mw-au-royaume-uni","status":"publish","type":"post","link":"https:\/\/www.europesays.com\/fr\/618958\/","title":{"rendered":"Matrix Renewables Confie \u00e0 Tesla Un Projet De Stockage D\u2019\u00e9nergie De 500 MW Au Royaume-Uni"},"content":{"rendered":"<p>\n\t\t\t\t\tMatrix Renewables a sign\u00e9 un contrat cl\u00e9 en main avec Tesla pour d\u00e9velopper un syst\u00e8me de stockage d\u2019\u00e9nergie de 1 GWh en \u00c9cosse, marquant son premier projet autonome de ce type au Royaume-Uni.\t\t\t\t<\/p>\n<p>Matrix Renewables a finalis\u00e9 un contrat d\u2019ing\u00e9nierie, d\u2019approvisionnement et de construction (EPC) avec Tesla pour la r\u00e9alisation d\u2019un syst\u00e8me de stockage d\u2019\u00e9nergie par batterie (Battery Energy Storage System, BESS) de 500 m\u00e9gawatts\/2 heures, soit une capacit\u00e9 totale de 1 gigawattheure. Le projet, situ\u00e9 \u00e0 Eccles, en \u00c9cosse, constitue une premi\u00e8re incursion de l\u2019entreprise dans le domaine du stockage autonome au Royaume-Uni.<\/p>\n<p>Un site strat\u00e9gique entre l\u2019\u00c9cosse et l\u2019Angleterre<\/p>\n<p>L\u2019emplacement du site a \u00e9t\u00e9 s\u00e9lectionn\u00e9 pour sa position le long de corridors de transmission cl\u00e9s reliant l\u2019\u00c9cosse \u00e0 l\u2019Angleterre. Cette configuration permettra d\u2019am\u00e9liorer la flexibilit\u00e9 du r\u00e9seau et de soutenir l\u2019int\u00e9gration de sources renouvelables dans le syst\u00e8me \u00e9lectrique britannique. Toutes les autorisations ont \u00e9t\u00e9 obtenues, et les conditions d\u2019urbanisme ont \u00e9t\u00e9 lev\u00e9es, ouvrant la voie au d\u00e9but de la construction.<\/p>\n<p>Tesla assurera la conception, la construction et la mise en service de l\u2019installation. Le projet s\u2019appuie sur une \u00e9quipe de conseillers techniques, incluant Enertis pour l\u2019audit technique, GHD comme conseiller technique, et Black &amp; Veatch en tant qu\u2019ing\u00e9nieur du ma\u00eetre d\u2019ouvrage, afin de garantir les standards de qualit\u00e9 sur l\u2019ensemble du cycle de vie du projet.<\/p>\n<p>Un projet d\u2019envergure pour Matrix Renewables<\/p>\n<p>Cette installation repr\u00e9sente l\u2019un des projets de stockage les plus importants de Matrix Renewables en Europe. L\u2019entreprise cherche \u00e0 renforcer sa pr\u00e9sence sur le march\u00e9 britannique et pr\u00e9voit de d\u00e9velopper jusqu\u2019\u00e0 3 gigawatts de capacit\u00e9 suppl\u00e9mentaire dans les prochaines ann\u00e9es, incluant le stockage, la production d\u2019\u00e9nergie renouvelable et les technologies \u00e9mergentes.<\/p>\n<p>Dans le cadre de son implantation locale, Matrix Renewables a sign\u00e9 un accord de collaboration avec le conseil communautaire local pour soutenir des initiatives communes avec les r\u00e9sidents de la r\u00e9gion.<\/p>\n","protected":false},"excerpt":{"rendered":"Matrix Renewables a sign\u00e9 un contrat cl\u00e9 en main avec Tesla pour d\u00e9velopper un syst\u00e8me de stockage d\u2019\u00e9nergie&hellip;\n","protected":false},"author":2,"featured_media":618959,"comment_status":"","ping_status":"","sticky":false,"template":"","format":"standard","meta":{"footnotes":""},"categories":[1588],"tags":[11,1777,674,12,473,1853,1851,1850,1852],"class_list":{"0":"post-618958","1":"post","2":"type-post","3":"status-publish","4":"format-standard","5":"has-post-thumbnail","7":"category-royaume-uni","8":"tag-actualites","9":"tag-eu","10":"tag-europe","11":"tag-news","12":"tag-royaume-uni","13":"tag-royaume-uni-de-grande-bretagne-et-dirlande-du-nord","14":"tag-uk","15":"tag-united-kingdom","16":"tag-united-kingdom-of-great-britain-and-northern-ireland"},"share_on_mastodon":{"url":"https:\/\/pubeurope.com\/@fr\/115771783597746129","error":""},"_links":{"self":[{"href":"https:\/\/www.europesays.com\/fr\/wp-json\/wp\/v2\/posts\/618958","targetHints":{"allow":["GET"]}}],"collection":[{"href":"https:\/\/www.europesays.com\/fr\/wp-json\/wp\/v2\/posts"}],"about":[{"href":"https:\/\/www.europesays.com\/fr\/wp-json\/wp\/v2\/types\/post"}],"author":[{"embeddable":true,"href":"https:\/\/www.europesays.com\/fr\/wp-json\/wp\/v2\/users\/2"}],"replies":[{"embeddable":true,"href":"https:\/\/www.europesays.com\/fr\/wp-json\/wp\/v2\/comments?post=618958"}],"version-history":[{"count":0,"href":"https:\/\/www.europesays.com\/fr\/wp-json\/wp\/v2\/posts\/618958\/revisions"}],"wp:featuredmedia":[{"embeddable":true,"href":"https:\/\/www.europesays.com\/fr\/wp-json\/wp\/v2\/media\/618959"}],"wp:attachment":[{"href":"https:\/\/www.europesays.com\/fr\/wp-json\/wp\/v2\/media?parent=618958"}],"wp:term":[{"taxonomy":"category","embeddable":true,"href":"https:\/\/www.europesays.com\/fr\/wp-json\/wp\/v2\/categories?post=618958"},{"taxonomy":"post_tag","embeddable":true,"href":"https:\/\/www.europesays.com\/fr\/wp-json\/wp\/v2\/tags?post=618958"}],"curies":[{"name":"wp","href":"https:\/\/api.w.org\/{rel}","templated":true}]}}