{"id":618964,"date":"2025-12-24T00:48:25","date_gmt":"2025-12-24T00:48:25","guid":{"rendered":"https:\/\/www.europesays.com\/fr\/618964\/"},"modified":"2025-12-24T00:48:25","modified_gmt":"2025-12-24T00:48:25","slug":"thierry-breton-et-des-responsables-europeens-interdits-de-sejour-aux-etats-unis","status":"publish","type":"post","link":"https:\/\/www.europesays.com\/fr\/618964\/","title":{"rendered":"Thierry Breton et des responsables europ\u00e9ens interdits de s\u00e9jour aux Etats-Unis"},"content":{"rendered":"<p>Les <a href=\"https:\/\/www.20minutes.fr\/monde\/etats-unis\/\" target=\"_blank\" class=\"c-link c-link--is-underlined\" rel=\"noopener\">Etats-Unis<\/a> ont durci mardi leur confrontation avec l\u2019<a href=\"https:\/\/www.20minutes.fr\/dossier\/ue\" target=\"_blank\" class=\"c-link c-link--is-underlined\" rel=\"noopener\">Union europ\u00e9enne<\/a> sur la r\u00e9gulation des plateformes num\u00e9riques en annon\u00e7ant des sanctions contre cinq personnalit\u00e9s europ\u00e9ennes engag\u00e9es dans la lutte contre la d\u00e9sinformation et la haine en ligne. Ces mesures, qui se traduisent par une interdiction de s\u00e9jour sur le sol am\u00e9ricain, sont justifi\u00e9es par Washington au nom de la d\u00e9fense de la <a href=\"https:\/\/www.20minutes.fr\/arts-stars\/web\/liberte-expression\/\" target=\"_blank\" class=\"c-link c-link--is-underlined\" rel=\"noopener\">libert\u00e9 d\u2019expression<\/a>.<\/p>\n<p>Dans un communiqu\u00e9, le d\u00e9partement d\u2019Etat accuse les personnes vis\u00e9es de pratiques assimil\u00e9es \u00e0 de la \u00ab\u00a0censure\u00a0\u00bb portant atteinte aux int\u00e9r\u00eats am\u00e9ricains. Le secr\u00e9taire d\u2019Etat Marco Rubio a d\u00e9nonc\u00e9 sur X des actions coordonn\u00e9es visant les grandes <a href=\"https:\/\/www.20minutes.fr\/high-tech\/gafa\/\" target=\"_blank\" class=\"c-link c-link--is-underlined\" rel=\"noopener\">plateformes technologiques<\/a>. \u00ab\u00a0Depuis trop longtemps, les id\u00e9ologues europ\u00e9ens m\u00e8nent des actions concert\u00e9es pour contraindre les plateformes am\u00e9ricaines \u00e0 sanctionner les opinions am\u00e9ricaines auxquelles ils s\u2019opposent\u00a0\u00bb, a-t-il affirm\u00e9, ajoutant que l\u2019administration Trump ne tol\u00e9rerait plus \u00ab\u00a0ces actes flagrants de censure extraterritoriale\u00a0\u00bb.<\/p>\n<p>Thierry Breton interdit de s\u00e9jour aux Etats-Unis<\/p>\n<p>Les noms des personnes sanctionn\u00e9es ont \u00e9t\u00e9 r\u00e9v\u00e9l\u00e9s ult\u00e9rieurement par la sous-secr\u00e9taire d\u2019Etat \u00e0 la diplomatie publique, Sarah Rogers. Parmi elles figure <a href=\"https:\/\/www.20minutes.fr\/high-tech\/by-the-web\/4133097-20250111-tyran-europe-nouvelle-passe-armes-entre-elon-musk-thierry-breton\" target=\"_blank\" class=\"c-link c-link--is-underlined\" rel=\"noopener\">Thierry Breton<\/a>, ancien commissaire europ\u00e9en au March\u00e9 int\u00e9rieur de\u00a02019 \u00e0\u00a02024 et figure centrale de la directive sur les services num\u00e9riques. Les quatre autres sont des responsables d\u2019ONG actives au <a href=\"https:\/\/www.20minutes.fr\/monde\/royaume-uni\/\" target=\"_blank\" class=\"c-link c-link--is-underlined\" rel=\"noopener\">Royaume-Uni<\/a> et en <a href=\"https:\/\/www.20minutes.fr\/dossier\/allemagne\" target=\"_blank\" class=\"c-link c-link--is-underlined\" rel=\"noopener\">Allemagne<\/a>, engag\u00e9es contre la d\u00e9sinformation et les discours de haine en ligne.<\/p>\n<\/p>\n<p>Ces sanctions s\u2019inscrivent dans une offensive plus large de l\u2019administration de <a href=\"https:\/\/www.20minutes.fr\/dossier\/donald_trump\" target=\"_blank\" class=\"c-link c-link--is-underlined\" rel=\"noopener\">Donald Trump<\/a> contre les r\u00e8gles europ\u00e9ennes encadrant la tech, jug\u00e9es trop contraignantes pour les entreprises am\u00e9ricaines. L\u2019Union europ\u00e9enne dispose d\u2019un arsenal juridique sans \u00e9quivalent, imposant aux plateformes des obligations de mod\u00e9ration et de transparence que Washington assimile \u00e0 des restrictions de la libert\u00e9 d\u2019expression.<\/p>\n<p>La France d\u00e9nonce une atteinte \u00e0 la souverainet\u00e9<\/p>\n<p>Les tensions se sont accentu\u00e9es ces derniers mois, notamment apr\u00e8s l\u2019amende de 140\u00a0millions de dollars inflig\u00e9e d\u00e9but d\u00e9cembre par l\u2019UE au r\u00e9seau social X. <a href=\"https:\/\/www.20minutes.fr\/politique\/marco-rubio\/\" target=\"_blank\" class=\"c-link c-link--is-underlined\" rel=\"noopener\">Marco Rubio<\/a> avait alors d\u00e9nonc\u00e9 une \u00ab\u00a0attaque contre toutes les plateformes technologiques am\u00e9ricaines et le peuple am\u00e9ricain par des gouvernements \u00e9trangers\u00a0\u00bb. La nouvelle Strat\u00e9gie de s\u00e9curit\u00e9 nationale am\u00e9ricaine critique \u00e9galement l\u2019Europe, \u00e9voquant un recul de la libert\u00e9 politique et de l\u2019expression sur le continent.<\/p>\n<p><a href=\"https:\/\/www.20minutes.fr\/monde\/etats-unis\/\" target=\"_blank\" class=\"c-link c-btn c-btn--primary\" rel=\"noopener\">Notre dossier sur les Etats-Unis<\/a><\/p>\n<p>La France a vivement r\u00e9agi \u00e0 l\u2019annonce des sanctions. \u00ab\u00a0Les peuples de l\u2019Europe sont libres et souverains et ne sauraient se faire imposer par d\u2019autres les r\u00e8gles s\u2019appliquant \u00e0 leur espace num\u00e9rique\u00a0\u00bb, a d\u00e9clar\u00e9 le ministre des Affaires \u00e9trang\u00e8res <a href=\"https:\/\/www.20minutes.fr\/politique\/jean-noel-barrot\/\" target=\"_blank\" class=\"c-link c-link--is-underlined\" rel=\"noopener\">Jean-No\u00ebl Barrot<\/a> sur X, condamnant fermement une d\u00e9cision per\u00e7ue comme une remise en cause directe de la souverainet\u00e9 europ\u00e9enne en mati\u00e8re num\u00e9rique.<\/p>\n","protected":false},"excerpt":{"rendered":"Les Etats-Unis ont durci mardi leur confrontation avec l\u2019Union europ\u00e9enne sur la r\u00e9gulation des plateformes num\u00e9riques en annon\u00e7ant&hellip;\n","protected":false},"author":2,"featured_media":618965,"comment_status":"","ping_status":"","sticky":false,"template":"","format":"standard","meta":{"footnotes":""},"categories":[1586],"tags":[47,11,672,75,73,1777,674,1779,1011,27,4124,2121,474,1907,74,12,4125,25,938,473,1778,364,555],"class_list":{"0":"post-618964","1":"post","2":"type-post","3":"status-publish","4":"format-standard","5":"has-post-thumbnail","7":"category-europe","8":"tag-actualite","9":"tag-actualites","10":"tag-allemagne","11":"tag-donald-trump","12":"tag-etats-unis","13":"tag-eu","14":"tag-europe","15":"tag-european-union","16":"tag-fr","17":"tag-france","18":"tag-gafa","19":"tag-jean-noel-barrot","20":"tag-liberte-dexpression","21":"tag-marco-rubio","22":"tag-monde","23":"tag-news","24":"tag-numerique","25":"tag-republique-francaise","26":"tag-reseaux-sociaux","27":"tag-royaume-uni","28":"tag-ue","29":"tag-union-europeenne","30":"tag-union-europeenne-ue"},"share_on_mastodon":{"url":"https:\/\/pubeurope.com\/@fr\/115771795419486338","error":""},"_links":{"self":[{"href":"https:\/\/www.europesays.com\/fr\/wp-json\/wp\/v2\/posts\/618964","targetHints":{"allow":["GET"]}}],"collection":[{"href":"https:\/\/www.europesays.com\/fr\/wp-json\/wp\/v2\/posts"}],"about":[{"href":"https:\/\/www.europesays.com\/fr\/wp-json\/wp\/v2\/types\/post"}],"author":[{"embeddable":true,"href":"https:\/\/www.europesays.com\/fr\/wp-json\/wp\/v2\/users\/2"}],"replies":[{"embeddable":true,"href":"https:\/\/www.europesays.com\/fr\/wp-json\/wp\/v2\/comments?post=618964"}],"version-history":[{"count":0,"href":"https:\/\/www.europesays.com\/fr\/wp-json\/wp\/v2\/posts\/618964\/revisions"}],"wp:featuredmedia":[{"embeddable":true,"href":"https:\/\/www.europesays.com\/fr\/wp-json\/wp\/v2\/media\/618965"}],"wp:attachment":[{"href":"https:\/\/www.europesays.com\/fr\/wp-json\/wp\/v2\/media?parent=618964"}],"wp:term":[{"taxonomy":"category","embeddable":true,"href":"https:\/\/www.europesays.com\/fr\/wp-json\/wp\/v2\/categories?post=618964"},{"taxonomy":"post_tag","embeddable":true,"href":"https:\/\/www.europesays.com\/fr\/wp-json\/wp\/v2\/tags?post=618964"}],"curies":[{"name":"wp","href":"https:\/\/api.w.org\/{rel}","templated":true}]}}