{"id":618970,"date":"2025-12-24T00:51:11","date_gmt":"2025-12-24T00:51:11","guid":{"rendered":"https:\/\/www.europesays.com\/fr\/618970\/"},"modified":"2025-12-24T00:51:11","modified_gmt":"2025-12-24T00:51:11","slug":"en-france-les-associations-de-seconde-main-croulent-sous-les-vetements-usages-reportage-france","status":"publish","type":"post","link":"https:\/\/www.europesays.com\/fr\/618970\/","title":{"rendered":"En France, les associations de seconde-main croulent sous les v\u00eatements usag\u00e9s &#8211; Reportage France"},"content":{"rendered":"<p>\n                                                La France croule sous les d\u00e9chets textiles, des v\u00eatements usag\u00e9s ou pass\u00e9s de mode. Les Fran\u00e7ais ach\u00e8tent deux fois plus de v\u00eatements neufs par an qu&rsquo;il y a 40 ans. Des v\u00eatements de moins bonne qualit\u00e9 et plus difficiles \u00e0 recycler. Sous la pression des acteurs de la fili\u00e8re de gestion de ces d\u00e9chets \u2013 des associations pour la plupart \u2013, le gouvernement a d\u00e9cid\u00e9 d&rsquo;agir. D\u00e9but 2026, le cahier des charges de Refashion, l&rsquo;\u00e9co-organisme charg\u00e9 de faire appliquer le principe du pollueur-payeur, va \u00e9voluer. Il devra notamment soutenir le d\u00e9veloppement de la fili\u00e8re recyclage. \u00c0 la friperie solidaire de Choisy-le-Roi, pr\u00e8s de Paris, 25 personnes g\u00e8rent les dons de particuliers et en revendent une partie pour financer l&rsquo;insertion professionnelle des salari\u00e9s.\u00a0                    <\/p>\n<p>Au premier \u00e9tage du b\u00e2timent, juste au-dessus de la boutique, une immense salle est remplie de v\u00eatements. Des chariots qui d\u00e9bordent, des cartons et des piles. Au fond, un mur de sacs-poubelle. Un par un, les salari\u00e9s de la friperie solidaire de Choisy-le-Roi, pr\u00e8s de <a href=\"https:\/\/www.rfi.fr\/fr\/tag\/paris\/\" target=\"_self\" rel=\"noopener\"><strong>Paris<\/strong><\/a>, les ouvrent et les trient.<\/p>\n<p>Nantenin fait une premi\u00e8re s\u00e9lection, durant laquelle elle \u00e9carte les textiles trou\u00e9s, tach\u00e9s, us\u00e9s. \u00ab\u00a0C&rsquo;est un pull, mais trop peluch\u00e9. C&rsquo;est pas un super sac, \u00e9num\u00e8re-t-elle en \u00e9grenant les v\u00eatements usag\u00e9s. Il y a de moins en moins d&rsquo;affaires. Raison pour laquelle on garde tout ce qui est en bon \u00e9tat, \u00e9t\u00e9 comme hiver. \u00bb<\/p>\n<p>La jeune femme a pour consigne d&rsquo;\u00eatre plus exigeante en revanche avec les v\u00eatements pour femme.\u00a0\u00ab\u00a0On essaye d&rsquo;avoir un tri plus drastique sur les mati\u00e8res pour l&rsquo;\u00e9t\u00e9, parce que nous en avons une \u00e9norme quantit\u00e9 et de mauvaise qualit\u00e9 \u00bb, justifie Fanny Bluteau, encadrante technique au tri des textiles.<\/p>\n<p>Elle n&rsquo;a pas besoin de fouiller longtemps pour trouver un exemple \u00e0 nous montrer, une jupe d&rsquo;une marque de fast fashion, en l&rsquo;occurrence\u00a0: \u00ab\u00a0Typiquement, celle-ci. Vous voyez la mati\u00e8re tr\u00e8s fine qui est en polyester. On voit d\u00e9j\u00e0 que les lavages ont ab\u00eem\u00e9 le v\u00eatement. Il y a des fils tir\u00e9s. Nous savons que s&rsquo;il y a encore un ou deux lavages sur ce v\u00eatement, il ne sera plus utilisable. Il y a une question \u00e9thique l\u00e0-dedans, parce que nous ne voulons pas vendre de v\u00eatements aux clients qui vont leur durer deux jours.\u00a0\u00bb<\/p>\n<p> Plusieurs \u00e9tapes de s\u00e9lection <\/p>\n<p>Apr\u00e8s plusieurs \u00e9tapes de s\u00e9lection, ce que l&rsquo;on appelle la cr\u00e8me alimentera bient\u00f4t cinq boutiques \u00e0 Paris et en proche banlieue. D&rsquo;immenses cabas seront aussi distribu\u00e9s \u00e0 des associations. Le reste \u2013 l&rsquo;invendable et l&rsquo;importable \u2013 est stock\u00e9 au rez-de-chauss\u00e9e du b\u00e2timent.<\/p>\n<p>\u00ab\u00a0Vous voyez cette quantit\u00e9\u00a0? Nous n&rsquo;avons jamais connu cela, s&rsquo;exclame Ludovic Vasseur, directeur de la Friperie solidaire, en d\u00e9signant des montagnes de sacs, une trentaine de m\u00e8tres cubes environ. C&rsquo;est tout ce qui va partir en d\u00e9chetterie. Ou en recyclage, pour une part assez faible. Il y a 10 ans, notre taux de r\u00e9emploi \u00e9tait autour de 50 \u00e0 55\u00a0%. Il descend aujourd&rsquo;hui \u00e0 30\u00a0%, peut-\u00eatre m\u00eame en dessous \u00e0 cause des achats neufs faits par les clients. Nos dons refl\u00e8tent les habitudes de consommation.\u00a0\u00bb<\/p>\n<p>Si les 70\u00a0% de textiles restants s&rsquo;entassent ici depuis des mois, c&rsquo;est que tout le reste de la fili\u00e8re est bouch\u00e9\u00a0: un syst\u00e8me de collecte sous-financ\u00e9, des capacit\u00e9s de recyclage insuffisantes et les march\u00e9s de la fripe africains et sud-am\u00e9ricains satur\u00e9s. La fili\u00e8re n&rsquo;a pas d&rsquo;autre choix que de se r\u00e9inventer, les montagnes de v\u00eatements risquant bient\u00f4t de s&rsquo;\u00e9crouler.<\/p>\n<p class=\"a-read-more\">\u00c0 lire aussi<a href=\"https:\/\/www.rfi.fr\/fr\/podcasts\/aujourd-hui-l-\u00e9conomie\/20250527-la-seconde-vie-des-objets-pilier-essentiel-de-l-\u00e9conomie-circulaire\" target=\"_self\" class=\"a-read-more__link\" rel=\"noopener\">La seconde vie des objets, pilier essentiel de l\u2019\u00e9conomie circulaire<\/a><\/p>\n","protected":false},"excerpt":{"rendered":"La France croule sous les d\u00e9chets textiles, des v\u00eatements usag\u00e9s ou pass\u00e9s de mode. Les Fran\u00e7ais ach\u00e8tent deux&hellip;\n","protected":false},"author":2,"featured_media":618971,"comment_status":"","ping_status":"","sticky":false,"template":"","format":"standard","meta":{"footnotes":""},"categories":[4],"tags":[11,13549,130,33,436,1011,27,985,12,5920,25],"class_list":{"0":"post-618970","1":"post","2":"type-post","3":"status-publish","4":"format-standard","5":"has-post-thumbnail","7":"category-france","8":"tag-actualites","9":"tag-commerce-et-distribution","10":"tag-consommation","11":"tag-economie","12":"tag-environnement","13":"tag-fr","14":"tag-france","15":"tag-mode","16":"tag-news","17":"tag-reportage-france","18":"tag-republique-francaise"},"share_on_mastodon":{"url":"https:\/\/pubeurope.com\/@fr\/115771807170774324","error":""},"_links":{"self":[{"href":"https:\/\/www.europesays.com\/fr\/wp-json\/wp\/v2\/posts\/618970","targetHints":{"allow":["GET"]}}],"collection":[{"href":"https:\/\/www.europesays.com\/fr\/wp-json\/wp\/v2\/posts"}],"about":[{"href":"https:\/\/www.europesays.com\/fr\/wp-json\/wp\/v2\/types\/post"}],"author":[{"embeddable":true,"href":"https:\/\/www.europesays.com\/fr\/wp-json\/wp\/v2\/users\/2"}],"replies":[{"embeddable":true,"href":"https:\/\/www.europesays.com\/fr\/wp-json\/wp\/v2\/comments?post=618970"}],"version-history":[{"count":0,"href":"https:\/\/www.europesays.com\/fr\/wp-json\/wp\/v2\/posts\/618970\/revisions"}],"wp:featuredmedia":[{"embeddable":true,"href":"https:\/\/www.europesays.com\/fr\/wp-json\/wp\/v2\/media\/618971"}],"wp:attachment":[{"href":"https:\/\/www.europesays.com\/fr\/wp-json\/wp\/v2\/media?parent=618970"}],"wp:term":[{"taxonomy":"category","embeddable":true,"href":"https:\/\/www.europesays.com\/fr\/wp-json\/wp\/v2\/categories?post=618970"},{"taxonomy":"post_tag","embeddable":true,"href":"https:\/\/www.europesays.com\/fr\/wp-json\/wp\/v2\/tags?post=618970"}],"curies":[{"name":"wp","href":"https:\/\/api.w.org\/{rel}","templated":true}]}}