{"id":618978,"date":"2025-12-24T00:59:12","date_gmt":"2025-12-24T00:59:12","guid":{"rendered":"https:\/\/www.europesays.com\/fr\/618978\/"},"modified":"2025-12-24T00:59:12","modified_gmt":"2025-12-24T00:59:12","slug":"challenge-dv-junior-au-debut-et-a-la-fin-actualite","status":"publish","type":"post","link":"https:\/\/www.europesays.com\/fr\/618978\/","title":{"rendered":"Challenge DV Junior : Au d\u00e9but et \u00e0 la fin &#8211; Actualit\u00e9"},"content":{"rendered":"<p style=\"text-align: justify;\">Alban Picard \u00e9tait en t\u00eate du classement des J1 en d\u00e9but de saison. Il l&rsquo;est encore \u00e0 la fin. Mais le soci\u00e9taire du CC Marmande 47 n&rsquo;est pas rest\u00e9 \u00e0 la premi\u00e8re place du d\u00e9but \u00e0 la fin. Il a connu des hauts et des bas mais au final, c&rsquo;est bien lui qui est le meilleur J1 du Challenge DV Junior.<\/p>\n<p style=\"text-align: justify;\">Sa victoire dans le Troph\u00e9e de la Ville de Ch\u00e2tellerault lance sa saison. Puis Paul Hawrylak le supplante en t\u00eate du classement gr\u00e2ce \u00e0 son bon Penn Ar Bed-Bro an Hirwazh (5e du g\u00e9n\u00e9ral). Le coureur d&rsquo;Argenteuil Val de Seine Cyclisme est d\u00e9tr\u00f4n\u00e9 par Cl\u00e9ment Bouyssou, 3e d&rsquo;\u00c0 Travers le Beaujolais et 4e de la Classic R\u00e9gion Sud \u00e0 la Montagne de Lure \u00e0 la fin juin.<\/p>\n<p><strong>LE REBOND DE L&rsquo;ABITIBI<\/strong><\/p>\n<p>Alban Picard va retrouver la premi\u00e8re place \u00e0 la fin du mois de juillet. S\u00e9lectionn\u00e9 en \u00e9quipe de France, il participe au Tour d&rsquo;Abitibi. Il revient du Qu\u00e9bec avec une victoire d&rsquo;\u00e9tape, la 2e place du g\u00e9n\u00e9ral et 320 points suppl\u00e9mentaires. De quoi voir venir, surtout que le J1 marque encore des points \u00e0 la Ronde des Vall\u00e9es, au Grand Prix de la Tomate et au Keizer der Juniores.<\/p>\n<p>Le coureur de la r\u00e9serve Juniors de la Groupama-FDJ a connu plusieurs dauphins. Le dernier est Simon Defrance gr\u00e2ce \u00e0 sa derni\u00e8re ligne droite de la saison. Fin septembre, il termine 3e du Keizer der Juniores. En deux jours, il marque 124 points. D\u00e9j\u00e0 \u00e0 la mi-ao\u00fbt, il s&rsquo;\u00e9tait class\u00e9 3e de la Ronde des Vall\u00e9es, avec 130 unit\u00e9s \u00e0 la clef. En deux courses par \u00e9tapes, Simon Defrance a engrang\u00e9 43% de son capital. C&rsquo;est dans sa sp\u00e9cialit\u00e9 du contre-la-montre que le Champion de Nouvelle-Aquitaine a remport\u00e9 son premier succ\u00e8s au niveau UCI avec le chrono de la Penn Ar Bed-Bro an Hirwazh.<\/p>\n<p><strong>LA REMONT\u00c9E DE SOEN LE PANN APR\u00c8S LE VALROMEY<\/strong><\/p>\n<p>Sur la 3e marche du podium des J1 du Challenge DV Junior, Soen Le Pann a d\u00fb attendre le Tour du Valromey pour marquer de gros points. <a href=\"https:\/\/www.directvelo.com\/actualite\/122146\/la-belle-premiere-de-soen-le-pann-au-valromey\" target=\"_blank\" rel=\"noopener\"><strong>Une fracture de la clavicule au Tour du Carmausin S\u00e9gala l&rsquo;avait coup\u00e9 dans son \u00e9lan<\/strong><\/a>. Sous le maillot de Decathlon AG2R La Mondiale U19 Team, il se classe 3e de la 1\u00e8re \u00e9tape. Puis le soci\u00e9taire de l&rsquo;EC Plestin Pays du Tr\u00e9gor\u00a0 termine 2e de La Sportbreizh Juniors puis vice-Champion de France contre-la-montre et 5e de la course en ligne. Sp\u00e9cialiste du cyclo-cross, Soen Le Pann avait commenc\u00e9 sa saison avec la 7e place du Championnat du Monde \u00e0 Li\u00e9vin.<\/p>\n<p>Apr\u00e8s avoir r\u00e9alis\u00e9 une belle premi\u00e8re saison, est-ce que les meilleurs J1 seront forc\u00e9ment les protagonistes en t\u00eate du Challenge DV Junior ? Il n&rsquo;y a aucune r\u00e8gle dans ce domaine mais Arthur Alexandre, meilleur J1 en 2024, a r\u00e9alis\u00e9 un bel exercice 2025 avec la 5e place du Challenge DirectVelo.<\/p>\n<p><strong>Palmar\u00e8s du Challenge DV Junior des J1<\/strong>\u00a0:<br \/>2015 Tanguy Turgis 651 pts<br \/>2016 Florentin Lecamus-Lambert 711 pts<br \/>2017 Louis Barr\u00e9 536 pts<br \/>2018 Alex Baudin 671 pts<br \/>2019 Cl\u00e9ment Lecerf 391 pts<br \/>2020 Romain Gr\u00e9goire 453 pts<br \/>2021 Noa Isidore 679 pts<br \/>2022 Matys Grisel 799 pts<br \/>2023 Paul Seixas 1082 pts<br \/>2024 Arthur Alexandre 645 pts<\/p>\n<p><strong>Le classement des J1 du Challenge DV Junior :<\/strong><\/p>\n","protected":false},"excerpt":{"rendered":"Alban Picard \u00e9tait en t\u00eate du classement des J1 en d\u00e9but de saison. Il l&rsquo;est encore \u00e0 la&hellip;\n","protected":false},"author":2,"featured_media":618979,"comment_status":"","ping_status":"","sticky":false,"template":"","format":"standard","meta":{"footnotes":""},"categories":[1411],"tags":[834,828,836,829,837,827,83,826,824,823,1154,207,814,817,815,816,822,821,832,211,839,1011,27,820,818,819,835,831,830,833,838,60,212,208,825],"class_list":{"0":"post-618978","1":"post","2":"type-post","3":"status-publish","4":"format-standard","5":"has-post-thumbnail","7":"category-cyclisme","8":"tag-attaque","9":"tag-belgique","10":"tag-braquet","11":"tag-bretagne","12":"tag-chute","13":"tag-competition","14":"tag-coupe-de-france","15":"tag-coureur","16":"tag-course-cyclisme","17":"tag-course-cycliste","18":"tag-cycling","19":"tag-cyclisme","20":"tag-direct","21":"tag-direct-velo","22":"tag-directvelo","23":"tag-directvelo-com","24":"tag-epreuve","25":"tag-epreuve-cycliste","26":"tag-federation-francaise-de-cyclisme","27":"tag-ffc","28":"tag-flandres","29":"tag-fr","30":"tag-france","31":"tag-live","32":"tag-live-course","33":"tag-live-epreuve","34":"tag-peloton","35":"tag-radio-peloton","36":"tag-radio-tour","37":"tag-ravitaillement","38":"tag-relance","39":"tag-sports","40":"tag-uci","41":"tag-velo","42":"tag-velos"},"share_on_mastodon":{"url":"https:\/\/pubeurope.com\/@fr\/115771838595400836","error":""},"_links":{"self":[{"href":"https:\/\/www.europesays.com\/fr\/wp-json\/wp\/v2\/posts\/618978","targetHints":{"allow":["GET"]}}],"collection":[{"href":"https:\/\/www.europesays.com\/fr\/wp-json\/wp\/v2\/posts"}],"about":[{"href":"https:\/\/www.europesays.com\/fr\/wp-json\/wp\/v2\/types\/post"}],"author":[{"embeddable":true,"href":"https:\/\/www.europesays.com\/fr\/wp-json\/wp\/v2\/users\/2"}],"replies":[{"embeddable":true,"href":"https:\/\/www.europesays.com\/fr\/wp-json\/wp\/v2\/comments?post=618978"}],"version-history":[{"count":0,"href":"https:\/\/www.europesays.com\/fr\/wp-json\/wp\/v2\/posts\/618978\/revisions"}],"wp:featuredmedia":[{"embeddable":true,"href":"https:\/\/www.europesays.com\/fr\/wp-json\/wp\/v2\/media\/618979"}],"wp:attachment":[{"href":"https:\/\/www.europesays.com\/fr\/wp-json\/wp\/v2\/media?parent=618978"}],"wp:term":[{"taxonomy":"category","embeddable":true,"href":"https:\/\/www.europesays.com\/fr\/wp-json\/wp\/v2\/categories?post=618978"},{"taxonomy":"post_tag","embeddable":true,"href":"https:\/\/www.europesays.com\/fr\/wp-json\/wp\/v2\/tags?post=618978"}],"curies":[{"name":"wp","href":"https:\/\/api.w.org\/{rel}","templated":true}]}}