{"id":618984,"date":"2025-12-24T01:02:16","date_gmt":"2025-12-24T01:02:16","guid":{"rendered":"https:\/\/www.europesays.com\/fr\/618984\/"},"modified":"2025-12-24T01:02:16","modified_gmt":"2025-12-24T01:02:16","slug":"durant-365-jours-robin-dromard-va-photographier-cette-seule-et-unique-rue","status":"publish","type":"post","link":"https:\/\/www.europesays.com\/fr\/618984\/","title":{"rendered":"durant 365 jours, Robin Dromard va photographier cette seule et unique rue"},"content":{"rendered":"<p>                    Par<br \/>\n        <strong><br \/>\n            <a href=\"https:\/\/actu.fr\/auteur\/joffreyfodimbi\" title=\"Consulter tous les articles de Joffrey Fodimbi\" target=\"_blank\" rel=\"noopener\">Joffrey Fodimbi<\/a><br \/>\n                    <\/strong><\/p>\n<p>        Publi\u00e9 le<\/p>\n<p>            23 d\u00e9c. 2025 \u00e0 11h56        <\/p>\n<p data-end=\"465\">Si vous \u00eates un habitu\u00e9 des manifestations organis\u00e9es par la Ville de <a href=\"https:\/\/actu.fr\/bourgogne-franche-comte\/lons-le-saunier_39300\" target=\"_blank\" rel=\"noopener\">Lons-le-Saunier<\/a>, vous l\u2019avez certainement d\u00e9j\u00e0 crois\u00e9.<\/p>\n<p data-end=\"465\" class=\" wall-content\">Discret derri\u00e8re son appareil photo, Robin Dromard, 36\u00a0ans, est l\u2019une des trois figures qui g\u00e8rent le <b>service communication<\/b> de la municipalit\u00e9.<\/p>\n<p data-end=\"465\" class=\" wall-content\">Mais ce n\u2019est pas avec cette casquette qu\u2019il officie derri\u00e8re le projet <a href=\"https:\/\/www.instagram.com\/365ruetamisier\/\" target=\"_blank\" rel=\"noopener\">365 rue Tamisier<\/a>, sur <b>Instagram<\/b>, mais bien avec son regard personnel.<\/p>\n<p data-end=\"465\" class=\" wall-content\">\n<a href=\"https:\/\/www.instagram.com\/p\/DSFFA4Sjaq5\/embed\" title=\"Ouvrir le lien sur Instagram\" target=\"_blank\" rel=\"noopener\">Visualiser le contenu sur Instagram<\/a><\/p>\n<p data-end=\"735\" class=\" wall-content\">Originaire du Jura, celui qui a grandi entre l\u2019<b>Afrique de l\u2019Ouest<\/b> et <b>Madagascar <\/b>au gr\u00e9 des d\u00e9placements familiaux, et qui a d\u00e9but\u00e9 sa carri\u00e8re professionnelle en tant que <b>freelance <\/b>\u00e0 <b>Montr\u00e9al <\/b>puis \u00e0 <b>Turin<\/b>, est revenu dans le Jura depuis <b>2021<\/b>.<\/p>\n<p>Un certain nombre de contraintes<\/p>\n<p data-end=\"1007\" class=\" wall-content\">\u00ab\u2009En parall\u00e8le de mes activit\u00e9s professionnelles, j\u2019ai toujours fait de la<b> photo de rue,<\/b> sur le vif. Mais je commen\u00e7ais \u00e0 <b>stagner\u2009<\/b>; aussi j\u2019ai d\u00e9cid\u00e9 de me lancer dans ce nouveau projet afin d\u2019\u00e9voluer \u00e0 nouveau en m\u2019imposant <b>un certain nombre de contraintes<\/b>.\u2009\u00bb<\/p>\n<p data-end=\"1311\" class=\" wall-content\">Ainsi, le trentenaire a-t-il d\u00e9cid\u00e9 de photographier <b>une seule et m\u00eame rue<\/b> durant une ann\u00e9e, <b>uniquement en noir et blanc<\/b>.<\/p>\n<p data-end=\"1311\" class=\" wall-content\">\u00ab\u2009Cette rue, j\u2019y habite. M\u00eame si elle n\u2019a <b>rien de particulier<\/b>, que ce n\u2019est qu\u2019une <b>rue de passage<\/b>, il y a de la <b>vie<\/b>, des <b>visages<\/b>, de l\u2019<b>insolite<\/b> que je veux mettre en avant.\u2009\u00bb<\/p>\n<p>Votre r\u00e9gion, votre actu !<\/p>\n<p>Recevez chaque jour les infos qui comptent pour vous.<\/p>\n<p>\t<a href=\"https:\/\/actu.fr\/newsletter\" class=\"ac-btn ac-btn--corner ac-btn--medium ac-btn--blue800\" target=\"_blank\" rel=\"noopener\">S&rsquo;incrire<\/a><\/p>\n<p data-end=\"1311\" class=\" wall-content\">\n<a href=\"https:\/\/www.instagram.com\/p\/DQ6H5ALDQ4F\/embed\" title=\"Ouvrir le lien sur Instagram\" target=\"_blank\" rel=\"noopener\">Visualiser le contenu sur Instagram<\/a><\/p>\n<p data-end=\"1523\" class=\" wall-content\">Depuis <b>octobre\u00a02025 <\/b>donc, Robin Dromard photographie la rue sous toutes ses coutures, \u00ab\u2009\u00e0 l\u2019instinct. Je ne fais pas que des portraits, je cherche avant tout des choses qui accrochent mon regard.\u2009\u00bb<\/p>\n<p data-end=\"1799\" data-is-only-node=\"\" class=\" wall-content\">\u00c0 terme, le photographe, qui partage son travail sur les r\u00e9seaux sociaux, aimerait faire un certain nombre de <b>tirages <\/b>\u00e0 exposer lors d\u2019un \u00e9v\u00e9nement d\u00e9di\u00e9 dans ladite rue. Alors si vous passez rue Tamisier, ouvrez l\u2019\u0153il, peut-\u00eatre croiserez-vous son objectif.<\/p>\n<p class=\" wall-content\">Personnalisez votre actualit\u00e9 en ajoutant vos villes et m\u00e9dias en favori avec <a href=\"https:\/\/moncompte.actu.fr\" title=\"D\u00e9couvez Mon Actu\" rel=\"nofollow noopener\" data-trk=\"{&quot;cta&quot;:{&quot;action&quot;:&quot;https:\\\/\\\/moncompte.actu.fr&quot;,&quot;category&quot;:&quot;mon compte&quot;,&quot;from&quot;:&quot;article footer&quot;,&quot;name&quot;:&quot;Mon actu&quot;,&quot;type&quot;:&quot;cta&quot;}}\" target=\"_blank\">Mon Actu<\/a>.<\/p>\n<p>                    <script async src=\"\/\/www.instagram.com\/embed.js\"><\/script><\/p>\n","protected":false},"excerpt":{"rendered":"Par Joffrey Fodimbi Publi\u00e9 le 23 d\u00e9c. 2025 \u00e0 11h56 Si vous \u00eates un habitu\u00e9 des manifestations organis\u00e9es&hellip;\n","protected":false},"author":2,"featured_media":618985,"comment_status":"","ping_status":"","sticky":false,"template":"","format":"standard","meta":{"footnotes":""},"categories":[1358],"tags":[1348,1384,1385,1386,58,59,1011,27,1756,104],"class_list":{"0":"post-618984","1":"post","2":"type-post","3":"status-publish","4":"format-standard","5":"has-post-thumbnail","7":"category-arts-et-design","8":"tag-arts","9":"tag-arts-and-design","10":"tag-arts-et-design","11":"tag-design","12":"tag-divertissement","13":"tag-entertainment","14":"tag-fr","15":"tag-france","16":"tag-photographie","17":"tag-societe"},"share_on_mastodon":{"url":"https:\/\/pubeurope.com\/@fr\/115771850289437580","error":""},"_links":{"self":[{"href":"https:\/\/www.europesays.com\/fr\/wp-json\/wp\/v2\/posts\/618984","targetHints":{"allow":["GET"]}}],"collection":[{"href":"https:\/\/www.europesays.com\/fr\/wp-json\/wp\/v2\/posts"}],"about":[{"href":"https:\/\/www.europesays.com\/fr\/wp-json\/wp\/v2\/types\/post"}],"author":[{"embeddable":true,"href":"https:\/\/www.europesays.com\/fr\/wp-json\/wp\/v2\/users\/2"}],"replies":[{"embeddable":true,"href":"https:\/\/www.europesays.com\/fr\/wp-json\/wp\/v2\/comments?post=618984"}],"version-history":[{"count":0,"href":"https:\/\/www.europesays.com\/fr\/wp-json\/wp\/v2\/posts\/618984\/revisions"}],"wp:featuredmedia":[{"embeddable":true,"href":"https:\/\/www.europesays.com\/fr\/wp-json\/wp\/v2\/media\/618985"}],"wp:attachment":[{"href":"https:\/\/www.europesays.com\/fr\/wp-json\/wp\/v2\/media?parent=618984"}],"wp:term":[{"taxonomy":"category","embeddable":true,"href":"https:\/\/www.europesays.com\/fr\/wp-json\/wp\/v2\/categories?post=618984"},{"taxonomy":"post_tag","embeddable":true,"href":"https:\/\/www.europesays.com\/fr\/wp-json\/wp\/v2\/tags?post=618984"}],"curies":[{"name":"wp","href":"https:\/\/api.w.org\/{rel}","templated":true}]}}