{"id":618986,"date":"2025-12-24T01:04:16","date_gmt":"2025-12-24T01:04:16","guid":{"rendered":"https:\/\/www.europesays.com\/fr\/618986\/"},"modified":"2025-12-24T01:04:16","modified_gmt":"2025-12-24T01:04:16","slug":"un-si-grand-soleil-les-resumes-des-episodes-jusquau-16-janvier-2026-avec-un-voyage-dramatique-pour-charlotte","status":"publish","type":"post","link":"https:\/\/www.europesays.com\/fr\/618986\/","title":{"rendered":"Un si grand soleil\u00a0: les r\u00e9sum\u00e9s des \u00e9pisodes jusqu\u2019au 16 janvier 2026 avec un voyage dramatique pour Charlotte"},"content":{"rendered":"<p>\n\t\t\t\t\t\tPubli\u00e9 le 23\/12\/2025 \u00e0 20:37<\/p>\n<p>D\u00e9couvrez les temps forts du feuilleton <strong> Un si grand soleil\u00a0<\/strong> dans les \u00e9pisodes in\u00e9dits diffus\u00e9s entre le lundi 29 d\u00e9cembre 2025 et le vendredi 16 janvier 2026 \u00e0 20h45 sur France 3.<\/p>\n<p>Dans la s\u00e9rie <a href=\"https:\/\/toutelatele.ouest-france.fr\/un-si-grand-soleil-1389\" target=\"_blank\" rel=\"noopener\"><strong> Un si grand soleil <\/strong><\/a>, diffus\u00e9e du lundi au vendredi aux alentours de 20h40 sur l\u2019antenne de France 3, les t\u00e9l\u00e9spectateurs suivent les aventures des habitants de Montpellier. Toutelatele vous propose de d\u00e9couvrir les r\u00e9sum\u00e9s des prochains \u00e9pisodes de la s\u00e9rie, programm\u00e9s du lundi 29 d\u00e9cembre 2025 au vendredi 16 janvier 2026.<\/p>\n<p>Dans la suite des intrigues \u00e0 venir, Charlotte s\u2019appr\u00eate \u00e0 effectuer un voyage scolaire, mais sa relation avec Sacha prend une autre tournure. Cette distance pourrait-elle \u00eatre dramatique pour le jeune homme\u00a0? Par ailleurs, ce voyage scolaire va tourner au drame dans les jours \u00e0 venir. Que va-t-il se passer\u00a0?<\/p>\n<p> Un si grand soleil\u00a0: Florent d\u00e9passe les limites<\/p>\n<p><strong>Lundi 29 d\u00e9cembre 2025 (\u00e9pisode 1824)<\/strong><br class=\"autobr\"\/><br \/>\nTandis que Florent et Claire sont d\u00e9termin\u00e9s \u00e0 obtenir des r\u00e9ponses, Alix a une d\u00e9sagr\u00e9able surprise. De son c\u00f4t\u00e9, Becker (<strong>Yvon Back<\/strong>) ne veut pas se rater.<\/p>\n<p><strong>Mardi 30 d\u00e9cembre 2025 (\u00e9pisode 1825)<\/strong><br class=\"autobr\"\/><br \/>\nAlors que Claire prend des risques pour parvenir \u00e0 ses fins, J\u00e9r\u00e9my (<strong>Ali Hasniou<\/strong>) stresse pour une \u00e9ch\u00e9ance \u00e0 venir. De son c\u00f4t\u00e9, Aude ne veut \u00e9carter aucune piste.<\/p>\n<p><strong>Mercredi 31 d\u00e9cembre 2025 (\u00e9pisode 1826)<\/strong><br class=\"autobr\"\/><br \/>\nAlors que l\u2019enqu\u00eate de Claire prend un tour inattendu, Florent (<strong>Fabrice Deville<\/strong>) franchira-t-il la limite\u00a0? De son c\u00f4t\u00e9, J\u00e9r\u00e9my trouve toujours une solution \u00e0 ses probl\u00e8mes. Quant \u00e0 Laurine (<strong>L\u00e9a Gillard<\/strong>), elle pense pouvoir parvenir \u00e0 ses fins.<\/p>\n<p><strong>Jeudi 1er janvier 2026 (\u00e9pisode 1827)<\/strong><br class=\"autobr\"\/><br \/>\nClaire se lance dans une partie de golf et fait une rencontre inattendue, pendant qu\u2019Alix se sent pers\u00e9cut\u00e9e. Victor (<strong>Bertrand Farge<\/strong>), quant \u00e0 lui, est dans le collimateur de la police.<\/p>\n<p><strong>Vendredi 2 janvier 2026 (\u00e9pisode 1828)<\/strong><br class=\"autobr\"\/><br \/>\nClaire d\u00e9cide de faire appel \u00e0 un ami pour l\u2019aider. Pendant ce temps, Alix jure qu\u2019elle est innocente, et Florent n\u2019a plus vraiment la t\u00eate \u00e0 ce qu\u2019il fait.<\/p>\n<p> Un si grand soleil\u00a0: Alix seule face \u00e0 la police<\/p>\n<p><strong>Lundi 5 janvier 2026 (\u00e9pisode 1829)<\/strong><br class=\"autobr\"\/><br \/>\nAlors que l\u2019enqu\u00eate de police se resserre autour de Victor, la galerie d\u2019Alix s\u2019enfonce dans de graves difficult\u00e9s financi\u00e8res.<\/p>\n<p><strong>Mardi 6 janvier 2026 (\u00e9pisode 1830)<\/strong><br class=\"autobr\"\/><br \/>\nTandis que Claire et Florent jouent \u00e0 un jeu dangereux, Alix fait un triste constat sur sa carri\u00e8re.<\/p>\n<p><strong>Mercredi 7 janvier 2026 (\u00e9pisode 1831)<\/strong><br class=\"autobr\"\/><br \/>\nSacha prend de plus en plus de place dans le quotidien de Charlotte. De son c\u00f4t\u00e9, accul\u00e9e, Claire ne compte pas baisser les bras.<\/p>\n<blockquote class=\"instagram-media\" data-instgrm-captioned=\"\" data-instgrm-permalink=\"https:\/\/www.instagram.com\/p\/DSelFvWjqri\/?utm_source=ig_embed&amp;utm_campaign=loading\" data-instgrm-version=\"14\" style=\" background:#FFF; border:0; border-radius:3px; box-shadow:0 0 1px 0 rgba(0,0,0,0.5),0 1px 10px 0 rgba(0,0,0,0.15); margin: 1px; max-width:540px; min-width:300px; padding:0; width:99.375%; width:-webkit-calc(100% - 2px); width:calc(100% - 2px);\"\/>\n<p><strong>Jeudi 8 janvier 2026 (\u00e9pisode 1832)<\/strong><br class=\"autobr\"\/><br \/>\nLes r\u00e9sultats d\u2019analyse du tableau de Valmy tombent\u00a0: Becker r\u00e9ussira-t-il \u00e0 coincer Alix\u00a0? Quant \u00e0 Florent, jusqu\u2019o\u00f9 est-il pr\u00eat \u00e0 risquer son couple pour sauver H\u00e9l\u00e8ne (<strong>Sophie le Tellier<\/strong>)\u00a0?<\/p>\n<p><strong>Vendredi 9 janvier 2026 (\u00e9pisode 1833)<\/strong><br class=\"autobr\"\/><br \/>\nLa relation de Charlotte (<strong>Clemence Boeuf<\/strong>) prend une nouvelle tournure. Quant \u00e0 Claire, ses sentiments pour Florent ont-ils vraiment disparu\u00a0?<\/p>\n<p> Un si grand soleil\u00a0: Charlotte traumatis\u00e9e<\/p>\n<p><strong>Lundi 12 janvier 2026 (\u00e9pisode 1834)<\/strong><br class=\"autobr\"\/><br \/>\nTandis que Cl\u00e9mence se retrouve au mauvais endroit au mauvais moment, C\u00e9cile (<strong>Marie-Ga\u00eblle Cals<\/strong>) ne compte pas baisser les bras face \u00e0 Claire (<strong>M\u00e9lanie Maudran<\/strong>).<\/p>\n<p><strong>Mardi 13 janvier 2026 (\u00e9pisode 1835)<\/strong><br class=\"autobr\"\/><br \/>\nFlorent et Claire doivent avoir une conversation importante. De son c\u00f4t\u00e9, Sacha invite Charlotte chez lui, avec une id\u00e9e bien pr\u00e9cise derri\u00e8re la t\u00eate.<\/p>\n<p><strong>Mercredi 14 janvier 2026 (\u00e9pisode 1836)<\/strong><br class=\"autobr\"\/><br \/>\nJos\u00e9 (<strong>Guillaume Lanson<\/strong>) fait une proposition de business \u00e0 Alix. Quant \u00e0 Charlotte, elle comprend que son voyage scolaire s\u2019annonce infernal.<\/p>\n<p><strong>Jeudi 15 janvier 2026 (\u00e9pisode 1837)<\/strong><br class=\"autobr\"\/><br \/>\nAlors qu\u2019Alix (<strong>Nadia Fossier<\/strong>) se retrouve dans une impasse, Janet (<strong>Tonya Kinzinger<\/strong>) pourrait avoir une solution pour elle. De son c\u00f4t\u00e9, Charlotte d\u00e9couvre une autre facette de Sacha.<\/p>\n<p><strong>Vendredi 16 janvier 2026 (\u00e9pisode 1838)<\/strong><br class=\"autobr\"\/><br \/>\nTandis que Becker se r\u00e9signe \u00e0 faire une bonne action, le voyage scolaire prend une tournure inattendue.<\/p>\n<p>Un si grand soleil\u00a0: les temps forts des 3 semaines \u00e0 venir<\/p>\n<p>Alix traverse une p\u00e9riode particuli\u00e8rement dramatique. Sa galerie d\u2019art est sur le point de fermer et Yvon Chaligny semble proche de la victoire. Mais la responsable de la galerie regorge de ressources et dispose surtout de nombreux contacts. Jos\u00e9 lui propose alors de s\u2019associer avec elle pour monter un nouveau business.<\/p>\n<p><strong> Un si grand soleil <\/strong> est \u00e0 retrouver du lundi au vendredi \u00e0 20h45 sur <a href=\"https:\/\/toutelatele.ouest-france.fr\/france-3-012\" target=\"_blank\" rel=\"noopener\">France 3<\/a>.<\/p>\n<p> <script async src=\"\/\/www.instagram.com\/embed.js\"><\/script><\/p>\n","protected":false},"excerpt":{"rendered":"Publi\u00e9 le 23\/12\/2025 \u00e0 20:37 D\u00e9couvrez les temps forts du feuilleton Un si grand soleil\u00a0 dans les \u00e9pisodes&hellip;\n","protected":false},"author":2,"featured_media":618987,"comment_status":"","ping_status":"","sticky":false,"template":"","format":"standard","meta":{"footnotes":""},"categories":[1356],"tags":[58,59,1011,27,252,1364],"class_list":{"0":"post-618986","1":"post","2":"type-post","3":"status-publish","4":"format-standard","5":"has-post-thumbnail","7":"category-television","8":"tag-divertissement","9":"tag-entertainment","10":"tag-fr","11":"tag-france","12":"tag-television","13":"tag-tv"},"share_on_mastodon":{"url":"https:\/\/pubeurope.com\/@fr\/115771858221817782","error":""},"_links":{"self":[{"href":"https:\/\/www.europesays.com\/fr\/wp-json\/wp\/v2\/posts\/618986","targetHints":{"allow":["GET"]}}],"collection":[{"href":"https:\/\/www.europesays.com\/fr\/wp-json\/wp\/v2\/posts"}],"about":[{"href":"https:\/\/www.europesays.com\/fr\/wp-json\/wp\/v2\/types\/post"}],"author":[{"embeddable":true,"href":"https:\/\/www.europesays.com\/fr\/wp-json\/wp\/v2\/users\/2"}],"replies":[{"embeddable":true,"href":"https:\/\/www.europesays.com\/fr\/wp-json\/wp\/v2\/comments?post=618986"}],"version-history":[{"count":0,"href":"https:\/\/www.europesays.com\/fr\/wp-json\/wp\/v2\/posts\/618986\/revisions"}],"wp:featuredmedia":[{"embeddable":true,"href":"https:\/\/www.europesays.com\/fr\/wp-json\/wp\/v2\/media\/618987"}],"wp:attachment":[{"href":"https:\/\/www.europesays.com\/fr\/wp-json\/wp\/v2\/media?parent=618986"}],"wp:term":[{"taxonomy":"category","embeddable":true,"href":"https:\/\/www.europesays.com\/fr\/wp-json\/wp\/v2\/categories?post=618986"},{"taxonomy":"post_tag","embeddable":true,"href":"https:\/\/www.europesays.com\/fr\/wp-json\/wp\/v2\/tags?post=618986"}],"curies":[{"name":"wp","href":"https:\/\/api.w.org\/{rel}","templated":true}]}}