{"id":618990,"date":"2025-12-24T01:06:11","date_gmt":"2025-12-24T01:06:11","guid":{"rendered":"https:\/\/www.europesays.com\/fr\/618990\/"},"modified":"2025-12-24T01:06:11","modified_gmt":"2025-12-24T01:06:11","slug":"la-critique-dun-premier-film-francais-prometteur","status":"publish","type":"post","link":"https:\/\/www.europesays.com\/fr\/618990\/","title":{"rendered":"la critique d&rsquo;un premier film fran\u00e7ais prometteur"},"content":{"rendered":"<p>                        <a class=\"author\" href=\"https:\/\/www.parismatch.com\/auteurs\/yannick-vely\" target=\"_blank\" rel=\"noopener\">Yannick Vely<\/a><br \/>\n        23\/12\/2025 \u00e0 21:13, Mis \u00e0 jour le 23\/12\/2025 \u00e0 22:51<\/p>\n<p class=\"intro\">Portrait d&rsquo;une jeune femme en terre inconnue, \u00abL&rsquo;Engloutie\u00bb de Louise Hemon s&rsquo;appuie sur une grande actrice en devenir, Galatea Bellugi.<\/p>\n<p><strong>Le synopsis<\/strong><\/p>\n<p>1899. Par une nuit de temp\u00eate, Aim\u00e9e, jeune institutrice r\u00e9publicaine, arrive dans un hameau enneig\u00e9 aux confins des Hautes-Alpes. Malgr\u00e9 la m\u00e9fiance des habitants, elle se montre bien d\u00e9cid\u00e9e \u00e0 \u00e9clairer de ses lumi\u00e8res leurs croyances obscures. Alors qu\u2019elle se fond dans la vie de la communaut\u00e9, un vertige sensuel grandit en elle. Jusqu\u2019au jour o\u00f9 une avalanche engloutit un premier montagnard\u2026<\/p>\n<p>    La suite apr\u00e8s cette publicit\u00e9<\/p>\n<p><strong>La critique de Paris Match (4\/5)<\/strong><\/p>\n<p>    La suite apr\u00e8s cette publicit\u00e9<\/p>\n<p>Le jeune cin\u00e9ma fran\u00e7ais se porte bien, merci pour lui. Tout juste aur\u00e9ol\u00e9 du prix Andr\u00e9 Bazin, qui r\u00e9compense chaque ann\u00e9e un premier long-m\u00e9trage, pass\u00e9 par La Quinzaine des cin\u00e9astes en mai dernier, \u00ab\u00a0L\u2019Engloutie\u00a0\u00bb pourrait bien se hisser in extremis au sommet des tops. C\u2019est qu\u2019il ne manque pas de qualit\u00e9s, ce premier essai de Louise Hemon.\u00a0<\/p>\n<p>Form\u00e9e \u00e0 l\u2019\u00e9cole du documentaire, elle prend le temps de d\u00e9crire une communaut\u00e9, celle des Hautes-Alpes \u00e0 la fin du XIXe\u00a0si\u00e8cle, avec ses traditions, ses croyances et ses chansons. Notre passeur dans ce monde m\u00e9connu est une femme, Aim\u00e9e, qui porte en elle le changement. Celui de l\u2019\u00e9ducation et de la culture tout d\u2019abord &#8211; elle est institutrice &#8211; mais aussi et surtout celui de l\u2019\u00e9mancipation f\u00e9minine et de la libert\u00e9 tr\u00e8s contemporaine de c\u00e9der \u00e0 ses d\u00e9sirs. Cela n\u2019est pas sans risque et Aim\u00e9 devra en payer le prix fort\u2026 La magnifique photographie de Marine Atlan (\u00ab\u00a0Le Ravissement\u00a0\u00bb) sublime le visage et le regard de Galat\u00e9a Bellugi (\u00abChien de la casse\u00bb, \u00abLa Condition\u00bb), formidable actrice. Elle est le c\u0153ur battant d\u2019un film \u00e0 la rude beaut\u00e9.<\/p>\n<p>    La suite apr\u00e8s cette publicit\u00e9<\/p>\n<p>    La suite apr\u00e8s cette publicit\u00e9<\/p>\n<p>De Louise Hemon<br \/>Avec Galatea Bellugi, Matthieu Lucci, Samuel Kircher<\/p>\n","protected":false},"excerpt":{"rendered":"Yannick Vely 23\/12\/2025 \u00e0 21:13, Mis \u00e0 jour le 23\/12\/2025 \u00e0 22:51 Portrait d&rsquo;une jeune femme en terre&hellip;\n","protected":false},"author":2,"featured_media":618991,"comment_status":"","ping_status":"","sticky":false,"template":"","format":"standard","meta":{"footnotes":""},"categories":[1354],"tags":[58,59,1346,1011,27,1360],"class_list":{"0":"post-618990","1":"post","2":"type-post","3":"status-publish","4":"format-standard","5":"has-post-thumbnail","7":"category-films","8":"tag-divertissement","9":"tag-entertainment","10":"tag-films","11":"tag-fr","12":"tag-france","13":"tag-movies"},"share_on_mastodon":{"url":"https:\/\/pubeurope.com\/@fr\/115771866102749035","error":""},"_links":{"self":[{"href":"https:\/\/www.europesays.com\/fr\/wp-json\/wp\/v2\/posts\/618990","targetHints":{"allow":["GET"]}}],"collection":[{"href":"https:\/\/www.europesays.com\/fr\/wp-json\/wp\/v2\/posts"}],"about":[{"href":"https:\/\/www.europesays.com\/fr\/wp-json\/wp\/v2\/types\/post"}],"author":[{"embeddable":true,"href":"https:\/\/www.europesays.com\/fr\/wp-json\/wp\/v2\/users\/2"}],"replies":[{"embeddable":true,"href":"https:\/\/www.europesays.com\/fr\/wp-json\/wp\/v2\/comments?post=618990"}],"version-history":[{"count":0,"href":"https:\/\/www.europesays.com\/fr\/wp-json\/wp\/v2\/posts\/618990\/revisions"}],"wp:featuredmedia":[{"embeddable":true,"href":"https:\/\/www.europesays.com\/fr\/wp-json\/wp\/v2\/media\/618991"}],"wp:attachment":[{"href":"https:\/\/www.europesays.com\/fr\/wp-json\/wp\/v2\/media?parent=618990"}],"wp:term":[{"taxonomy":"category","embeddable":true,"href":"https:\/\/www.europesays.com\/fr\/wp-json\/wp\/v2\/categories?post=618990"},{"taxonomy":"post_tag","embeddable":true,"href":"https:\/\/www.europesays.com\/fr\/wp-json\/wp\/v2\/tags?post=618990"}],"curies":[{"name":"wp","href":"https:\/\/api.w.org\/{rel}","templated":true}]}}