{"id":618999,"date":"2025-12-24T01:11:13","date_gmt":"2025-12-24T01:11:13","guid":{"rendered":"https:\/\/www.europesays.com\/fr\/618999\/"},"modified":"2025-12-24T01:11:13","modified_gmt":"2025-12-24T01:11:13","slug":"la-croissance-americaine-grimpe-trump-affirme-que-lage-dor-economique-est-lance","status":"publish","type":"post","link":"https:\/\/www.europesays.com\/fr\/618999\/","title":{"rendered":"La croissance am\u00e9ricaine grimpe\u2026 Trump affirme que \u00ab\u00a0l\u2019\u00e2ge d\u2019or \u00e9conomique est lanc\u00e9\u00a0\u00bb"},"content":{"rendered":"<p>La croissance des <a href=\"https:\/\/www.20minutes.fr\/monde\/etats-unis\/\" target=\"_blank\" class=\"c-link c-link--is-underlined\" rel=\"noopener\">Etats-Unis<\/a> a atteint 4,3\u00a0% en rythme annualis\u00e9 au troisi\u00e8me trimestre, selon une estimation pr\u00e9liminaire du Bureau of Economic Analysis (BEA). Un niveau in\u00e9dit depuis deux ans, qui a pris de court les march\u00e9s\u00a0: les analystes tablaient sur un net ralentissement de l\u2019activit\u00e9, autour de 3,2\u00a0%, apr\u00e8s 3,8\u00a0% au trimestre pr\u00e9c\u00e9dent, d\u2019apr\u00e8s le consensus de Trading Economics.<\/p>\n<p>Rapport\u00e9e d\u2019un trimestre \u00e0 l\u2019autre, la progression du produit int\u00e9rieur brut s\u2019\u00e9l\u00e8ve \u00e0 1,1\u00a0%. Le BEA souligne que cette hausse est principalement port\u00e9e par une \u00ab\u00a0acc\u00e9l\u00e9ration de la <a href=\"https:\/\/www.20minutes.fr\/dossier\/consommation_des_menages\" target=\"_blank\" class=\"c-link c-link--is-underlined\" rel=\"noopener\">consommation<\/a>\u00a0\u00bb. Les d\u00e9penses publiques, notamment militaires, ainsi que les exportations ont \u00e9galement contribu\u00e9 \u00e0 la dynamique, tandis que les investissements ont l\u00e9g\u00e8rement recul\u00e9.<\/p>\n<p>\u00ab\u00a0L\u2019\u00e2ge d\u2019or \u00e9conomique de Trump est lanc\u00e9\u00a0\u00bb<\/p>\n<p>Ces chiffres ont \u00e9t\u00e9 publi\u00e9s avec pr\u00e8s de deux mois de retard en raison du \u00ab\u00a0shutdown\u00a0\u00bb f\u00e9d\u00e9ral qui a paralys\u00e9 les agences statistiques entre d\u00e9but octobre et mi-novembre. <a href=\"https:\/\/www.20minutes.fr\/dossier\/donald_trump\" target=\"_blank\" class=\"c-link c-link--is-underlined\" rel=\"noopener\">Donald Trump<\/a> s\u2019est empress\u00e9 de saluer ces donn\u00e9es sur Truth Social, affirmant que \u00ab\u00a0l\u2019\u00e2ge d\u2019or \u00e9conomique de Trump est lanc\u00e9 \u00e0 TOUTE vapeur\u00a0\u00bb et que les \u00e9conomistes \u00ab\u00a0se sont tromp\u00e9s mais \u00ab\u00a0TRUMP\u00a0\u00bb et quelques autres g\u00e9nies avaient raison\u00a0\u00bb.<\/p>\n<\/p>\n<p>Dans un autre message, le pr\u00e9sident am\u00e9ricain a attribu\u00e9 ces \u00ab\u00a0chiffres \u00e9conomiques GENIAUX\u00a0\u00bb aux droits de douane instaur\u00e9s depuis son retour \u00e0 la Maison-Blanche, tout en r\u00e9p\u00e9tant qu\u2019il n\u2019y a \u00ab\u00a0PAS D\u2019INFLATION\u00a0\u00bb. Or, selon le BEA, l\u2019inflation mesur\u00e9e par l\u2019indice PCE a r\u00e9acc\u00e9l\u00e9r\u00e9 entre juillet et septembre, tandis que les revenus r\u00e9els, corrig\u00e9s de l\u2019inflation, sont rest\u00e9s stables.<\/p>\n<p>Les m\u00e9nages riches soutiennent la croissance<\/p>\n<p>Pour expliquer la vigueur de la consommation malgr\u00e9 ce contexte, Michael Pearce, \u00e9conomiste chez Oxford Economics, \u00e9voque un effet richesse concentr\u00e9 sur les m\u00e9nages les plus ais\u00e9s. Ces derniers, qui repr\u00e9sentent une part importante des d\u00e9penses, b\u00e9n\u00e9ficient de la hausse continue de l\u2019immobilier et de la bonne performance des march\u00e9s boursiers.<\/p>\n<p><a href=\"https:\/\/www.20minutes.fr\/monde\/etats-unis\/\" target=\"_blank\" class=\"c-link c-btn c-btn--primary\" rel=\"noopener\">Notre dossier sur les Etats-Unis<\/a><\/p>\n<p>Les perspectives apparaissent toutefois plus contrast\u00e9es pour la fin de l\u2019ann\u00e9e. Oliver Allen, de Pantheon Macroeconomics, estime que la croissance sera \u00ab\u00a0moins reluisante\u00a0\u00bb au quatri\u00e8me trimestre, pointant la faiblesse du march\u00e9 du travail, la stagnation des revenus r\u00e9els et l\u2019\u00e9puisement de l\u2019\u00e9pargne accumul\u00e9e pendant la pand\u00e9mie. Le Conference Board note de son c\u00f4t\u00e9 que le moral des consommateurs continue de se d\u00e9grader, sur fond d\u2019inqui\u00e9tudes persistantes li\u00e9es aux prix et \u00e0 l\u2019inflation.<\/p>\n","protected":false},"excerpt":{"rendered":"La croissance des Etats-Unis a atteint 4,3\u00a0% en rythme annualis\u00e9 au troisi\u00e8me trimestre, selon une estimation pr\u00e9liminaire du&hellip;\n","protected":false},"author":2,"featured_media":619000,"comment_status":"","ping_status":"","sticky":false,"template":"","format":"standard","meta":{"footnotes":""},"categories":[6],"tags":[47,35,8410,75,33,34,73,1011,27,9345,78,74,6311,2188],"class_list":{"0":"post-618999","1":"post","2":"type-post","3":"status-publish","4":"format-standard","5":"has-post-thumbnail","7":"category-economie","8":"tag-actualite","9":"tag-business","10":"tag-croissance-economique","11":"tag-donald-trump","12":"tag-economie","13":"tag-economy","14":"tag-etats-unis","15":"tag-fr","16":"tag-france","17":"tag-inflation","18":"tag-maison-blanche","19":"tag-monde","20":"tag-pib","21":"tag-statistiques"},"share_on_mastodon":{"url":"https:\/\/pubeurope.com\/@fr\/115771885969704745","error":""},"_links":{"self":[{"href":"https:\/\/www.europesays.com\/fr\/wp-json\/wp\/v2\/posts\/618999","targetHints":{"allow":["GET"]}}],"collection":[{"href":"https:\/\/www.europesays.com\/fr\/wp-json\/wp\/v2\/posts"}],"about":[{"href":"https:\/\/www.europesays.com\/fr\/wp-json\/wp\/v2\/types\/post"}],"author":[{"embeddable":true,"href":"https:\/\/www.europesays.com\/fr\/wp-json\/wp\/v2\/users\/2"}],"replies":[{"embeddable":true,"href":"https:\/\/www.europesays.com\/fr\/wp-json\/wp\/v2\/comments?post=618999"}],"version-history":[{"count":0,"href":"https:\/\/www.europesays.com\/fr\/wp-json\/wp\/v2\/posts\/618999\/revisions"}],"wp:featuredmedia":[{"embeddable":true,"href":"https:\/\/www.europesays.com\/fr\/wp-json\/wp\/v2\/media\/619000"}],"wp:attachment":[{"href":"https:\/\/www.europesays.com\/fr\/wp-json\/wp\/v2\/media?parent=618999"}],"wp:term":[{"taxonomy":"category","embeddable":true,"href":"https:\/\/www.europesays.com\/fr\/wp-json\/wp\/v2\/categories?post=618999"},{"taxonomy":"post_tag","embeddable":true,"href":"https:\/\/www.europesays.com\/fr\/wp-json\/wp\/v2\/tags?post=618999"}],"curies":[{"name":"wp","href":"https:\/\/api.w.org\/{rel}","templated":true}]}}