{"id":619001,"date":"2025-12-24T01:12:17","date_gmt":"2025-12-24T01:12:17","guid":{"rendered":"https:\/\/www.europesays.com\/fr\/619001\/"},"modified":"2025-12-24T01:12:17","modified_gmt":"2025-12-24T01:12:17","slug":"jair-bolsonaro-autorise-a-sortir-de-prison-pour-etre-opere-a-noel","status":"publish","type":"post","link":"https:\/\/www.europesays.com\/fr\/619001\/","title":{"rendered":"Jair Bolsonaro autoris\u00e9 \u00e0 sortir de prison pour \u00eatre op\u00e9r\u00e9 \u00e0 No\u00ebl"},"content":{"rendered":"<p>Un juge de la Cour supr\u00eame du <a href=\"https:\/\/www.20minutes.fr\/dossier\/bresil\" class=\"c-link c-link--is-underlined\" target=\"_blank\" rel=\"noopener\">Br\u00e9sil<\/a> a autoris\u00e9 mardi l\u2019ex-pr\u00e9sident <a href=\"https:\/\/www.20minutes.fr\/politique\/jair-bolsonaro\/\" class=\"c-link c-link--is-underlined\" target=\"_blank\" rel=\"noopener\">Jair Bolsonaro<\/a> \u00e0 sortir de prison, mercredi, pour \u00eatre hospitalis\u00e9 en vue d\u2019une op\u00e9ration le 25\u00a0d\u00e9cembre. Ce feu vert a \u00e9t\u00e9 donn\u00e9 par le juge Moraes, en charge du proc\u00e8s \u00e0 l\u2019issue duquel l\u2019ancien chef d\u2019Etat (2019-2022) a \u00e9t\u00e9 condamn\u00e9 \u00e0 27 ans de r\u00e9clusion, en septembre, pour tentative de <a href=\"https:\/\/www.20minutes.fr\/monde\/coup_d_tat\/\" class=\"c-link c-link--is-underlined\" target=\"_blank\" rel=\"noopener\">coup d\u2019Etat<\/a>. L\u2019autorisation a \u00e9t\u00e9 accord\u00e9e apr\u00e8s une expertise men\u00e9e par la police f\u00e9d\u00e9rale, qui a consid\u00e9r\u00e9 que l\u2019intervention chirurgicale \u00e9tait justifi\u00e9e.<\/p>\n<p>Jair Bolsonaro, 70 ans, purge sa peine depuis fin novembre dans les locaux de la police f\u00e9d\u00e9rale \u00e0 <a href=\"https:\/\/www.20minutes.fr\/monde\/brasilia\/\" class=\"c-link c-link--is-underlined\" target=\"_blank\" rel=\"noopener\">Brasilia<\/a>. Il pourra en sortir pour la premi\u00e8re fois mercredi, afin d\u2019\u00eatre op\u00e9r\u00e9 le jour de No\u00ebl pour traiter une hernie inguinale, au DF Star, une clinique priv\u00e9e de la capitale br\u00e9silienne. Une hernie inguinale est une protub\u00e9rance dans l\u2019aine produite par la saillie d\u2019un organe comme l\u2019intestin \u00e0 travers la d\u00e9chirure du muscle abdominal.<\/p>\n<\/p>\n<p>Jair Bolsonaro souffre des s\u00e9quelles d\u2019un attentat datant de\u00a02018, quand il avait \u00e9t\u00e9 poignard\u00e9 \u00e0 l\u2019abdomen lors d\u2019un bain de foule en pleine campagne \u00e9lectorale. La dur\u00e9e de son hospitalisation n\u2019a pas \u00e9t\u00e9 pr\u00e9cis\u00e9e. En avril, Bolsonaro avait d\u00e9j\u00e0 subi une lourde op\u00e9ration au DF Star et des dizaines de ses partisans \u00e9taient mass\u00e9es devant l\u2019h\u00f4pital.<\/p>\n<p>Un am\u00e9nagement de sa peine rejet\u00e9 vendredi dernier<\/p>\n<p>Vendredi, le juge Moraes avait par ailleurs rejet\u00e9 un nouveau recours des avocats de M. Bolsonaro et avait refus\u00e9 de lui accorder de purger sa peine \u00e0 domicile. Il a en revanche accept\u00e9 que le g\u00e9n\u00e9ral Augusto Heleno Ribeiro, ancien ministre du gouvernement Bolsonaro condamn\u00e9 lors du m\u00eame proc\u00e8s, b\u00e9n\u00e9ficie d\u2019une assignation \u00e0 r\u00e9sidence. Ce dernier est sorti de prison lundi soir, muni d\u2019un bracelet \u00e9lectronique.<\/p>\n<p><a href=\"https:\/\/www.20minutes.fr\/politique\/jair-bolsonaro\/\" class=\"c-link c-btn c-btn--primary\" target=\"_blank\" rel=\"noopener\">Notre dossier sur Jair Bolsonaro<\/a><\/p>\n<p>Jair Bolsonaro a \u00e9t\u00e9 d\u00e9clar\u00e9 coupable d\u2019avoir \u00e9t\u00e9 le chef d\u2019une \u00ab\u00a0organisation criminelle\u00a0\u00bb ayant conspir\u00e9 avec ce g\u00e9n\u00e9ral et d\u2019autres proches pour assurer son \u00ab\u00a0maintien autoritaire au pouvoir\u00a0\u00bb apr\u00e8s sa d\u00e9faite \u00e9lectorale face au pr\u00e9sident actuel de gauche Luiz Inacio Lula da\u00a0Silva en\u00a02022.<\/p>\n","protected":false},"excerpt":{"rendered":"Un juge de la Cour supr\u00eame du Br\u00e9sil a autoris\u00e9 mardi l\u2019ex-pr\u00e9sident Jair Bolsonaro \u00e0 sortir de prison,&hellip;\n","protected":false},"author":2,"featured_media":619002,"comment_status":"","ping_status":"","sticky":false,"template":"","format":"standard","meta":{"footnotes":""},"categories":[5],"tags":[47,11,2548,1011,27,14,35977,74,12,806,28],"class_list":{"0":"post-619001","1":"post","2":"type-post","3":"status-publish","4":"format-standard","5":"has-post-thumbnail","7":"category-international","8":"tag-actualite","9":"tag-actualites","10":"tag-bresil","11":"tag-fr","12":"tag-france","13":"tag-international","14":"tag-jair-bolsonaro","15":"tag-monde","16":"tag-news","17":"tag-prison","18":"tag-world"},"share_on_mastodon":{"url":"https:\/\/pubeurope.com\/@fr\/115771889761239886","error":""},"_links":{"self":[{"href":"https:\/\/www.europesays.com\/fr\/wp-json\/wp\/v2\/posts\/619001","targetHints":{"allow":["GET"]}}],"collection":[{"href":"https:\/\/www.europesays.com\/fr\/wp-json\/wp\/v2\/posts"}],"about":[{"href":"https:\/\/www.europesays.com\/fr\/wp-json\/wp\/v2\/types\/post"}],"author":[{"embeddable":true,"href":"https:\/\/www.europesays.com\/fr\/wp-json\/wp\/v2\/users\/2"}],"replies":[{"embeddable":true,"href":"https:\/\/www.europesays.com\/fr\/wp-json\/wp\/v2\/comments?post=619001"}],"version-history":[{"count":0,"href":"https:\/\/www.europesays.com\/fr\/wp-json\/wp\/v2\/posts\/619001\/revisions"}],"wp:featuredmedia":[{"embeddable":true,"href":"https:\/\/www.europesays.com\/fr\/wp-json\/wp\/v2\/media\/619002"}],"wp:attachment":[{"href":"https:\/\/www.europesays.com\/fr\/wp-json\/wp\/v2\/media?parent=619001"}],"wp:term":[{"taxonomy":"category","embeddable":true,"href":"https:\/\/www.europesays.com\/fr\/wp-json\/wp\/v2\/categories?post=619001"},{"taxonomy":"post_tag","embeddable":true,"href":"https:\/\/www.europesays.com\/fr\/wp-json\/wp\/v2\/tags?post=619001"}],"curies":[{"name":"wp","href":"https:\/\/api.w.org\/{rel}","templated":true}]}}