{"id":619013,"date":"2025-12-24T01:23:44","date_gmt":"2025-12-24T01:23:44","guid":{"rendered":"https:\/\/www.europesays.com\/fr\/619013\/"},"modified":"2025-12-24T01:23:44","modified_gmt":"2025-12-24T01:23:44","slug":"crues-dans-lherault-les-images-des-inondations-a-montpellier-et-dans-les-environs","status":"publish","type":"post","link":"https:\/\/www.europesays.com\/fr\/619013\/","title":{"rendered":"Crues\u00a0dans l\u2019H\u00e9rault : les images des inondations \u00e0 Montpellier et dans les environs"},"content":{"rendered":"<p class=\"\">Les intemp\u00e9ries r\u00e9guli\u00e8res et abondantes qui se produisent dans le sud de la France depuis la fin de semaine derni\u00e8re ont d\u2019importantes cons\u00e9quences. L\u2019H\u00e9rault reste ainsi ce mardi en <a href=\"https:\/\/www.leparisien.fr\/meteo\/crues-lherault-maintenu-en-vigilance-rouge-jusqua-mercredi-trois-departements-en-vigilance-orange-23-12-2025-UKPSL7PNVFAP3LGAH6DVEA2DNA.php\" target=\"_blank\" rel=\"noreferrer noopener\">vigilance rouge<\/a> (niveau 4 sur 4) en raison des crues, m\u00eame si la d\u00e9crue a commenc\u00e9, a affirm\u00e9 la pr\u00e9f\u00e8te du d\u00e9partement dans la matin\u00e9e. \u00ab La prudence doit rester de mise \u00bb, affirme toutefois Chantal Mauchet.<\/p>\n<p class=\"\">Le d\u00e9partement n\u2019est plus en <a href=\"https:\/\/vigilance.meteofrance.fr\/fr\" target=\"_blank\" rel=\"noreferrer noopener\">vigilance orange<\/a> (niveau 3 sur 4) en raison du motif \u00ab pluie-inondation \u00bb. Une simple vigilance jaune (niveau 2 sur 4) est en vigueur. Sans apport massif et r\u00e9gulier d\u2019eau, le niveau des rivi\u00e8res et des fleuves devrait rapidement diminuer.<\/p>\n<p class=\"\"><a href=\"https:\/\/www.vigicrues.gouv.fr\/bulletin_national\" target=\"_blank\" rel=\"noreferrer noopener\">Vigicrues<\/a>, l\u2019organisme en charge du suivi du niveau des cours d\u2019eau, \u00e9voque une \u00ab situation globale qui s\u2019am\u00e9liore ce mardi \u00bb avec \u00ab les ondes de crues qui se d\u00e9placent vers les zones situ\u00e9es plus en aval. \u00bb<\/p>\n<p class=\"title-embed-dailymotion lp-color-text lp-f-subtitle-04\">Vid\u00e9oJusqu\u2019\u00e0 \u00ab 8 m\u00e8tres \u00bb d\u2019eau, maisons inond\u00e9es : les premi\u00e8res images des crues dans le sud<\/p>\n<p class=\"\">Malgr\u00e9 cela, la situation reste qualifi\u00e9e d\u2019\u00ab exceptionnelle \u00bb par <a href=\"https:\/\/meteofrance.com\/\" target=\"_blank\" rel=\"noreferrer noopener\">M\u00e9t\u00e9o France<\/a>. C\u2019est \u00ab une situation exceptionnelle qui ne s\u2019\u00e9tait pas vue depuis 1994 \u00bb, a abond\u00e9 la pr\u00e9f\u00e8te. De nombreux secteurs de la r\u00e9gion subissent des inondations ou doivent composer avec des cours d\u2019eau mena\u00e7ants avec un fort voire un tr\u00e8s fort d\u00e9bit.<\/p>\n<p>Certains quartiers de Montpellier sont inond\u00e9s<img decoding=\"async\" class=\"image \" loading=\"lazy\" src=\"https:\/\/www.europesays.com\/fr\/wp-content\/uploads\/2025\/12\/P4DYACVSM5EOFBK753IJ77ZFFY.jpg\" alt=\"AFP\/Sylvain Thomas\" align=\"\" data-rubrique-principale=\"\" data-article-type=\"\" fetchpriority=\"auto\"\/>AFP\/Sylvain Thomas Le Lez a fortement gonfl\u00e9 et grimp\u00e9 plusieurs marches sur les installations du bord du fleuve<img decoding=\"async\" class=\"image \" loading=\"lazy\" src=\"https:\/\/www.europesays.com\/fr\/wp-content\/uploads\/2025\/12\/IXTQC74VYNDTDJO66CR326H644.jpg\" alt=\"AFP\/Sylvain Thomas\" align=\"\" data-rubrique-principale=\"\" data-article-type=\"\" fetchpriority=\"auto\"\/>AFP\/Sylvain Thomas <img decoding=\"async\" class=\"image \" loading=\"lazy\" src=\"https:\/\/www.europesays.com\/fr\/wp-content\/uploads\/2025\/12\/5RKNV64OLVH5PPS7UPSSWMAFI4.jpg\" alt=\"AFP\/Sylvain Thomas\" align=\"\" data-rubrique-principale=\"\" data-article-type=\"\" fetchpriority=\"auto\"\/>AFP\/Sylvain Thomas Un homme \u00e9vacue l\u2019eau de ce restaurant dans la commune de Laroque, o\u00f9 le d\u00e9bit de l\u2019H\u00e9rault reste tr\u00e8s important<img decoding=\"async\" class=\"image \" loading=\"lazy\" src=\"https:\/\/www.europesays.com\/fr\/wp-content\/uploads\/2025\/12\/VTCPOLTMGZBFJKQWEJQDOEV63Q.jpg\" alt=\"AFP\/S\u00e9bastien Thomas\" align=\"\" data-rubrique-principale=\"\" data-article-type=\"\" fetchpriority=\"auto\"\/>AFP\/S\u00e9bastien Thomas <img decoding=\"async\" class=\"image \" loading=\"lazy\" src=\"https:\/\/www.europesays.com\/fr\/wp-content\/uploads\/2025\/12\/GXPYP7A47NFA3LANS66R4BIQMU.jpg\" alt=\"AFP\/Sylvain THOMAS\" align=\"\" data-rubrique-principale=\"\" data-article-type=\"\" fetchpriority=\"auto\"\/>AFP\/Sylvain THOMAS Des champs ont \u00e9t\u00e9 inond\u00e9s \u00e0 Bessan<\/p>\n<blockquote class=\"twitter-tweet\">\n<p lang=\"fr\" dir=\"ltr\">\ud83c\udf0a Cette vue a\u00e9rienne de Bessan montre l&rsquo;ampleur de la crue de l&rsquo;H\u00e9rault, dont les eaux s&rsquo;\u00e9tendent tr\u00e8s loin de son lit ! Le tron\u00e7on est en vigilance rouge ce lundi soir. \ud83d\udd34 (\u00a9 mairie) <a href=\"https:\/\/t.co\/QlLVS19rC0\">pic.twitter.com\/QlLVS19rC0<\/a><\/p>\n<p>\u2014 M\u00e9t\u00e9o Express (@MeteoExpress) <a href=\"https:\/\/twitter.com\/MeteoExpress\/status\/2003159886503272845?ref_src=twsrc%5Etfw\" target=\"_blank\" rel=\"noopener\">December 22, 2025<\/a><\/p><\/blockquote>\n<p>Castelnau-de-Guers subit aussi les inondationsLe d\u00e9bit de l\u2019H\u00e9rault est tr\u00e8s important<\/p>\n<blockquote class=\"twitter-tweet\">\n<p lang=\"fr\" dir=\"ltr\">\ud83c\udf0a Images impressionnantes de la crue de l&rsquo;H\u00e9rault ce lundi apr\u00e8s-midi. Son tron\u00e7on aval a \u00e9t\u00e9 plac\u00e9 en vigilance rouge ! \ud83d\udd34 (\u00a9 Le jardin de Shangri-La) <a href=\"https:\/\/t.co\/F0uPiFPVDF\">pic.twitter.com\/F0uPiFPVDF<\/a><\/p>\n<p>\u2014 M\u00e9t\u00e9o Express (@MeteoExpress) <a href=\"https:\/\/twitter.com\/MeteoExpress\/status\/2003137438458237189?ref_src=twsrc%5Etfw\" target=\"_blank\" rel=\"noopener\">December 22, 2025<\/a><\/p><\/blockquote>\n<p class=\"\">Mercredi et jeudi devraient \u00eatre deux journ\u00e9es s\u00e8ches dans le d\u00e9partement ce qui favorisera la d\u00e9crue en cours.<\/p>\n<p><script async src=\"https:\/\/platform.twitter.com\/widgets.js\" charset=\"utf-8\"><\/script><\/p>\n","protected":false},"excerpt":{"rendered":"Les intemp\u00e9ries r\u00e9guli\u00e8res et abondantes qui se produisent dans le sud de la France depuis la fin de&hellip;\n","protected":false},"author":2,"featured_media":619014,"comment_status":"","ping_status":"","sticky":false,"template":"","format":"standard","meta":{"footnotes":""},"categories":[9599],"tags":[1111,11,1777,674,1011,27,2487,2208,12,2680,25],"class_list":{"0":"post-619013","1":"post","2":"type-post","3":"status-publish","4":"format-standard","5":"has-post-thumbnail","7":"category-montpellier","8":"tag-actu","9":"tag-actualites","10":"tag-eu","11":"tag-europe","12":"tag-fr","13":"tag-france","14":"tag-meteo","15":"tag-montpellier","16":"tag-news","17":"tag-occitanie","18":"tag-republique-francaise"},"share_on_mastodon":{"url":"https:\/\/pubeurope.com\/@fr\/115771935257563480","error":""},"_links":{"self":[{"href":"https:\/\/www.europesays.com\/fr\/wp-json\/wp\/v2\/posts\/619013","targetHints":{"allow":["GET"]}}],"collection":[{"href":"https:\/\/www.europesays.com\/fr\/wp-json\/wp\/v2\/posts"}],"about":[{"href":"https:\/\/www.europesays.com\/fr\/wp-json\/wp\/v2\/types\/post"}],"author":[{"embeddable":true,"href":"https:\/\/www.europesays.com\/fr\/wp-json\/wp\/v2\/users\/2"}],"replies":[{"embeddable":true,"href":"https:\/\/www.europesays.com\/fr\/wp-json\/wp\/v2\/comments?post=619013"}],"version-history":[{"count":0,"href":"https:\/\/www.europesays.com\/fr\/wp-json\/wp\/v2\/posts\/619013\/revisions"}],"wp:featuredmedia":[{"embeddable":true,"href":"https:\/\/www.europesays.com\/fr\/wp-json\/wp\/v2\/media\/619014"}],"wp:attachment":[{"href":"https:\/\/www.europesays.com\/fr\/wp-json\/wp\/v2\/media?parent=619013"}],"wp:term":[{"taxonomy":"category","embeddable":true,"href":"https:\/\/www.europesays.com\/fr\/wp-json\/wp\/v2\/categories?post=619013"},{"taxonomy":"post_tag","embeddable":true,"href":"https:\/\/www.europesays.com\/fr\/wp-json\/wp\/v2\/tags?post=619013"}],"curies":[{"name":"wp","href":"https:\/\/api.w.org\/{rel}","templated":true}]}}