{"id":619015,"date":"2025-12-24T01:28:31","date_gmt":"2025-12-24T01:28:31","guid":{"rendered":"https:\/\/www.europesays.com\/fr\/619015\/"},"modified":"2025-12-24T01:28:31","modified_gmt":"2025-12-24T01:28:31","slug":"trop-tard-et-trop-peu-juge-le-media-2","status":"publish","type":"post","link":"https:\/\/www.europesays.com\/fr\/619015\/","title":{"rendered":"trop tard et trop peu juge le media"},"content":{"rendered":"<p>De 275 000\u00a0en 2024 \u00e0\u2026 z\u00e9ro euro en 2025. La M\u00e9tropole de Grenoble a confirm\u00e9, lors du conseil m\u00e9tro\u00adpo\u00adli\u00adtain du <a href=\"https:\/\/www.youtube.com\/watch?v=-HxactmUt84\" target=\"_blank\" rel=\"noopener\">19 d\u00e9cembre 2025,<\/a> la r\u00e9duc\u00adtion dras\u00adtique de la somme allou\u00e9e \u00e0 T\u00e9l\u00e9Grenoble. Une somme jusque-l\u00e0 ver\u00ads\u00e9e en \u00e9change d\u2019une mise en avant des ter\u00adri\u00adtoires et des \u00e9lus locaux \u2013 et dont la Chambre r\u00e9gio\u00adnale des comptes avait par ailleurs point\u00e9 l\u2019absence de contr\u00f4le, dans un rap\u00adport de 2021. .<\/p>\n<p>Les diri\u00adgeants de T\u00e9l\u00e9Grenoble ayant r\u00e9gu\u00adli\u00e8\u00adre\u00adment fait part, au second semestre 2025, de leurs inqui\u00e9\u00adtudes concer\u00adnant l\u2019a\u00adve\u00adnir de la cha\u00eene, le conseil m\u00e9tro\u00adpo\u00adli\u00adtain a tou\u00adte\u00adfois vot\u00e9 une aide d\u2019ur\u00adgence de 100 000\u00a0euros pour\u00a02026.<\/p>\n<p><a href=\"https:\/\/www.europesays.com\/fr\/wp-content\/uploads\/2025\/06\/Alexandra-Linossier-Thibault-Leduc-et-Anne-Roinat-TeleGrenoble-c-TeleGrenoble-scaled.jpg\"><img fetchpriority=\"high\" decoding=\"async\" aria-describedby=\"caption-attachment-654797\" class=\"wp-image-654797 size-full\" src=\"data:image\/svg+xml,%3Csvg%20xmlns=\" http:=\"\" alt=\"De gauche \u00e0 droite : Alexandra Linossier, directrice, Thibault Leduc, r\u00e9dacteur en chef, et Anne Roinat, pr\u00e9sidente de T\u00e9l\u00e9Grenoble. \u00a9 T\u00e9l\u00e9Grenoble\" width=\"2048\" height=\"1365\" data-lazy- data-lazy- data-lazy-src=\"https:\/\/www.europesays.com\/fr\/wp-content\/uploads\/2025\/06\/Alexandra-Linossier-Thibault-Leduc-et-Anne-Roinat-TeleGrenoble-c-TeleGrenoble-scaled.jpg\"\/><\/a><\/p>\n<p id=\"caption-attachment-654797\" class=\"wp-caption-text\">De gauche \u00e0 droite\u00a0: Alexandra Linossier, direc\u00adtrice, Thibault Leduc, r\u00e9dac\u00adteur en chef, et Anne Roinat, pr\u00e9\u00adsi\u00addente de T\u00e9l\u00e9Grenoble. \u00a9 T\u00e9l\u00e9Grenoble<\/p>\n<p>Dans l\u2019ab\u00adsolu, la M\u00e9tropole a, bien s\u00fbr, le droit de d\u00e9ci\u00adder de bais\u00adser, voire de mettre \u00e0 z\u00e9ro son aide, recon\u00adna\u00eet Thibault Leduc, d\u00e9ten\u00adteur de 40\u00a0% des parts de la SAS T\u00e9l\u00e9Grenoble et de 40\u00a0% de <a href=\"https:\/\/www.placegrenet.fr\/2025\/06\/27\/telegrenoble-une-nouvelle-presidente-de-nouveaux-nom-et-logo-avant-de-reduire-sa-dependance-aux-fonds-publics\/654791\" target=\"_blank\" rel=\"noopener\">la SAS Immo T\u00e9l\u00e9Grenoble<\/a> (\u00e0 qui la cha\u00eene verse un loyer). \u00ab\u00a0Mais dans la forme, il est clai\u00adre\u00adment pr\u00e9\u00adcis\u00e9 dans notre contrat que \u201cla conven\u00adtion pourra, avant son expi\u00adra\u00adtion, \u00eatre r\u00e9si\u00adli\u00e9e de plein droit par la M\u00e9tropole par noti\u00adfi\u00adca\u00adtion \u00e9crite, en res\u00adpec\u00adtant un pr\u00e9\u00adavis de trois mois, en cas de force majeure ou pour tout motif d\u2019int\u00e9r\u00eat g\u00e9n\u00e9\u00adral\u201d\u00a0\u00bb, tient-il \u00e0 rappeler.<\/p>\n<p>Or, Thibault Leduc affirme que la direc\u00adtion de la cha\u00eene n\u2019a \u00e9t\u00e9 infor\u00adm\u00e9e offi\u00adciel\u00adle\u00adment de cette \u00ab\u00a0<a href=\"https:\/\/www.placegrenet.fr\/2025\/12\/19\/la-chaine-privee-telegrenoble-aux-abois-suite-au-desengagement-inattendu-de-la-metropole-de-grenoble\/666538\" target=\"_blank\" rel=\"noopener\">d\u00e9ci\u00adsion de mise \u00e0 z\u00e9ro\u00a0\u00bb qu\u2019en juillet 2025<\/a>.\u00a0\u00ab\u00a0Nous n\u2019avons jamais re\u00e7u de noti\u00adfi\u00adca\u00adtion \u00e9crite, comme le pr\u00e9\u00advoit notre contrat. Nous avons d\u00e9cou\u00advert la mise \u00e0 z\u00e9ro de notre finan\u00adce\u00adment en juillet, alors qu\u2019ils avaient act\u00e9 cette d\u00e9ci\u00adsion en f\u00e9vrier. Pour nous, il \u00e9tait d\u00e9j\u00e0 trop tard pour s\u2019adapter. \u00bb<\/p>\n<p>Ce retard de com\u00admu\u00adni\u00adca\u00adtion a eu, selon lui, des cons\u00e9\u00adquences finan\u00adci\u00e8res directes pour T\u00e9l\u00e9Grenoble. Thibault Leduc estime ainsi les pertes \u00e0 200 000\u00a0euros\u00a0: 80 000\u00a0euros de salaires et charges pour des contrats que la direc\u00adtion a d\u00fb r\u00e9si\u00adlier, 30 000\u00a0euros pour le futur licen\u00adcie\u00adment d\u2019un sp\u00e9\u00adcia\u00adliste des r\u00e9seaux sociaux embau\u00adch\u00e9 en avril 2025, et 50 000\u00a0euros d\u2019\u00e9conomies non r\u00e9a\u00adli\u00ads\u00e9es sur des \u00e9met\u00adteurs secondaires.<\/p>\n","protected":false},"excerpt":{"rendered":"De 275 000\u00a0en 2024 \u00e0\u2026 z\u00e9ro euro en 2025. La M\u00e9tropole de Grenoble a confirm\u00e9, lors du conseil&hellip;\n","protected":false},"author":2,"featured_media":617979,"comment_status":"","ping_status":"","sticky":false,"template":"","format":"standard","meta":{"footnotes":""},"categories":[9566],"tags":[1111,11,2430,1777,674,1011,27,2731,12,25],"class_list":{"0":"post-619015","1":"post","2":"type-post","3":"status-publish","4":"format-standard","5":"has-post-thumbnail","7":"category-grenoble","8":"tag-actu","9":"tag-actualites","10":"tag-auvergne-rhone-alpes","11":"tag-eu","12":"tag-europe","13":"tag-fr","14":"tag-france","15":"tag-grenoble","16":"tag-news","17":"tag-republique-francaise"},"share_on_mastodon":{"url":"https:\/\/pubeurope.com\/@fr\/115771952543095280","error":""},"_links":{"self":[{"href":"https:\/\/www.europesays.com\/fr\/wp-json\/wp\/v2\/posts\/619015","targetHints":{"allow":["GET"]}}],"collection":[{"href":"https:\/\/www.europesays.com\/fr\/wp-json\/wp\/v2\/posts"}],"about":[{"href":"https:\/\/www.europesays.com\/fr\/wp-json\/wp\/v2\/types\/post"}],"author":[{"embeddable":true,"href":"https:\/\/www.europesays.com\/fr\/wp-json\/wp\/v2\/users\/2"}],"replies":[{"embeddable":true,"href":"https:\/\/www.europesays.com\/fr\/wp-json\/wp\/v2\/comments?post=619015"}],"version-history":[{"count":0,"href":"https:\/\/www.europesays.com\/fr\/wp-json\/wp\/v2\/posts\/619015\/revisions"}],"wp:featuredmedia":[{"embeddable":true,"href":"https:\/\/www.europesays.com\/fr\/wp-json\/wp\/v2\/media\/617979"}],"wp:attachment":[{"href":"https:\/\/www.europesays.com\/fr\/wp-json\/wp\/v2\/media?parent=619015"}],"wp:term":[{"taxonomy":"category","embeddable":true,"href":"https:\/\/www.europesays.com\/fr\/wp-json\/wp\/v2\/categories?post=619015"},{"taxonomy":"post_tag","embeddable":true,"href":"https:\/\/www.europesays.com\/fr\/wp-json\/wp\/v2\/tags?post=619015"}],"curies":[{"name":"wp","href":"https:\/\/api.w.org\/{rel}","templated":true}]}}