{"id":619018,"date":"2025-12-24T01:32:26","date_gmt":"2025-12-24T01:32:26","guid":{"rendered":"https:\/\/www.europesays.com\/fr\/619018\/"},"modified":"2025-12-24T01:32:26","modified_gmt":"2025-12-24T01:32:26","slug":"a-rennes-et-dans-sa-metropole-lacces-aux-urgences-regule-jusquau-printemps-2026","status":"publish","type":"post","link":"https:\/\/www.europesays.com\/fr\/619018\/","title":{"rendered":"\u00c0 Rennes et dans sa m\u00e9tropole, l&rsquo;acc\u00e8s aux urgences r\u00e9gul\u00e9 jusqu&rsquo;au printemps 2026"},"content":{"rendered":"<p>                    Par<br \/>\n        <strong><br \/>\n            <a href=\"https:\/\/actu.fr\/auteur\/clemence-pays02-actu-fr\" title=\"Consulter tous les articles de Cl\u00e9mence Pays\" target=\"_blank\" rel=\"noopener\">Cl\u00e9mence Pays<\/a><br \/>\n                    <\/strong><\/p>\n<p>        Publi\u00e9 le<\/p>\n<p>            23 d\u00e9c. 2025 \u00e0 11h15        <\/p>\n<p><a href=\"https:\/\/actu.fr\/bretagne\/rennes_35238\/urgences-a-rennes-cette-mesure-exceptionnelle-est-toujours-en-place-jusqu-a-debut-octobre_62951610.html\" target=\"_blank\" rel=\"noopener\">La situation se r\u00e9p\u00e8te depuis des mois<\/a>. Pour acc\u00e9der aux services d\u2019<strong>urgences adultes et p\u00e9diatriques<\/strong> de la m\u00e9tropole de <a href=\"https:\/\/actu.fr\/rennes\/\" target=\"_blank\" rel=\"noopener\">Rennes<\/a>, de nuit (<strong>entre 18h30 et 8h30),<\/strong> il est obligatoire d\u2019<strong>appeler le 15.<\/strong> Cette mesure de r\u00e9gulation d\u2019acc\u00e8s aux urgences est prolong\u00e9e<strong> jusqu\u2019au 1er\u00a0avril 2026,<\/strong> 8h30.<\/p>\n<p class=\" wall-content\">Le <a href=\"https:\/\/actu.fr\/tag\/chu-de-rennes\" target=\"_blank\" rel=\"noopener\">CHU de Rennes \u2013 H\u00f4pital Pontchaillou<\/a>, les H\u00f4pitaux priv\u00e9s rennais <a href=\"https:\/\/actu.fr\/bretagne\/saint-gregoire_35278\" target=\"_blank\" rel=\"noopener\">Saint-Gr\u00e9goire<\/a> et les H\u00f4pitaux priv\u00e9s rennais <a href=\"https:\/\/actu.fr\/bretagne\/cesson-sevigne_35051\" target=\"_blank\" rel=\"noopener\">Cesson-S\u00e9vign\u00e9<\/a> sont concern\u00e9s.<\/p>\n<p>Un h\u00f4pital ferme ses urgences de nuit<\/p>\n<p class=\" wall-content\">Par ailleurs, les H\u00f4pitaux priv\u00e9s rennais <strong>Cesson-S\u00e9vign\u00e9<\/strong> ont annonc\u00e9 la prolongation de la <strong>fermeture des urgences de nuit<\/strong> (de 22h \u00e0 8h), <strong>jusqu\u2019au 2\u00a0mars 2026.<\/strong><\/p>\n<p class=\" wall-content\">L\u2019ensemble de ces d\u00e9cisions vise \u00ab\u2009\u00e0 garantir de bonnes conditions d\u2019accueil aux patients n\u00e9cessitant une hospitalisation, en orientant les autres situations vers les solutions les plus adapt\u00e9es\u2009\u00bb. D\u2019autre part, durant la p\u00e9riode hivernale, les urgences font face \u00e0<strong> \u00ab\u2009une activit\u00e9 soutenue\u2009\u00bb,<\/strong> soulignent les h\u00f4pitaux dans un communiqu\u00e9 conjoint.<\/p>\n<p>Comment \u00e7a fonctionne\u2009?<\/p>\n<p class=\" wall-content\">Concr\u00e8tement, en cas de besoin, il faut <strong>contacter le 15<\/strong> (ou le 114 pour les personnes sourdes ou malentendantes). Cet appel permettra d\u2019<strong>\u00e9valuer la situation<\/strong> afin d\u2019\u00eatre orient\u00e9 vers une consultation m\u00e9dicale, un centre de soin ou une maison m\u00e9dicale de garde et le cas \u00e9ch\u00e9ant, d\u2019envoyer une \u00e9quipe m\u00e9dicale sur place ou \u00eatre invit\u00e9 \u00e0 se rendre aux urgences.<\/p>\n<p class=\" wall-content\">Un(e) infirmier(\u00e8re) d\u2019accueil et d\u2019orientation (IAO) sera pr\u00e9sent(e) dans les trois services d\u2019urgences afin d\u2019orienter les personnes qui se pr\u00e9senteront spontan\u00e9ment, sans avoir contact\u00e9 le 15.<\/p>\n<p class=\" wall-content\">Personnalisez votre actualit\u00e9 en ajoutant vos villes et m\u00e9dias en favori avec <a href=\"https:\/\/moncompte.actu.fr\" title=\"D\u00e9couvez Mon Actu\" rel=\"nofollow noopener\" data-trk=\"{&quot;cta&quot;:{&quot;action&quot;:&quot;https:\\\/\\\/moncompte.actu.fr&quot;,&quot;category&quot;:&quot;mon compte&quot;,&quot;from&quot;:&quot;article footer&quot;,&quot;name&quot;:&quot;Mon actu&quot;,&quot;type&quot;:&quot;cta&quot;}}\" target=\"_blank\">Mon Actu<\/a>.<\/p>\n","protected":false},"excerpt":{"rendered":"Par Cl\u00e9mence Pays Publi\u00e9 le 23 d\u00e9c. 2025 \u00e0 11h15 La situation se r\u00e9p\u00e8te depuis des mois. Pour&hellip;\n","protected":false},"author":2,"featured_media":619019,"comment_status":"","ping_status":"","sticky":false,"template":"","format":"standard","meta":{"footnotes":""},"categories":[2821],"tags":[1111,11,829,1777,674,1011,27,100,12,584,25,71,104,6444],"class_list":{"0":"post-619018","1":"post","2":"type-post","3":"status-publish","4":"format-standard","5":"has-post-thumbnail","7":"category-rennes","8":"tag-actu","9":"tag-actualites","10":"tag-bretagne","11":"tag-eu","12":"tag-europe","13":"tag-fr","14":"tag-france","15":"tag-hopital","16":"tag-news","17":"tag-rennes","18":"tag-republique-francaise","19":"tag-sante","20":"tag-societe","21":"tag-urgences"},"share_on_mastodon":{"url":"https:\/\/pubeurope.com\/@fr\/115771968316779597","error":""},"_links":{"self":[{"href":"https:\/\/www.europesays.com\/fr\/wp-json\/wp\/v2\/posts\/619018","targetHints":{"allow":["GET"]}}],"collection":[{"href":"https:\/\/www.europesays.com\/fr\/wp-json\/wp\/v2\/posts"}],"about":[{"href":"https:\/\/www.europesays.com\/fr\/wp-json\/wp\/v2\/types\/post"}],"author":[{"embeddable":true,"href":"https:\/\/www.europesays.com\/fr\/wp-json\/wp\/v2\/users\/2"}],"replies":[{"embeddable":true,"href":"https:\/\/www.europesays.com\/fr\/wp-json\/wp\/v2\/comments?post=619018"}],"version-history":[{"count":0,"href":"https:\/\/www.europesays.com\/fr\/wp-json\/wp\/v2\/posts\/619018\/revisions"}],"wp:featuredmedia":[{"embeddable":true,"href":"https:\/\/www.europesays.com\/fr\/wp-json\/wp\/v2\/media\/619019"}],"wp:attachment":[{"href":"https:\/\/www.europesays.com\/fr\/wp-json\/wp\/v2\/media?parent=619018"}],"wp:term":[{"taxonomy":"category","embeddable":true,"href":"https:\/\/www.europesays.com\/fr\/wp-json\/wp\/v2\/categories?post=619018"},{"taxonomy":"post_tag","embeddable":true,"href":"https:\/\/www.europesays.com\/fr\/wp-json\/wp\/v2\/tags?post=619018"}],"curies":[{"name":"wp","href":"https:\/\/api.w.org\/{rel}","templated":true}]}}