{"id":619032,"date":"2025-12-24T01:45:39","date_gmt":"2025-12-24T01:45:39","guid":{"rendered":"https:\/\/www.europesays.com\/fr\/619032\/"},"modified":"2025-12-24T01:45:39","modified_gmt":"2025-12-24T01:45:39","slug":"dans-les-musees-de-bordeaux-des-idees-de-cadeaux-locaux","status":"publish","type":"post","link":"https:\/\/www.europesays.com\/fr\/619032\/","title":{"rendered":"Dans les mus\u00e9es de Bordeaux, des id\u00e9es de cadeaux locaux"},"content":{"rendered":"<p>Livres superbes, bijoux de cr\u00e9ateurs, jeux qui font r\u00e9fl\u00e9chir, graines qui deviendront des fleurs avec un peu de soin, ou tout simplement la libert\u00e9 d\u2019entrer gratuitement dans cinq mus\u00e9es pendant un an\u2026 de quoi faire plaisir \u00e0 tout le monde, du neveu de 5 ans aux grands-parents passionn\u00e9s d\u2019histoire de l\u2019art.<\/p>\n<p>\tMus\u00e9e des Beaux-Arts (MusBA)L\u2019\u00e9l\u00e9gance intemporelle\u00a0<\/p>\n<p>20 cours d\u2019Albret &#8211; Boutique accessible sans billet d\u2019entr\u00e9e, ouverte tous les jours sauf le mardi, de 11h \u00e0 18h<\/p>\n<p>Poussez la porte de cette jolie boutique : lumi\u00e8re tamis\u00e9e et des tr\u00e9sors partout. Coup de c\u0153ur absolu : le guide \u00ab Les Essentiels du MusBA \u00bb (19 \u20ac), 270 pages\u00a0tout en couleurs qui pr\u00e9sentent 100 chefs-d\u2019\u0153uvre, de Delacroix \u00e0 Fran\u00e7ois Morellet, avec des textes clairs et passionnants. M\u00eame l\u2019adolescent qui \u00ab d\u00e9teste les mus\u00e9es\u00a0\u00bb le lira en secret.\u00a0<\/p>\n<p>Pour un cadeau plus \u00ab waouh \u00bb, la Bordelaise Flo (At Last by Flo) expose ses derni\u00e8res cr\u00e9ations inspir\u00e9es par des \u0153uvres du MusBA, de Dominica Monvoisin, Henri Gervex ou encore Giovanni Battista Pittoni\u00a0: boucles d\u2019oreilles acier, perles d\u2019eau douce et cristal \u00e0 partir de 24 \u20ac, bracelet \u00e0 partir de 30 \u20ac.\u00a0Enfin, pour les budgets plus modestes, les puzzles 1000 pi\u00e8ces (24,95 \u20ac)\u00a0ou les carnets repr\u00e9sentant les Quais de Bordeaux d\u2019Alfred Smith (2,50 \u20ac)\u00a0font toujours sensation dans une chaussette de No\u00ebl.<\/p>\n<p>\t<a class=\"lightbox-image\" role=\"button\" data-lightbox-conf=\"media__image__field_media_image__body_3_2_lb\" data-lightbox-group=\"tobii--otrA0A\" href=\"https:\/\/www.bordeaux.fr\/sites\/bor-bdxfr-drupal\/files\/styles\/3_2_1620x1080\/public\/2025-12\/MusBA_boutique_Ph_F.Deval%20-122025_cadeaux_locaux.jpg.webp?h=a98eeccb&amp;itok=Y93WCEIE\" data- data-><\/p>\n<p>                  <img decoding=\"async\" loading=\"lazy\" width=\"621\" height=\"414\" src=\"https:\/\/www.europesays.com\/fr\/wp-content\/uploads\/2025\/12\/1766540733_242_MusBA_boutique_Ph_F.Deval -122025_cadeaux_locaux.jpg.webp\" alt=\"Photo de la Boutique du Mus\u00e9e des Beaux-Arts (Musba)\" class=\"img-fluid\"\/><\/p>\n<p><\/a><\/p>\n<p>            \u00c0 l\u2019entr\u00e9e, la boutique du MusBA vous accueille. Vous pouvez y d\u00e9couvrir une s\u00e9lection soign\u00e9e d\u2019ouvrages, d\u2019objets et de cr\u00e9ations.              \u00a9 F. Deval \/ Ville de Bordeaux          <\/p>\n<p>\tMus\u00e9e d&rsquo;AquitaineRemonter le temps au c\u0153ur de la ville\u00a0<\/p>\n<p>20 cours Pasteur \u2013 boutique accessible aux horaires du mus\u00e9e (du mardi au dimanche, de 11h \u00e0\u00a018h)\u00a0<\/p>\n<p>Ici, c&rsquo;est toute l&rsquo;histoire de Bordeaux qui se transforme en cadeau. Entre les murs de cette ancienne facult\u00e9 o\u00f9 repose Michel de Montaigne, la boutique d\u00e9borde de trouvailles pour tous ceux qui aiment la ville, son pass\u00e9 et ses myst\u00e8res.\u00a0<\/p>\n<p>Coup de c\u0153ur pour la m\u00e9daille souvenir frapp\u00e9e par la Monnaie de Paris ou bien encore les\u00a0magnets des collections : V\u00e9nus, Hercule, l\u2019\u00e9picerie reconstitu\u00e9e du 19e, la Rosace\u2026 Parfaits pour une chaussette de No\u00ebl ou pour ceux qui collectionnent les souvenirs de leurs mus\u00e9es pr\u00e9f\u00e9r\u00e9s. Des bijoux\u00a0en verre, r\u00e9pliques de bracelets gallo-romains inspir\u00e9s des collections font des cadeaux d\u00e9licats et charg\u00e9s d&rsquo;histoire.\u00a0<\/p>\n<p>C\u00f4t\u00e9 livres, le choix est impressionnant : catalogues d&rsquo;expo, ouvrages de r\u00e9f\u00e9rence sur Bordeaux et la Garonne, m\u00e9moire de la Seconde Guerre mondiale, ou encore les superbes tirages photographiques de F\u00e9lix Arnaudin\u00a0qui immortalisent les Landes d&rsquo;autrefois. Pour les enfants, des jouets p\u00e9dagogiques et des livres offrent un souvenir apr\u00e8s la visite.\u00a0<\/p>\n<p>Et parce qu&rsquo;on est \u00e0 Bordeaux, la boutique propose aussi des moules \u00e0 cannel\u00e9s\u00a0et une s\u00e9lection gourmande de produits locaux pour offrir un bout de la ville \u00e0 ceux qui habitent loin, ou se faire plaisir. Petit bonus malin : offrez un pass mus\u00e9e\u00a0! Une invitation \u00e0 d\u00e9couvrir, en famille ou entre amis, les grandes \u00e9tapes qui ont fa\u00e7onn\u00e9 la ville de la Pr\u00e9histoire au 21\u1d49\u00a0si\u00e8cle.<\/p>\n<p>\t<a class=\"lightbox-image\" role=\"button\" data-lightbox-conf=\"media__image__field_media_image__body_3_2_lb\" data-lightbox-group=\"tobii--Y8ZcOg\" href=\"https:\/\/www.bordeaux.fr\/sites\/bor-bdxfr-drupal\/files\/styles\/3_2_1620x1080\/public\/2025-12\/Boutique%20mus%C3%A9e%20d%27Aquitaine%28c%29F.Deval%20-%20mairie%20de%20Bordeaux-2.jpg.webp?h=a98eeccb&amp;itok=yAfjM8MS\" data- data-><\/p>\n<p>                  <img decoding=\"async\" loading=\"lazy\" width=\"621\" height=\"414\" src=\"https:\/\/www.europesays.com\/fr\/wp-content\/uploads\/2025\/12\/1766540735_714_Boutique mus\u00e9e d'Aquitaine(c)F.Deval - mairie de Bordeaux-2.jpg.webp\" alt=\"Photo de la boutique du Mus\u00e9e d'Aquitaine\" class=\"img-fluid\"\/><\/p>\n<p><\/a><\/p>\n<p>            La boutique du Mus\u00e9e d&rsquo;Aquitaine d\u00e9borde de trouvailles pour tous ceux qui aiment la ville, son pass\u00e9 et ses myst\u00e8res.              \u00a9 F. Deval \/ Ville de Bordeaux          <\/p>\n<p>\tCAPC mus\u00e9e d\u2019art contemporainL\u2019audace et le cool\u00a0<\/p>\n<p>7 rue Ferr\u00e8re, dans l\u2019immense Entrep\u00f4t Lain\u00e9 \u2013 boutique ouverte aux <a href=\"https:\/\/www.bordeaux.fr\/le-capc-musee-dart-contemporain-de-bordeaux\" target=\"_blank\" title=\"horaires du mus\u00e9e (Ouvrir dans une nouvelle fen\u00eatre)\" rel=\"noopener\">horaires du mus\u00e9e (Ouvrir dans une nouvelle fen\u00eatre)<\/a>.<\/p>\n<p>Ici, on entre dans un autre monde. Les murs de pierre brute, les ouvrages sur l&rsquo;art contemporain, l&rsquo;esth\u00e9tique, la photographie, l&rsquo;architecture, le graphisme et le design, la papeterie, les affiches, les produits d\u00e9riv\u00e9s en lien avec les expositions et la collection\u2026 Tout donne envie de repartir avec un bout d\u2019art contemporain sous le bras. Venez d\u00e9couvrir la boutique du CAPC\u00a0!<\/p>\n<p>\t<a class=\"lightbox-image\" role=\"button\" data-lightbox-conf=\"media__image__field_media_image__body_3_2_lb\" data-lightbox-group=\"tobii--yjkSMw\" href=\"https:\/\/www.bordeaux.fr\/sites\/bor-bdxfr-drupal\/files\/styles\/3_2_1620x1080\/public\/2025-12\/boutique_capc.jpeg.webp?h=881c794c&amp;itok=7gtI0JKO\" data- data-><\/p>\n<p>                  <img decoding=\"async\" loading=\"lazy\" width=\"621\" height=\"414\" src=\"https:\/\/www.europesays.com\/fr\/wp-content\/uploads\/2025\/12\/1766540736_296_boutique_capc.jpeg.webp\" alt=\"Photo de la boutique du CAPC\" class=\"img-fluid\"\/><\/p>\n<p><\/a><\/p>\n<p>            A la boutique du CAPC, fl\u00e2nez et d\u00e9nichez des id\u00e9es cadeaux sur les \u00e9tag\u00e8res.             \u00a9 Ville de Bordeaux          <\/p>\n<p>\tJardin botaniqueLe plus beau cadeau qui pousse<\/p>\n<p>Esplanade Linn\u00e9, Bordeaux Bastide \u2013 boutique ouverte du mardi au dimanche de 11h \u00e0 18h (05 56 52 18 77)\u00a0<\/p>\n<p>80 m\u00b2 qui sentent bon la terre humide, la verveine et la cire d\u2019abeille. Depuis trois ans, cette boutique est devenue le QG des Bordelais qui ont la main verte\u2026 ou qui r\u00eavent de le devenir. Le petit plus : il s&rsquo;agit d&rsquo;une boutique o\u00f9 les produits sont 100% fran\u00e7ais ! On y trouve :\u00a0<\/p>\n<ul>\n<li>des sachets de graines \u00ab\u00a0collection 2025\u00a0\u00bb : tomates ananas, basilic cannelle, capucines grimpantes&#8230; (entre 4 et 9\u20ac selon la taille du sachet). Id\u00e9aux pour ceux qui souhaiteraient se lancer dans un projet potager en 2026 !<\/li>\n<li>des oyas en terre cuite artisanale (12-32\u20ac) pour arroser ses plantes m\u00eame quand on part en week-end. Vous trouverez \u00e9galement diff\u00e9rentes d\u00e9corations en c\u00e9ramique pour agr\u00e9menter vos pots\u00a0de fleurs et autres jardini\u00e8res. Il y a m\u00eame des baignoires \u00e0 oiseaux pour votre jardin !<\/li>\n<li>Pour les fins gourmets, vous y trouverez une vaste s\u00e9lection de miels artisanaux, de nombreuses confitures et autres gel\u00e9es de fleurs sauvages : az\u00e9roles, romarin, thym citron miel&#8230; Il y en a pour\u00a0tous les go\u00fbts !<\/li>\n<li>Pour ceux qui souhaitent \u00e9tendre leurs connaissances en botanique, vous y trouverez des livres au nom parfois bien myst\u00e9rieux, comme Le grand livre des plantes de sorci\u00e8re, ou encore Plantes, potions et d\u00e9coctions&#8230;\u00a0Tout un\u00a0programme.<\/li>\n<\/ul>\n<p>\t<a class=\"lightbox-image\" role=\"button\" data-lightbox-conf=\"media__image__field_media_image__body_3_2_lb\" data-lightbox-group=\"tobii--XZrZSA\" href=\"https:\/\/www.bordeaux.fr\/sites\/bor-bdxfr-drupal\/files\/styles\/3_2_1620x1080\/public\/2025-12\/Jardin_botanique_bordeaux_boutique.JPG.webp?h=e5f1ead0&amp;itok=AUq0zmBa\" data- data-><\/p>\n<p>                  <img decoding=\"async\" loading=\"lazy\" width=\"621\" height=\"414\" src=\"https:\/\/www.europesays.com\/fr\/wp-content\/uploads\/2025\/12\/1766540736_794_Jardin_botanique_bordeaux_boutique.JPG.webp\" alt=\"Photo de la boutique du jardin Botanique\" class=\"img-fluid\"\/><\/p>\n<p><\/a><\/p>\n<p>            La boutique du Jardin botanique est un lieu \u00e0 d\u00e9couvrir pour ceux qui aiment les produits naturels.             \u00a9 Ville de Bordeaux          <\/p>\n<p>\tMus\u00e9um de BordeauxSciences et nature<\/p>\n<p>5 place Bardineau, Jardin public<\/p>\n<p>Dans ce bel h\u00f4tel particulier du XVIII\u00e8me si\u00e8cle, la boutique du Mus\u00e9um regorge de tr\u00e9sors \u00e9voquant les sciences naturelles. On y trouve de tout, pour les petits comme pour les plus grands. Vous y serez accueilli par la l\u00e9gendaire Miss Fanny, l&rsquo;imposante \u00e9l\u00e9phante d&rsquo;Asie du Mus\u00e9um.<\/p>\n<p>Pour celles et ceux qui aiment les arts autant que les sciences, vous pourrez y d\u00e9nicher une offre de papeterie vari\u00e9e, arborant des illustrations naturalistes aux couleurs verdoyantes : id\u00e9ale pour y croquer les animaux naturalis\u00e9s ou pour noter vos bonnes r\u00e9solutions de l&rsquo;ann\u00e9e. Vous y trouverez \u00e9galement :\u00a0<\/p>\n<ul>\n<li>Des livres qui vous embarquent dans les secrets du vivant, adapt\u00e9s \u00e0 tous les \u00e2ges. La science pour toutes et tous !<\/li>\n<li>Une grande vari\u00e9t\u00e9 de peluches de toute taille (marmottes, tortues, \u00e9l\u00e9phants&#8230;) et des petites figurines qui raviront les enfants et les amateurs de d\u00e9coration animali\u00e8re.<\/li>\n<li>Plusieurs jeux de soci\u00e9t\u00e9 d\u00e8s 3 ans sont \u00e9galement disponibles, pour continuer \u00e0 d\u00e9couvrir les secrets et autres merveilles du r\u00e8gne animal en famille.<\/li>\n<li>Et \u00e0 partir du 17 d\u00e9cembre, le billet coupl\u00e9 Mus\u00e9um-Jardin botanique \u00e0 10\u20ac (6\u20ac prix r\u00e9duit) valable trois mois \u00e0 partir de la date d&rsquo;achat, pour d\u00e9couvrir les secrets, cette fois-ci, du r\u00e8gne v\u00e9g\u00e9tal, de l&rsquo;autre c\u00f4t\u00e9 de la Garonne.\u00a0<\/li>\n<\/ul>\n<p>\t<a class=\"lightbox-image\" role=\"button\" data-lightbox-conf=\"media__image__field_media_image__body_3_2_lb\" data-lightbox-group=\"tobii--tZe9sw\" href=\"https:\/\/www.bordeaux.fr\/sites\/bor-bdxfr-drupal\/files\/styles\/3_2_1620x1080\/public\/2025-12\/pro-F2pv7yq2.jpeg.webp?h=03e16949&amp;itok=2BC5NpyO\" data- data-><\/p>\n<p>                  <img decoding=\"async\" loading=\"lazy\" width=\"621\" height=\"414\" src=\"https:\/\/www.europesays.com\/fr\/wp-content\/uploads\/2025\/12\/1766540738_969_pro-F2pv7yq2.jpeg.webp\" alt=\"Photo de la Boutique du Mus\u00e9um\" class=\"img-fluid\"\/><\/p>\n<p><\/a><\/p>\n<p>            \u00c0 la boutique du Mus\u00e9um, chaque objet est une curiosit\u00e9 : des loupes naturalistes aux animaux en peluche.             \u00a9 Ville de Bordeaux          <\/p>\n<p>\tLe Pass mus\u00e9es BordeauxS\u00e9same, ouvre- toi !<\/p>\n<p>Le s\u00e9same ultime pour les amoureux de culture. Acc\u00e8s illimit\u00e9 pendant 365 jours \u00e0 :\u00a0<\/p>\n<ul>\n<li>CAPC mus\u00e9e d\u2019art contemporain<\/li>\n<li>Mus\u00e9e des Beaux-Arts<\/li>\n<li>Mus\u00e9e d\u2019Aquitaine<\/li>\n<li>Mus\u00e9um de Bordeaux<\/li>\n<li>Jardin botanique (serres comprises) Tarifs 2025-2026<\/li>\n<li>Pass Solo : 25 \u20ac<\/li>\n<li>Pass Duo (vous + la personne de votre choix) : 37,50 \u20ac C\u2019est moins cher qu\u2019une place de cin\u00e9ma par mois, et \u00e7a ouvre cinq fois plus de portes. On peut l\u2019acheter sur place dans n\u2019importe quel mus\u00e9e, ou par courrier (<a href=\"https:\/\/www.bordeaux.fr\/pass-musees-vos-musees-en-illimite\" target=\"_blank\" title=\"formulaire et infos (Ouvrir dans une nouvelle fen\u00eatre)\" rel=\"noopener\">formulaire et infos (Ouvrir dans une nouvelle fen\u00eatre)<\/a>).\u00a0<\/li>\n<\/ul>\n<p>\t<a class=\"lightbox-image\" role=\"button\" data-lightbox-conf=\"media__image__field_media_image__body_3_2_lb\" data-lightbox-group=\"tobii--dpoGSw\" href=\"https:\/\/www.bordeaux.fr\/sites\/bor-bdxfr-drupal\/files\/styles\/3_2_1620x1080\/public\/2025-12\/Pass_Muse%CC%81es_122025-bordeaux-campagne-2.jpg.webp?h=a42d21a0&amp;itok=bLtQ_3BG\" data- data-><\/p>\n<p>                  <img decoding=\"async\" loading=\"lazy\" width=\"621\" height=\"414\" src=\"https:\/\/www.europesays.com\/fr\/wp-content\/uploads\/2025\/12\/1766540739_758_Pass_Muse\u0301es_122025-bordeaux-campagne-2.jpg.webp\" alt=\"Photo de la carte du Pass Mus\u00e9es\" class=\"img-fluid\"\/><\/p>\n<p><\/a><\/p>\n<p>            Le Pass mus\u00e9es             \u00a9 D\u2019apr\u00e8s Pierre de Cortone, Vierge \u00e0 l\u2019enfant, 1641, d\u00e9tail. Collection du mus\u00e9e des Beaux-Arts de Bordeaux \u2014 Design Graphique @BureauSunrise          <\/p>\n<p>\tUne parenth\u00e8se enchant\u00e9e qui dure toute l\u2019ann\u00e9e\u00a0<\/p>\n<p>Cette ann\u00e9e, sous le sapin bordelais, il y aura des graines qui deviendront des tournesols g\u00e9ants au balcon, des bijoux qui portent l\u2019\u00e9nergie d\u2019un tableau ou d\u2019une expo, des livres qui donnent envie de revenir au mus\u00e9e d\u00e8s le mois de janvier, des jeux qui transforment les dimanches pluvieux en aventures, et des Pass qui disent simplement : \u00ab J\u2019ai envie qu\u2019on passe du temps ensemble, dans les plus beaux lieux de la ville \u00bb.\u00a0<\/p>\n<p>En choisissant un cadeau dans les boutiques des mus\u00e9es de Bordeaux, vous offrez bien plus qu\u2019un objet : vous offrez du temps suspendu, des \u00e9motions, des d\u00e9couvertes, du soutien aux cr\u00e9ateurs et artisans locaux, et la fiert\u00e9 discr\u00e8te de participer \u00e0 la vie culturelle de notre ville.\u00a0<\/p>\n<p>Alors, pr\u00eats \u00e0 faire de ce No\u00ebl le plus culturel de tous ? Les boutiques vous attendent, les paquets se font avec amour, et les mus\u00e9es seront l\u00e0, tout au long de l\u2019ann\u00e9e, pour prolonger la magie.\u00a0<\/p>\n","protected":false},"excerpt":{"rendered":"Livres superbes, bijoux de cr\u00e9ateurs, jeux qui font r\u00e9fl\u00e9chir, graines qui deviendront des fleurs avec un peu de&hellip;\n","protected":false},"author":2,"featured_media":609240,"comment_status":"","ping_status":"","sticky":false,"template":"","format":"standard","meta":{"footnotes":""},"categories":[2817],"tags":[1111,11,1997,1777,674,1011,27,12,2219,25],"class_list":{"0":"post-619032","1":"post","2":"type-post","3":"status-publish","4":"format-standard","5":"has-post-thumbnail","7":"category-bordeaux","8":"tag-actu","9":"tag-actualites","10":"tag-bordeaux","11":"tag-eu","12":"tag-europe","13":"tag-fr","14":"tag-france","15":"tag-news","16":"tag-nouvelle-aquitaine","17":"tag-republique-francaise"},"share_on_mastodon":{"url":"https:\/\/pubeurope.com\/@fr\/115772020559249066","error":""},"_links":{"self":[{"href":"https:\/\/www.europesays.com\/fr\/wp-json\/wp\/v2\/posts\/619032","targetHints":{"allow":["GET"]}}],"collection":[{"href":"https:\/\/www.europesays.com\/fr\/wp-json\/wp\/v2\/posts"}],"about":[{"href":"https:\/\/www.europesays.com\/fr\/wp-json\/wp\/v2\/types\/post"}],"author":[{"embeddable":true,"href":"https:\/\/www.europesays.com\/fr\/wp-json\/wp\/v2\/users\/2"}],"replies":[{"embeddable":true,"href":"https:\/\/www.europesays.com\/fr\/wp-json\/wp\/v2\/comments?post=619032"}],"version-history":[{"count":0,"href":"https:\/\/www.europesays.com\/fr\/wp-json\/wp\/v2\/posts\/619032\/revisions"}],"wp:featuredmedia":[{"embeddable":true,"href":"https:\/\/www.europesays.com\/fr\/wp-json\/wp\/v2\/media\/609240"}],"wp:attachment":[{"href":"https:\/\/www.europesays.com\/fr\/wp-json\/wp\/v2\/media?parent=619032"}],"wp:term":[{"taxonomy":"category","embeddable":true,"href":"https:\/\/www.europesays.com\/fr\/wp-json\/wp\/v2\/categories?post=619032"},{"taxonomy":"post_tag","embeddable":true,"href":"https:\/\/www.europesays.com\/fr\/wp-json\/wp\/v2\/tags?post=619032"}],"curies":[{"name":"wp","href":"https:\/\/api.w.org\/{rel}","templated":true}]}}