{"id":619035,"date":"2025-12-24T01:47:19","date_gmt":"2025-12-24T01:47:19","guid":{"rendered":"https:\/\/www.europesays.com\/fr\/619035\/"},"modified":"2025-12-24T01:47:19","modified_gmt":"2025-12-24T01:47:19","slug":"la-jeune-femme-qui-a-depose-un-bebe-mort-au-chu-de-toulouse-est-bien-la-mere-du-nourrisson","status":"publish","type":"post","link":"https:\/\/www.europesays.com\/fr\/619035\/","title":{"rendered":"La jeune femme qui a d\u00e9pos\u00e9 un b\u00e9b\u00e9 mort au CHU de Toulouse est bien la m\u00e8re du nourrisson"},"content":{"rendered":"<p>                    Par<br \/>\n        <strong><br \/>\n            <a href=\"https:\/\/actu.fr\/auteur\/anaelle-montagne\" title=\"Consulter tous les articles de Anaelle Montagne\" target=\"_blank\" rel=\"noopener\">Anaelle Montagne<\/a><br \/>\n                    <\/strong><\/p>\n<p>        Publi\u00e9 le<\/p>\n<p>            23 d\u00e9c. 2025 \u00e0 12h41<br \/>\n        ; mis \u00e0 jour le 23 d\u00e9c. 2025 \u00e0 12h46    <\/p>\n<p>Ce lundi 22 d\u00e9cembre, une jeune femme de 23 ans s\u2019est pr\u00e9sent\u00e9e \u00e0 l\u2019accueil de l\u2019h\u00f4pital Pierre-Paul Riquet de Toulouse <a href=\"https:\/\/actu.fr\/occitanie\/toulouse_31555\/toulouse-un-bebe-retrouve-mort-dans-un-sac-a-dos-ramene-au-chu-de-toulouse-par-une-jeune-femme_63612602.html\" target=\"_blank\" rel=\"noopener\">avec un sac \u00e0 dos, contenant le corps sans vie d\u2019un nourrisson<\/a>. Elle affirmait alors agir pour le compte d\u2019une amie, qui lui aurait demand\u00e9 d\u2019abandonner ce sac. Au lendemain des faits, Actu Toulouse apprend que la jeune Toulousaine est bien la m\u00e8re du b\u00e9b\u00e9. On en sait plus sur les circonstances de sa naissance et sur le contexte de cette tragique affaire.\u00a0<\/p>\n<p>Une sordide d\u00e9couverte<\/p>\n<p class=\" wall-content\">Les soignants de l\u2019h\u00f4pital Pierre-Paul Riquet ont fait la sordide d\u00e9couverte en fin de matin\u00e9e, ce lundi 22 d\u00e9cembre. La jeune femme tenait alors un discours confus : elle affirmait \u00ab\u00a0qu\u2019une amie lui avait donn\u00e9 le sac en lui demandant de s\u2019en d\u00e9barrasser, et qu\u2019en voyant ce qu\u2019il y avait \u00e0 l\u2019int\u00e9rieur, elle avait d\u00e9cid\u00e9 de l\u2019apporter \u00e0 l\u2019h\u00f4pital\u00a0\u00bb, indiquait une source polici\u00e8re d\u2019Actu Toulouse.\u00a0Pourtant, <strong>\u00ab\u00a0elle est bien la m\u00e8re du nourrisson\u00a0\u00bb<\/strong>.<\/p>\n<p>Elle a accouch\u00e9 seule chez elle<\/p>\n<p class=\" wall-content\">\u00ab\u00a0Selon son examen m\u00e9dical et ses premi\u00e8res d\u00e9clarations en garde \u00e0 vue, elle avait accouch\u00e9 la veille, seule, \u00e0 son domicile\u00a0\u00bb, indique une source proche du dossier. La jeune maman a visiblement fait <strong>un d\u00e9ni de grossesse<\/strong>.<\/p>\n<p>Comment est mort l\u2019enfant ?\u00a0<\/p>\n<p class=\" wall-content\">Une question majeure se pose, pour les enqu\u00eateurs : le nouveau-n\u00e9 \u00e9tait-il vivant au moment de na\u00eetre ? \u00ab\u00a0Initialement la jeune femme affirmait que l\u2019enfant qu\u2019on lui avait soit-disant confi\u00e9 <strong>\u00e9tait mort-n\u00e9<\/strong>, mais les premiers \u00e9l\u00e9ments nous poussent \u00e0 en douter, confie notre source. En tout cas, vu sa physionomie, le b\u00e9b\u00e9 \u00e9tait probablement all\u00e9 \u00e0 son terme.\u00a0\u00bb<\/p>\n<p class=\" wall-content\">L\u2019autopsie devrait cependant permettre de le confirmer. Et de pr\u00e9ciser un autre \u00e9l\u00e9ment de taille : le b\u00e9b\u00e9 est-il d\u00e9c\u00e9d\u00e9 des suites d\u2019un probl\u00e8me de sant\u00e9 \u00e0 la naissance, comme une h\u00e9morragie ? Ou <strong>sa m\u00e8re a-t-elle particip\u00e9 activement \u00e0 lui oter la vie<\/strong>, par exemple en l\u2019\u00e9touffant ?\u00a0<\/p>\n<p>Elle a \u00e9t\u00e9 hospitalis\u00e9e<\/p>\n<p class=\" wall-content\">L\u2019examen m\u00e9dical de l\u2019enfant devrait se tenir ce mardi 23 d\u00e9cembre dans l\u2019apr\u00e8s-midi, dans le cadre de l\u2019enqu\u00eate pour meurtre sur mineur de moins de 15 ans qui a \u00e9t\u00e9 ouverte suite \u00e0 la d\u00e9couverte du corps.<\/p>\n<p>Vid\u00e9os : en ce moment sur Actu<\/p>\n<p class=\" wall-content\">Vu qu\u2019elle vient tout juste d\u2019accoucher, la jeune maman a \u00e9t\u00e9 hospitalis\u00e9e ; sa garde \u00e0 vue, qui avait d\u00e9but\u00e9 lundi 22 d\u00e9cembre, se poursuivra une fois qu\u2019elle aura re\u00e7u les soins n\u00e9cessaires.\u00a0<\/p>\n<p class=\" wall-content\">Personnalisez votre actualit\u00e9 en ajoutant vos villes et m\u00e9dias en favori avec <a href=\"https:\/\/moncompte.actu.fr\" title=\"D\u00e9couvez Mon Actu\" rel=\"nofollow noopener\" data-trk=\"{&quot;cta&quot;:{&quot;action&quot;:&quot;https:\\\/\\\/moncompte.actu.fr&quot;,&quot;category&quot;:&quot;mon compte&quot;,&quot;from&quot;:&quot;article footer&quot;,&quot;name&quot;:&quot;Mon actu&quot;,&quot;type&quot;:&quot;cta&quot;}}\" target=\"_blank\">Mon Actu<\/a>.<\/p>\n","protected":false},"excerpt":{"rendered":"Par Anaelle Montagne Publi\u00e9 le 23 d\u00e9c. 2025 \u00e0 12h41 ; mis \u00e0 jour le 23 d\u00e9c. 2025&hellip;\n","protected":false},"author":2,"featured_media":619036,"comment_status":"","ping_status":"","sticky":false,"template":"","format":"standard","meta":{"footnotes":""},"categories":[2816],"tags":[1111,11,1777,674,118,1011,27,12,2680,1072,25,2312],"class_list":{"0":"post-619035","1":"post","2":"type-post","3":"status-publish","4":"format-standard","5":"has-post-thumbnail","7":"category-toulouse","8":"tag-actu","9":"tag-actualites","10":"tag-eu","11":"tag-europe","12":"tag-faits-divers","13":"tag-fr","14":"tag-france","15":"tag-news","16":"tag-occitanie","17":"tag-police","18":"tag-republique-francaise","19":"tag-toulouse"},"share_on_mastodon":{"url":"https:\/\/pubeurope.com\/@fr\/115772027374057335","error":""},"_links":{"self":[{"href":"https:\/\/www.europesays.com\/fr\/wp-json\/wp\/v2\/posts\/619035","targetHints":{"allow":["GET"]}}],"collection":[{"href":"https:\/\/www.europesays.com\/fr\/wp-json\/wp\/v2\/posts"}],"about":[{"href":"https:\/\/www.europesays.com\/fr\/wp-json\/wp\/v2\/types\/post"}],"author":[{"embeddable":true,"href":"https:\/\/www.europesays.com\/fr\/wp-json\/wp\/v2\/users\/2"}],"replies":[{"embeddable":true,"href":"https:\/\/www.europesays.com\/fr\/wp-json\/wp\/v2\/comments?post=619035"}],"version-history":[{"count":0,"href":"https:\/\/www.europesays.com\/fr\/wp-json\/wp\/v2\/posts\/619035\/revisions"}],"wp:featuredmedia":[{"embeddable":true,"href":"https:\/\/www.europesays.com\/fr\/wp-json\/wp\/v2\/media\/619036"}],"wp:attachment":[{"href":"https:\/\/www.europesays.com\/fr\/wp-json\/wp\/v2\/media?parent=619035"}],"wp:term":[{"taxonomy":"category","embeddable":true,"href":"https:\/\/www.europesays.com\/fr\/wp-json\/wp\/v2\/categories?post=619035"},{"taxonomy":"post_tag","embeddable":true,"href":"https:\/\/www.europesays.com\/fr\/wp-json\/wp\/v2\/tags?post=619035"}],"curies":[{"name":"wp","href":"https:\/\/api.w.org\/{rel}","templated":true}]}}