{"id":619037,"date":"2025-12-24T01:48:39","date_gmt":"2025-12-24T01:48:39","guid":{"rendered":"https:\/\/www.europesays.com\/fr\/619037\/"},"modified":"2025-12-24T01:48:39","modified_gmt":"2025-12-24T01:48:39","slug":"atelier-parent-enfant-terrarium-a-lille-59","status":"publish","type":"post","link":"https:\/\/www.europesays.com\/fr\/619037\/","title":{"rendered":"Atelier parent \/ enfant terrarium \u00e0 Lille (59)"},"content":{"rendered":"<p class=\"fw-bold font-size-16 my-1\"> 257 rue de Marquette | <a href=\"https:\/\/www.jds.fr\/lille\/wambrechies-24383_V\" target=\"_blank\" rel=\"noopener\">Wambrechies<\/a><\/p>\n<p class=\"fw-bold font-size-16 my-1\"> Atelier parent \/ enfant, Prix \/ duo : 45\u00a0\u20ac <\/p>\n<ul class=\"list-unstyled d-flex flex-wrap mt-2\">\n<li class=\"me-2 mb-2\">cr\u00e9atif<\/li>\n<li class=\"me-2 mb-2\">\u00e9ducatif<\/li>\n<li class=\"me-2 mb-2\">nature<\/li>\n<li class=\"me-2 mb-2\">enfants<\/li>\n<li class=\"me-2 mb-2\">famille<\/li>\n<li class=\"me-2 mb-2\">int\u00e9rieur<\/li>\n<li class=\"me-2 mb-2\">2h-3h<\/li>\n<li class=\"me-2 mb-2\">nature<\/li>\n<li class=\"me-2 mb-2\">environnement<\/li>\n<li class=\"me-2 mb-2\">artisanat<\/li>\n<\/ul>\n<p><a class=\"btn btn-lg shadow-lg btn-primary rounded-pill fnac_link\" data-fnac=\"haut\" href=\"https:\/\/lb.affilae.com\/r\/?p=5f7dd9b02760126e01e487b3&amp;af=628&amp;lp=https%3A%2F%2Fwww.funbooker.com%2Ffr%2Fannonce%2Fatelier-parent-enfant-terrarium-a-lille-59%2Fvoir%3Futm_source%3Daffilae%26utm_medium%3Djds\" target=\"_blank\" rel=\"nofollow noopener\"> Acheter des billets<\/a><\/p>\n<p>Bienvenue dans l\u2019atelier d\u2019Emeline pour un moment de cr\u00e9ativit\u00e9 et de fun\u00a0! Passez un moment privil\u00e9gi\u00e9 avec votre enfant, au cours duquel vous apprendrez \u00e0 cr\u00e9er votre propre terrarium. Personnalisez votre cr\u00e9ation gr\u00e2ce \u00e0 plusieurs arrangements et apprenez \u00e0 votre enfant comment fonctionne un mini-\u00e9cosyst\u00e8me particulier.<\/p>\n<p><a data-lightbox=\"article\" data-title=\"Atelier parent \/ enfant terrarium \u00e0 Lille (59) DR\" class=\"image detail fullwidth  position-relative d-block\" href=\"https:\/\/www.jds.fr\/medias\/image\/atelier-parent-enfant-terrarium-a-lille-59-800658-920-0-F.webp\" title=\"Atelier parent \/ enfant terrarium \u00e0 Lille (59) DR\" target=\"_blank\" rel=\"noopener\"><br \/>\n<img decoding=\"async\" loading=\"lazy\" src=\"https:\/\/www.europesays.com\/fr\/wp-content\/uploads\/2025\/12\/atelier-parent-enfant-terrarium-a-lille-59-800658-1200-0.webp.webp\"   width=\"685\" alt=\"Atelier parent \/ enfant terrarium \u00e0 Lille (59)\" class=\"border\"\/><br \/>\nDR<br \/>\nAtelier parent \/ enfant terrarium \u00e0 Lille (59)<br \/>\n<\/a><\/p>\n<p><strong>D\u00e9roulement de l\u2019atelier (1 h 30)\u00a0:<\/strong><\/p>\n<ul>\n<li>Accueil dans l\u2019atelier et pr\u00e9sentation du d\u00e9roul\u00e9<\/li>\n<li>S\u00e9lection des plantes principales (Ficus microcarpa, Asparagus plumosus) et des plantes compl\u00e9mentaires (Fittonia, lierre, Ficus pumila)<\/li>\n<li>D\u00e9coration avec diff\u00e9rents \u00e9l\u00e9ments\u00a0: cailloux, sable color\u00e9, galets, morceaux d\u2019ardoise et de la mousse<\/li>\n<li>Repartez avec votre beau contenant (hauteur 30 cm, diam\u00e8tre 19 cm), muni d\u2019un bouchon de li\u00e8ge pour une touche rustique et classe<\/li>\n<\/ul>\n<p>Votre enfant d\u00e9couvrira comment cr\u00e9er son propre terrarium, comme un grand, lors d\u2019un moment convivial entre vous\u00a0!<\/p>\n<p>            Renseignements<\/p>\n<p><strong class=\"font-size-18\">O\u00f9\u00a0:<\/strong><br \/> 257 rue de Marquette<a class=\"mt-1 d-block ps-4\" href=\"https:\/\/www.jds.fr\/lille\/wambrechies-24383_V\" target=\"_blank\" rel=\"noopener\"> 59118 Wambrechies<\/a><\/p>\n<p>Tarifs et billetterie\u00a0: <\/p>\n<p>Atelier parent \/ enfant, Prix \/ duo : 45\u00a0\u20ac<\/p>\n<p><a href=\"https:\/\/www.jds.fr\/lille\/magazine\/\" class=\"btn btn-outline-primary py-2 px-4\" target=\"_blank\" rel=\"noopener\">Voir toutes les actualit\u00e9s \u00e0 Lille<\/a><\/p>\n<p class=\"mt-0 mb-3 h2\">Newsletter JDS Lille<\/p>\n<p class=\"font-size-18 fw-normal lh-sm\">Pr\u00eat pour un week-end de folie\u00a0? Chaque jeudi tous les bons plans sorties<\/p>\n","protected":false},"excerpt":{"rendered":"257 rue de Marquette | Wambrechies Atelier parent \/ enfant, Prix \/ duo : 45\u00a0\u20ac cr\u00e9atif \u00e9ducatif nature&hellip;\n","protected":false},"author":2,"featured_media":619038,"comment_status":"","ping_status":"","sticky":false,"template":"","format":"standard","meta":{"footnotes":""},"categories":[2815],"tags":[1111,11,1777,674,1011,27,811,1307,12,25],"class_list":{"0":"post-619037","1":"post","2":"type-post","3":"status-publish","4":"format-standard","5":"has-post-thumbnail","7":"category-lille","8":"tag-actu","9":"tag-actualites","10":"tag-eu","11":"tag-europe","12":"tag-fr","13":"tag-france","14":"tag-hauts-de-france","15":"tag-lille","16":"tag-news","17":"tag-republique-francaise"},"share_on_mastodon":{"url":"https:\/\/pubeurope.com\/@fr\/115772032303553913","error":""},"_links":{"self":[{"href":"https:\/\/www.europesays.com\/fr\/wp-json\/wp\/v2\/posts\/619037","targetHints":{"allow":["GET"]}}],"collection":[{"href":"https:\/\/www.europesays.com\/fr\/wp-json\/wp\/v2\/posts"}],"about":[{"href":"https:\/\/www.europesays.com\/fr\/wp-json\/wp\/v2\/types\/post"}],"author":[{"embeddable":true,"href":"https:\/\/www.europesays.com\/fr\/wp-json\/wp\/v2\/users\/2"}],"replies":[{"embeddable":true,"href":"https:\/\/www.europesays.com\/fr\/wp-json\/wp\/v2\/comments?post=619037"}],"version-history":[{"count":0,"href":"https:\/\/www.europesays.com\/fr\/wp-json\/wp\/v2\/posts\/619037\/revisions"}],"wp:featuredmedia":[{"embeddable":true,"href":"https:\/\/www.europesays.com\/fr\/wp-json\/wp\/v2\/media\/619038"}],"wp:attachment":[{"href":"https:\/\/www.europesays.com\/fr\/wp-json\/wp\/v2\/media?parent=619037"}],"wp:term":[{"taxonomy":"category","embeddable":true,"href":"https:\/\/www.europesays.com\/fr\/wp-json\/wp\/v2\/categories?post=619037"},{"taxonomy":"post_tag","embeddable":true,"href":"https:\/\/www.europesays.com\/fr\/wp-json\/wp\/v2\/tags?post=619037"}],"curies":[{"name":"wp","href":"https:\/\/api.w.org\/{rel}","templated":true}]}}