{"id":619039,"date":"2025-12-24T01:49:26","date_gmt":"2025-12-24T01:49:26","guid":{"rendered":"https:\/\/www.europesays.com\/fr\/619039\/"},"modified":"2025-12-24T01:49:26","modified_gmt":"2025-12-24T01:49:26","slug":"georges-alain-le-tour-de-ga-a-lille-2026","status":"publish","type":"post","link":"https:\/\/www.europesays.com\/fr\/619039\/","title":{"rendered":"Georges-Alain \u2013 le Tour de Ga \u00e0 Lille 2026"},"content":{"rendered":"<p class=\"intro\">Georges-Alain, figure embl\u00e9matique de la Star Academy, fait son retour sur sc\u00e8ne avec le Tour de Ga au Splendid de Lille le samedi 24 octobre 2026 \u00e0 20h30. Cette tourn\u00e9e marque le retour attendu de l&rsquo;artiste avec un spectacle m\u00ealant ses plus grands succ\u00e8s comme\u00a0\u00ab\u00a0Diego\u00a0\u00bb et\u00a0\u00ab\u00a0Le paradis blanc\u00a0\u00bb ainsi que de nouveaux titres issus de son prochain album. Dans l&rsquo;\u00e9crin intimiste de cette salle du centre-ville lillois, les spectateurs pourront red\u00e9couvrir l&rsquo;univers musical de Georges-Alain lors d&rsquo;une soir\u00e9e festive et \u00e9mouvante. Les billets sont disponibles \u00e0 partir de 35 euros.<\/p>\n<p>Lille accueille Georges-Alain et son Tour de Ga au Splendid<\/p>\n<p>L&rsquo;ancien candidat de la Star Academy revient sur le devant de la sc\u00e8ne avec <strong>\u00ab\u00a0Le Tour de GA\u00a0\u00bb<\/strong>, un spectacle qui promet un voyage musical \u00e0 travers les chansons qui ont marqu\u00e9 sa carri\u00e8re artistique. Ce nouveau show s&rsquo;annonce comme un <strong>tour d&rsquo;horizon complet<\/strong> de son r\u00e9pertoire, incluant des titres phares comme\u00a0\u00ab\u00a0Evidemment\u00a0\u00bb ainsi que des cr\u00e9ations in\u00e9dites de son nouvel album pr\u00e9vu pour 2026.<\/p>\n<p><img decoding=\"async\" loading=\"lazy\" src=\"https:\/\/www.europesays.com\/fr\/wp-content\/uploads\/2025\/12\/georges-alain-tickets_488901_3887064_222x222.jpg\" alt=\"Georges-Alain - le Tour de Ga\" class=\"border\"\/><\/p>\n<p>Cette soir\u00e9e dans le <strong>d\u00e9partement du Nord<\/strong> permettra au public lillois de retrouver Georges-Alain accompagn\u00e9 de ses musiciens pour un concert alliant <strong>festivit\u00e9 et \u00e9motion<\/strong>. Le Tour de Ga fait partie d&rsquo;une tourn\u00e9e ambitieuse qui traversera la France, la Belgique et la Suisse. Les amateurs de <a href=\"https:\/\/www.jds.fr\/lille\/agenda\/musique-et-concerts-96_B\" target=\"_blank\" rel=\"noopener\">concerts de musique \u00e0 Lille<\/a> pourront ainsi d\u00e9couvrir les nouveaux titres qui accompagnent son retour artistique.<\/p>\n<p>Billetterie pour Georges-Alain et le Tour de Ga au Splendid<\/p>\n<p><a class=\"btn btn-lg shadow-lg btn-primary rounded-pill fnac_link\" data-fnac=\"in_article\" href=\"https:\/\/www.awin1.com\/pclick.php?p=43515297801&amp;a=634278&amp;m=12494&amp;clickref=in_article-A-desktop\" target=\"_blank\" rel=\"nofollow noopener\"> Acheter des billets<\/a><\/p>\n<p>Le Splendid accueillera cette repr\u00e9sentation avec ses <strong>900 places<\/strong> r\u00e9parties entre parterre et balcons. Les <strong>billets<\/strong> sont propos\u00e9s au <strong>prix de 35 euros<\/strong> minimum pour assister au retour de cet artiste populaire sur sc\u00e8ne. Face \u00e0 l&rsquo;engouement suscit\u00e9 par le retour de Georges-Alain, il est conseill\u00e9 de <strong>r\u00e9server<\/strong> rapidement ses places pour ne pas manquer ce rendez-vous musical exceptionnel. Les fans peuvent \u00e9galement d\u00e9couvrir <a href=\"https:\/\/www.jds.fr\/artistes\/georges-alain-jones-27803_N\" target=\"_blank\" rel=\"noopener\">les autres concerts de Georges-Alain<\/a> programm\u00e9s dans le cadre de cette tourn\u00e9e nationale.<\/p>\n<p>Le parcours musical de Georges-Alain Jones<\/p>\n<p>R\u00e9v\u00e9l\u00e9 lors de la <strong>Star Academy saison 2 en 2002<\/strong>, Georges-Alain Jones s&rsquo;est impos\u00e9 comme une figure marquante de la pop fran\u00e7aise. Son album <strong>\u00ab\u00a0New Jersey\u00a0\u00bb<\/strong> sorti en 2005 s&rsquo;est class\u00e9 31e en France, port\u00e9 par des singles \u00e0 succ\u00e8s comme\u00a0\u00ab\u00a0Embrasse\u00a0\u00bb qui a atteint la 6e place des charts fran\u00e7ais.<\/p>\n<p>Apr\u00e8s une parenth\u00e8se dans le <strong>commentaire sportif<\/strong> pour plusieurs cha\u00eenes dont Canal+ et Eurosport, l&rsquo;artiste effectue son grand retour musical en 2024 avec le single\u00a0\u00ab\u00a0Burning Eyes\u00a0\u00bb. Ce retour s&rsquo;accompagne de la pr\u00e9paration d&rsquo;un <strong>deuxi\u00e8me album<\/strong> m\u00e9langeant reprises de son r\u00e9pertoire, cr\u00e9ations originales et nouvelles interpr\u00e9tations, confirmant sa volont\u00e9 de poursuivre sa carri\u00e8re artistique.<\/p>\n<p>Comment aller au Splendid de Lille\u00a0?<\/p>\n<p>Le Splendid se situe dans le <strong>secteur R\u00e9publique du centre-ville de Lille<\/strong>, accessible en 5 \u00e0 10 minutes depuis le centre historique. En voiture, plusieurs options de stationnement s&rsquo;offrent aux spectateurs\u00a0: le <strong>Parking R\u00e9publique<\/strong> situ\u00e9 \u00e0 proximit\u00e9 imm\u00e9diate ou le Parking Nouveau Si\u00e8cle \u00e0 environ 10 minutes \u00e0 pied. Les tarifs de stationnement varient entre 1 et 2 euros par heure en journ\u00e9e dans le centre lillois.<\/p>\n<p>Les transports en commun constituent une alternative pratique pour rejoindre <a href=\"https:\/\/www.jds.fr\/lille\/salle-de-concert-spectacle\/le-splendid-15047_L\" target=\"_blank\" rel=\"noopener\">la salle de spectacle du Splendid<\/a>. L&rsquo;<strong>arr\u00eat\u00a0\u00ab\u00a0Mont de Terre\u00a0\u00bb<\/strong> desservi par les lignes de bus 18 et 57 se trouve directement sur la place, \u00e0 moins de 2 minutes de marche. La station de m\u00e9tro R\u00e9publique Beaux-Arts (ligne 1) est situ\u00e9e \u00e0 10-15 minutes \u00e0 pied, tandis que l&rsquo;arr\u00eat de tramway Gambetta se trouve \u00e0 8-10 minutes de marche.<\/p>\n<p class=\"mise_en_avant\">Notre conseil\u00a0: privil\u00e9giez les transports en commun avec l&rsquo;arr\u00eat de bus\u00a0\u00ab\u00a0Mont de Terre\u00a0\u00bb qui vous d\u00e9pose directement devant la salle.<\/p>\n<p>Les m\u00e9lomanes pourront \u00e9galement d\u00e9couvrir prochainement <a href=\"https:\/\/www.jds.fr\/lille\/concerts\/pop-folk\/fff-tournee-1289760_A\" target=\"_blank\" rel=\"noopener\">Fff en tourn\u00e9e au Splendid<\/a> pour prolonger leurs soir\u00e9es musicales dans cette salle intimiste du centre-ville lillois.<\/p>\n","protected":false},"excerpt":{"rendered":"Georges-Alain, figure embl\u00e9matique de la Star Academy, fait son retour sur sc\u00e8ne avec le Tour de Ga au&hellip;\n","protected":false},"author":2,"featured_media":619040,"comment_status":"","ping_status":"","sticky":false,"template":"","format":"standard","meta":{"footnotes":""},"categories":[2815],"tags":[1111,11,1777,674,1011,27,811,1307,12,25],"class_list":{"0":"post-619039","1":"post","2":"type-post","3":"status-publish","4":"format-standard","5":"has-post-thumbnail","7":"category-lille","8":"tag-actu","9":"tag-actualites","10":"tag-eu","11":"tag-europe","12":"tag-fr","13":"tag-france","14":"tag-hauts-de-france","15":"tag-lille","16":"tag-news","17":"tag-republique-francaise"},"share_on_mastodon":{"url":"https:\/\/pubeurope.com\/@fr\/115772035721381156","error":""},"_links":{"self":[{"href":"https:\/\/www.europesays.com\/fr\/wp-json\/wp\/v2\/posts\/619039","targetHints":{"allow":["GET"]}}],"collection":[{"href":"https:\/\/www.europesays.com\/fr\/wp-json\/wp\/v2\/posts"}],"about":[{"href":"https:\/\/www.europesays.com\/fr\/wp-json\/wp\/v2\/types\/post"}],"author":[{"embeddable":true,"href":"https:\/\/www.europesays.com\/fr\/wp-json\/wp\/v2\/users\/2"}],"replies":[{"embeddable":true,"href":"https:\/\/www.europesays.com\/fr\/wp-json\/wp\/v2\/comments?post=619039"}],"version-history":[{"count":0,"href":"https:\/\/www.europesays.com\/fr\/wp-json\/wp\/v2\/posts\/619039\/revisions"}],"wp:featuredmedia":[{"embeddable":true,"href":"https:\/\/www.europesays.com\/fr\/wp-json\/wp\/v2\/media\/619040"}],"wp:attachment":[{"href":"https:\/\/www.europesays.com\/fr\/wp-json\/wp\/v2\/media?parent=619039"}],"wp:term":[{"taxonomy":"category","embeddable":true,"href":"https:\/\/www.europesays.com\/fr\/wp-json\/wp\/v2\/categories?post=619039"},{"taxonomy":"post_tag","embeddable":true,"href":"https:\/\/www.europesays.com\/fr\/wp-json\/wp\/v2\/tags?post=619039"}],"curies":[{"name":"wp","href":"https:\/\/api.w.org\/{rel}","templated":true}]}}