{"id":61904,"date":"2025-04-29T13:37:09","date_gmt":"2025-04-29T13:37:09","guid":{"rendered":"https:\/\/www.europesays.com\/fr\/61904\/"},"modified":"2025-04-29T13:37:09","modified_gmt":"2025-04-29T13:37:09","slug":"les-questions-de-lenquete-de-lobservatoire-des-loyers-inquietent-des-habitants","status":"publish","type":"post","link":"https:\/\/www.europesays.com\/fr\/61904\/","title":{"rendered":"les questions de l\u2019enqu\u00eate de l\u2019Observatoire des loyers inqui\u00e8tent des habitants"},"content":{"rendered":"<p>\u00ab\u00a0Je suis propri\u00e9taire de plusieurs appartements locatifs et de ma r\u00e9sidence principale sur Lyon. J\u2019ai re\u00e7u un appel me demandant si j\u2019acceptais de participer \u00e0 une \u00e9tude d\u2019UrbaLyon commandit\u00e9e par la M\u00e9tropole de Lyon.\u00a0L\u00e0, on m\u2019a demand\u00e9 si je suis locataire ou propri\u00e9taire et de combien de biens, ainsi que le type d\u2019occupation (meubl\u00e9e, nue,\u00a0etc.). Puis, mon interlocuteur m\u2019a donn\u00e9 l\u2019adresse d\u2019un de mes appartements et interrog\u00e9 sur la date de construction, le m\u00e9trage, la performance \u00e9nerg\u00e9tique avant de me demander le montant des loyers\u00a0\u00bb, explique un Lyonnais qui a jug\u00e9 les&#8230;<\/p>\n","protected":false},"excerpt":{"rendered":"\u00ab\u00a0Je suis propri\u00e9taire de plusieurs appartements locatifs et de ma r\u00e9sidence principale sur Lyon. J\u2019ai re\u00e7u un appel&hellip;\n","protected":false},"author":2,"featured_media":61905,"comment_status":"","ping_status":"","sticky":false,"template":"","format":"standard","meta":{"footnotes":""},"categories":[1889],"tags":[1111,11,2430,33,2757,1777,674,1011,27,1116,2428,2756,12,25,2429],"class_list":{"0":"post-61904","1":"post","2":"type-post","3":"status-publish","4":"format-standard","5":"has-post-thumbnail","7":"category-lyon","8":"tag-actu","9":"tag-actualites","10":"tag-auvergne-rhone-alpes","11":"tag-economie","12":"tag-edition-lyon-villeurbanne","13":"tag-eu","14":"tag-europe","15":"tag-fr","16":"tag-france","17":"tag-immobilier","18":"tag-lyon","19":"tag-lyon-bassin","20":"tag-news","21":"tag-republique-francaise","22":"tag-rhone"},"share_on_mastodon":{"url":"https:\/\/pubeurope.com\/@fr\/114421526887424923","error":""},"_links":{"self":[{"href":"https:\/\/www.europesays.com\/fr\/wp-json\/wp\/v2\/posts\/61904","targetHints":{"allow":["GET"]}}],"collection":[{"href":"https:\/\/www.europesays.com\/fr\/wp-json\/wp\/v2\/posts"}],"about":[{"href":"https:\/\/www.europesays.com\/fr\/wp-json\/wp\/v2\/types\/post"}],"author":[{"embeddable":true,"href":"https:\/\/www.europesays.com\/fr\/wp-json\/wp\/v2\/users\/2"}],"replies":[{"embeddable":true,"href":"https:\/\/www.europesays.com\/fr\/wp-json\/wp\/v2\/comments?post=61904"}],"version-history":[{"count":0,"href":"https:\/\/www.europesays.com\/fr\/wp-json\/wp\/v2\/posts\/61904\/revisions"}],"wp:featuredmedia":[{"embeddable":true,"href":"https:\/\/www.europesays.com\/fr\/wp-json\/wp\/v2\/media\/61905"}],"wp:attachment":[{"href":"https:\/\/www.europesays.com\/fr\/wp-json\/wp\/v2\/media?parent=61904"}],"wp:term":[{"taxonomy":"category","embeddable":true,"href":"https:\/\/www.europesays.com\/fr\/wp-json\/wp\/v2\/categories?post=61904"},{"taxonomy":"post_tag","embeddable":true,"href":"https:\/\/www.europesays.com\/fr\/wp-json\/wp\/v2\/tags?post=61904"}],"curies":[{"name":"wp","href":"https:\/\/api.w.org\/{rel}","templated":true}]}}