{"id":619042,"date":"2025-12-24T01:51:18","date_gmt":"2025-12-24T01:51:18","guid":{"rendered":"https:\/\/www.europesays.com\/fr\/619042\/"},"modified":"2025-12-24T01:51:18","modified_gmt":"2025-12-24T01:51:18","slug":"securite-renforcee-pour-noel-autour-des-lieux-de-culte-a-marseille-et-dans-le-departement","status":"publish","type":"post","link":"https:\/\/www.europesays.com\/fr\/619042\/","title":{"rendered":"S\u00e9curit\u00e9 renforc\u00e9e pour No\u00ebl, autour des lieux de culte \u00e0 Marseille et dans le d\u00e9partement"},"content":{"rendered":"<p>Pour le r\u00e9veillon et le jour de No\u00ebl, les forces de s\u00e9curit\u00e9 d\u00e9ploient un important dispositif dans les Bouches-du-Rh\u00f4ne. Lieux de culte, grands rassemblements et axes routiers font l\u2019objet d\u2019une vigilance accrue. <\/p>\n<p>A l\u2019approche des f\u00eates de fin d\u2019ann\u00e9e, les forces de s\u00e9curit\u00e9 seront bien <strong>pr\u00e9sentes sur le terrain autour des lieux de cultes<\/strong> dans les Bouches-du-Rh\u00f4ne. \u00c9glises, mosqu\u00e9es et synagogues notamment, b\u00e9n\u00e9ficient d\u2019un dispositif de surveillance sp\u00e9cifique, mis en place \u00e0 l\u2019occasion des offices religieux et des rassemblements li\u00e9s \u00e0 No\u00ebl. <strong>Une mobilisation exceptionnelle,<\/strong> visible et coordonn\u00e9e, destin\u00e9e \u00e0 garantir la s\u00e9curit\u00e9 des fid\u00e8les et plus largement de l\u2019ensemble de la population.<\/p>\n<p>Dans le d\u00e9partement, <strong>pr\u00e8s de 300 gendarmes<\/strong> sont engag\u00e9s autour des lieux de culte situ\u00e9s en zone gendarmerie, mais \u00e9galement sur des contr\u00f4les routiers. En zone police, <strong>340 policiers nationaux sont mobilis\u00e9s pour le r\u00e9veillon<\/strong> et le jour de No\u00ebl, dont la majorit\u00e9 <strong>\u00e0 Marseille.<\/strong> Dans le reste du d\u00e9partement, un peu moins d\u2019une centaine d\u2019agents assurent la surveillance. \u00c0 ces effectifs s\u2019ajoutent la police municipale ainsi que les militaires de l\u2019op\u00e9ration Sentinelle, pr\u00e9sents aux abords des sites sensibles.<\/p>\n<p>Au total, <strong>118 lieux de culte<\/strong> ont \u00e9t\u00e9 identifi\u00e9s en zone gendarmerie, auxquels s\u2019ajoutent plusieurs dizaines en zone police, particuli\u00e8rement \u00e0 Marseille.<\/p>\n<p>Rassurer la population et assurer le bon d\u00e9roulement des offices religieux<\/p>\n<p>Pour Pierre Gilardeau, directeur adjoint de la pr\u00e9f\u00e8te de police d\u00e9l\u00e9gu\u00e9e, ce d\u00e9ploiement r\u00e9pond \u00e0 <strong>une logique de pr\u00e9vention<\/strong>. \u00ab\u00a0Il s\u2019agit d\u2019un dispositif particulier pour une p\u00e9riode qui est toujours particuli\u00e8re. Les f\u00eates de fin d\u2019ann\u00e9e rassemblent beaucoup de monde, notamment lors des offices religieux. L\u2019objectif est de <strong>rassurer les Marseillais et les habitants du d\u00e9partement,<\/strong> afin qu\u2019ils puissent passer de bonnes f\u00eates de No\u00ebl\u00a0\u00bb, explique-t-il.<\/p>\n<p>Cette s\u00e9curit\u00e9 repose sur une coordination \u00e9troite entre l\u2019ensemble des forces engag\u00e9es\u00a0: police nationale, gendarmerie, militaires de l\u2019op\u00e9ration Sentinelle et policiers municipaux. <strong>Une pr\u00e9sence dissuasive<\/strong>, pens\u00e9e pour pr\u00e9venir tout incident et intervenir rapidement si n\u00e9cessaire.<\/p>\n<p>Une vigilance qui d\u00e9passe les seuls lieux de culte<\/p>\n<p>Si les lieux de culte constituent un point d\u2019attention majeur, le dispositif ne s\u2019y limite pas. \u00ab\u00a0La vigilance pour les f\u00eates s\u2019exerce autour des lieux de culte, mais pas uniquement\u00a0\u00bb, souligne S\u00e9bastien Lautard, commissaire g\u00e9n\u00e9ral et directeur adjoint de la police des Bouches-du-Rh\u00f4ne. <strong>Les zones tr\u00e8s fr\u00e9quent\u00e9es, les centres-villes,<\/strong> les axes routiers et les lieux de rassemblement <strong>font \u00e9galement l\u2019objet d\u2019une surveillance accrue.<\/strong><\/p>\n<p>M\u00eame discours du c\u00f4t\u00e9 de la gendarmerie. Le colonel Jo\u00ebl Scherer, commandant en second du groupement d\u00e9partemental, rappelle que cette mobilisation vise autant la pr\u00e9vention que la s\u00e9curisation du territoire. <strong>Patrouilles statiques, passages r\u00e9guliers<\/strong> et contr\u00f4les seront op\u00e9r\u00e9s par les forces de l&rsquo;ordre jusqu&rsquo;\u00e0 la fin de l&rsquo;ann\u00e9e.<\/p>\n<p>Un dispositif sp\u00e9cifique pour la soir\u00e9e de la Saint-Sylvestre est d\u2019ores et d\u00e9j\u00e0 en cours de pr\u00e9paration afin d\u2019anticiper les rassemblements festifs du Nouvel An.<\/p>\n","protected":false},"excerpt":{"rendered":"Pour le r\u00e9veillon et le jour de No\u00ebl, les forces de s\u00e9curit\u00e9 d\u00e9ploient un important dispositif dans les&hellip;\n","protected":false},"author":2,"featured_media":619043,"comment_status":"","ping_status":"","sticky":false,"template":"","format":"standard","meta":{"footnotes":""},"categories":[2814],"tags":[1111,11,1777,674,1011,27,884,12,882,25],"class_list":{"0":"post-619042","1":"post","2":"type-post","3":"status-publish","4":"format-standard","5":"has-post-thumbnail","7":"category-marseille","8":"tag-actu","9":"tag-actualites","10":"tag-eu","11":"tag-europe","12":"tag-fr","13":"tag-france","14":"tag-marseille","15":"tag-news","16":"tag-provence-alpes-cote-dazur","17":"tag-republique-francaise"},"share_on_mastodon":{"url":"https:\/\/pubeurope.com\/@fr\/115772043049996497","error":""},"_links":{"self":[{"href":"https:\/\/www.europesays.com\/fr\/wp-json\/wp\/v2\/posts\/619042","targetHints":{"allow":["GET"]}}],"collection":[{"href":"https:\/\/www.europesays.com\/fr\/wp-json\/wp\/v2\/posts"}],"about":[{"href":"https:\/\/www.europesays.com\/fr\/wp-json\/wp\/v2\/types\/post"}],"author":[{"embeddable":true,"href":"https:\/\/www.europesays.com\/fr\/wp-json\/wp\/v2\/users\/2"}],"replies":[{"embeddable":true,"href":"https:\/\/www.europesays.com\/fr\/wp-json\/wp\/v2\/comments?post=619042"}],"version-history":[{"count":0,"href":"https:\/\/www.europesays.com\/fr\/wp-json\/wp\/v2\/posts\/619042\/revisions"}],"wp:featuredmedia":[{"embeddable":true,"href":"https:\/\/www.europesays.com\/fr\/wp-json\/wp\/v2\/media\/619043"}],"wp:attachment":[{"href":"https:\/\/www.europesays.com\/fr\/wp-json\/wp\/v2\/media?parent=619042"}],"wp:term":[{"taxonomy":"category","embeddable":true,"href":"https:\/\/www.europesays.com\/fr\/wp-json\/wp\/v2\/categories?post=619042"},{"taxonomy":"post_tag","embeddable":true,"href":"https:\/\/www.europesays.com\/fr\/wp-json\/wp\/v2\/tags?post=619042"}],"curies":[{"name":"wp","href":"https:\/\/api.w.org\/{rel}","templated":true}]}}