{"id":619044,"date":"2025-12-24T01:52:13","date_gmt":"2025-12-24T01:52:13","guid":{"rendered":"https:\/\/www.europesays.com\/fr\/619044\/"},"modified":"2025-12-24T01:52:13","modified_gmt":"2025-12-24T01:52:13","slug":"le-directeur-general-du-progres-pierre-fanneau-nomme-au-dauphine-libere","status":"publish","type":"post","link":"https:\/\/www.europesays.com\/fr\/619044\/","title":{"rendered":"le directeur g\u00e9n\u00e9ral du Progr\u00e8s Pierre Fanneau nomm\u00e9 au Dauphin\u00e9 Lib\u00e9r\u00e9"},"content":{"rendered":"<p itemprop=\"description\"><strong>Nouvelle aventure loin de Lyon pour Pierre Fanneau.<\/strong><\/p>\n<p>Directeur g\u00e9n\u00e9ral du Progr\u00e8s depuis 2006, il a \u00e9t\u00e9 nomm\u00e9 \u00e0 Grenoble au m\u00eame poste mais dans deux autres titres du groupe EBRA : le Dauphin\u00e9 Lib\u00e9r\u00e9 et Vaucluse Matin.<\/p>\n<p>Il entrera en fonction le 1er janvier avec comme missions de \u00ab\u00a0piloter la transformation et le d\u00e9veloppement des titres pour notamment faire du Dauphin\u00e9 Lib\u00e9r\u00e9, le m\u00e9dia incontournable de la Montagne et des Jeux Olympiques 2030\u00a0\u00bb et de \u00ab\u00a0poursuivre la relance de Vaucluse Matin\u00a0\u00bb.<\/p>\n<p>\u00ab\u00a0Fort de mon exp\u00e9rience dans d\u2019autres r\u00e9gions, je saurai adapter ma vision aux sp\u00e9cificit\u00e9s de ma nouvelle zone, pour mettre l\u2019accent sur les richesses qu\u2019elle pr\u00e9sente et accompagner les \u00e9quipes dans cette nouvelle phase\u00a0\u00bb, a r\u00e9agi Pierre Fanneau dans un communiqu\u00e9. En r\u00e9alit\u00e9, il pilotait d\u00e9j\u00e0 le Dauphin\u00e9 Lib\u00e9r\u00e9 depuis cet \u00e9t\u00e9, un int\u00e9rim demand\u00e9 par le groupe.<\/p>\n<p>Son successeur au Progr\u00e8s n&rsquo;est pas encore connu. Le groupe Ebra, en plein processus de recrutement, a donc demand\u00e9 \u00e0 Pierre Fanneau d&rsquo;assurer encore la transition \u00e0 distance en conservant temporairement la direction de ses anciens titres. Outre le Progr\u00e8s, il g\u00e9rait \u00e9galement le Bien Public et le Journal de Sa\u00f4ne-et-Loire.<\/p>\n<p>Son parcours \u00e0 Lyon n&rsquo;a pas \u00e9t\u00e9 couronn\u00e9 de succ\u00e8s. Le Progr\u00e8s est chaque ann\u00e9e ou presque d\u00e9ficitaire, faisant face \u00e0 la crise du papier, tandis que le climat social a connu des p\u00e9riodes difficiles, entre les plans sociaux et l&rsquo;application d&rsquo;une strat\u00e9gie digitale mal accueillie par les journalistes. A tel point qu&rsquo;une motion de d\u00e9fiance \u00e0 l&rsquo;encontre de Pierre Fanneau et de son r\u00e9dacteur en chef Xavier Antoy\u00e9 <a href=\"https:\/\/www.lyonmag.com\/article\/133615\/lyon-la-motion-de-defiance-a-l-encontre-de-la-direction-votee-a-97-au-progres\" target=\"_blank\" rel=\"noopener\">avait \u00e9t\u00e9 vot\u00e9e \u00e0 93% par 282 journalistes du titre fin 2023<\/a>.<\/p>\n","protected":false},"excerpt":{"rendered":"Nouvelle aventure loin de Lyon pour Pierre Fanneau. Directeur g\u00e9n\u00e9ral du Progr\u00e8s depuis 2006, il a \u00e9t\u00e9 nomm\u00e9&hellip;\n","protected":false},"author":2,"featured_media":619045,"comment_status":"","ping_status":"","sticky":false,"template":"","format":"standard","meta":{"footnotes":""},"categories":[1889],"tags":[1111,11,2813,2190,2430,1109,251,1112,2811,1777,674,118,1011,27,1922,1110,1114,2428,2810,12,241,316,25,2812,517,800],"class_list":{"0":"post-619044","1":"post","2":"type-post","3":"status-publish","4":"format-standard","5":"has-post-thumbnail","7":"category-lyon","8":"tag-actu","9":"tag-actualites","10":"tag-article","11":"tag-asvel","12":"tag-auvergne-rhone-alpes","13":"tag-breves","14":"tag-culture","15":"tag-depeches","16":"tag-economique","17":"tag-eu","18":"tag-europe","19":"tag-faits-divers","20":"tag-fr","21":"tag-france","22":"tag-info","23":"tag-informations","24":"tag-infos","25":"tag-lyon","26":"tag-lyonmag","27":"tag-news","28":"tag-ol","29":"tag-politique","30":"tag-republique-francaise","31":"tag-sociale","32":"tag-sport","33":"tag-transports"},"share_on_mastodon":{"url":"https:\/\/pubeurope.com\/@fr\/115772047084985480","error":""},"_links":{"self":[{"href":"https:\/\/www.europesays.com\/fr\/wp-json\/wp\/v2\/posts\/619044","targetHints":{"allow":["GET"]}}],"collection":[{"href":"https:\/\/www.europesays.com\/fr\/wp-json\/wp\/v2\/posts"}],"about":[{"href":"https:\/\/www.europesays.com\/fr\/wp-json\/wp\/v2\/types\/post"}],"author":[{"embeddable":true,"href":"https:\/\/www.europesays.com\/fr\/wp-json\/wp\/v2\/users\/2"}],"replies":[{"embeddable":true,"href":"https:\/\/www.europesays.com\/fr\/wp-json\/wp\/v2\/comments?post=619044"}],"version-history":[{"count":0,"href":"https:\/\/www.europesays.com\/fr\/wp-json\/wp\/v2\/posts\/619044\/revisions"}],"wp:featuredmedia":[{"embeddable":true,"href":"https:\/\/www.europesays.com\/fr\/wp-json\/wp\/v2\/media\/619045"}],"wp:attachment":[{"href":"https:\/\/www.europesays.com\/fr\/wp-json\/wp\/v2\/media?parent=619044"}],"wp:term":[{"taxonomy":"category","embeddable":true,"href":"https:\/\/www.europesays.com\/fr\/wp-json\/wp\/v2\/categories?post=619044"},{"taxonomy":"post_tag","embeddable":true,"href":"https:\/\/www.europesays.com\/fr\/wp-json\/wp\/v2\/tags?post=619044"}],"curies":[{"name":"wp","href":"https:\/\/api.w.org\/{rel}","templated":true}]}}