{"id":619046,"date":"2025-12-24T01:53:12","date_gmt":"2025-12-24T01:53:12","guid":{"rendered":"https:\/\/www.europesays.com\/fr\/619046\/"},"modified":"2025-12-24T01:53:12","modified_gmt":"2025-12-24T01:53:12","slug":"deces-de-lune-des-victimes-de-lexplosion-dans-une-usine-chimique","status":"publish","type":"post","link":"https:\/\/www.europesays.com\/fr\/619046\/","title":{"rendered":"D\u00e9c\u00e8s de l\u2019une des victimes de l\u2019explosion dans une usine chimique"},"content":{"rendered":"<p>L\u2019explosion lundi <a href=\"https:\/\/www.20minutes.fr\/faits_divers\/4192889-20251222-lyon-sait-explosion-site-seveso-fait-quatre-blesses-confine-milliers-personnes\" target=\"_blank\" class=\"c-link c-link--is-underlined\" rel=\"noopener\">dans l\u2019usine chimique Elkem Silicones \u00e0 Saint-Fons<\/a>, pr\u00e8s de Lyon, a vir\u00e9 mardi apr\u00e8s-midi au tragique. Une des quatre personnes bless\u00e9es est d\u00e9c\u00e9d\u00e9e, a indiqu\u00e9 la pr\u00e9fecture.<\/p>\n<p>La victime, un homme \u00e2g\u00e9 de 47 ans dont le pronostic vital \u00e9tait engag\u00e9, \u00ab\u00a0est d\u00e9c\u00e9d\u00e9e des suites de ses br\u00fblures\u00a0\u00bb, a pr\u00e9cis\u00e9 la pr\u00e9fecture, confirmant une information de RTL.<\/p>\n<p>Le deuxi\u00e8me d\u00e9c\u00e8s en dix ans sur le site<\/p>\n<p>Cet homme avait \u00e9t\u00e9 bless\u00e9 avec deux autres hommes et une femme dans une explosion survenue \u00e0 l\u2019int\u00e9rieur d\u2019un atelier pilote du site chimique, class\u00e9 <a href=\"https:\/\/www.20minutes.fr\/dossier\/seveso\" target=\"_blank\" class=\"c-link c-link--is-underlined\" rel=\"noopener\">Seveso<\/a> seuil haut, avait indiqu\u00e9 Guillaume Artois, charg\u00e9 de la communication de l\u2019entreprise. Il s\u2019agit du deuxi\u00e8me d\u00e9c\u00e8s enregistr\u00e9 en pr\u00e8s de dix ans sur le site Elkem de Saint-Fons, apr\u00e8s la mort en\u00a02016 d\u2019une personne tu\u00e9e dans l\u2019incendie de f\u00fbts de silicone dans un entrep\u00f4t de 2.500\u00a0m2.<\/p>\n<\/p>\n<p>Le parquet de <a href=\"https:\/\/www.20minutes.fr\/lyon\/\" target=\"_blank\" class=\"c-link c-link--is-underlined\" rel=\"noopener\">Lyon<\/a> a fait savoir mardi que trois bless\u00e9s dans l\u2019explosion \u00e9taient \u00ab\u00a0gri\u00e8vement br\u00fbl\u00e9s\u00a0\u00bb, pr\u00e9cisant avoir ouvert une enqu\u00eate pour \u00ab\u00a0blessures involontaires par personne morale suivies d\u2019incapacit\u00e9 sup\u00e9rieure \u00e0 trois mois\u00a0\u00bb. La Division de la criminalit\u00e9 organis\u00e9e sp\u00e9cialis\u00e9e (DCOS, ex PJ), et la Direction d\u00e9partementale de l\u2019emploi, du travail et des solidarit\u00e9s (DDETS), ont \u00e9t\u00e9 saisies pour d\u00e9terminer les causes et circonstances de l\u2019explosion.<\/p>\n<p><a href=\"https:\/\/www.20minutes.fr\/lyon\/\" target=\"_blank\" class=\"c-link c-btn c-btn--primary\" rel=\"noopener\">Nos articles sur Lyon<\/a><\/p>\n<p>La d\u00e9flagration a pu \u00eatre caus\u00e9e par l\u2019\u00e9manation d\u2019hydrog\u00e8ne \u00ab\u00a0dans un atelier exp\u00e9rimental\u00a0\u00bb, avait d\u00e9clar\u00e9 lundi Jean-Pierre Lerat, directeur de l\u2019usine. Selon le porte-parole Guillaume Artois, cet atelier \u00e9tait une \u00ab\u00a0unit\u00e9 bien particuli\u00e8re, le laboratoire pilote, qui n\u2019est pas connect\u00e9 au reste du site\u00a0\u00bb. Il avait \u00e9t\u00e9 install\u00e9 en\u00a02021 et r\u00e9pondait aux exigences des \u00ab\u00a0derni\u00e8res normes de s\u00e9curit\u00e9\u00a0\u00bb. Une \u00e9quipe y testait une m\u00e9thode de d\u00e9volatilisation d\u2019huiles de silicone hydrog\u00e9n\u00e9es, une \u00ab\u00a0manipulation relativement courante dans un atelier pilote\u00a0\u00bb. \u00ab\u00a0Il y avait une r\u00e9action qui se passait mal et l\u2019\u00e9quipe est intervenue. Pendant l\u2019intervention, il y a eu une \u00e9mission, probablement d\u2019hydrog\u00e8ne gazeux, qui a pu d\u00e9clencher l\u2019explosion\u00a0\u00bb, a ajout\u00e9 le porte-parole.<\/p>\n","protected":false},"excerpt":{"rendered":"L\u2019explosion lundi dans l\u2019usine chimique Elkem Silicones \u00e0 Saint-Fons, pr\u00e8s de Lyon, a vir\u00e9 mardi apr\u00e8s-midi au tragique.&hellip;\n","protected":false},"author":2,"featured_media":619047,"comment_status":"","ping_status":"","sticky":false,"template":"","format":"standard","meta":{"footnotes":""},"categories":[1889],"tags":[1111,47,11,2430,10531,1777,674,2688,118,1011,27,2428,12,25,2429,2431,28957,2103,133],"class_list":{"0":"post-619046","1":"post","2":"type-post","3":"status-publish","4":"format-standard","5":"has-post-thumbnail","7":"category-lyon","8":"tag-actu","9":"tag-actualite","10":"tag-actualites","11":"tag-auvergne-rhone-alpes","12":"tag-chimie","13":"tag-eu","14":"tag-europe","15":"tag-explosion","16":"tag-faits-divers","17":"tag-fr","18":"tag-france","19":"tag-lyon","20":"tag-news","21":"tag-republique-francaise","22":"tag-rhone","23":"tag-rhone-alpes","24":"tag-seveso","25":"tag-usine","26":"tag-video"},"share_on_mastodon":{"url":"https:\/\/pubeurope.com\/@fr\/115772050850560259","error":""},"_links":{"self":[{"href":"https:\/\/www.europesays.com\/fr\/wp-json\/wp\/v2\/posts\/619046","targetHints":{"allow":["GET"]}}],"collection":[{"href":"https:\/\/www.europesays.com\/fr\/wp-json\/wp\/v2\/posts"}],"about":[{"href":"https:\/\/www.europesays.com\/fr\/wp-json\/wp\/v2\/types\/post"}],"author":[{"embeddable":true,"href":"https:\/\/www.europesays.com\/fr\/wp-json\/wp\/v2\/users\/2"}],"replies":[{"embeddable":true,"href":"https:\/\/www.europesays.com\/fr\/wp-json\/wp\/v2\/comments?post=619046"}],"version-history":[{"count":0,"href":"https:\/\/www.europesays.com\/fr\/wp-json\/wp\/v2\/posts\/619046\/revisions"}],"wp:featuredmedia":[{"embeddable":true,"href":"https:\/\/www.europesays.com\/fr\/wp-json\/wp\/v2\/media\/619047"}],"wp:attachment":[{"href":"https:\/\/www.europesays.com\/fr\/wp-json\/wp\/v2\/media?parent=619046"}],"wp:term":[{"taxonomy":"category","embeddable":true,"href":"https:\/\/www.europesays.com\/fr\/wp-json\/wp\/v2\/categories?post=619046"},{"taxonomy":"post_tag","embeddable":true,"href":"https:\/\/www.europesays.com\/fr\/wp-json\/wp\/v2\/tags?post=619046"}],"curies":[{"name":"wp","href":"https:\/\/api.w.org\/{rel}","templated":true}]}}