{"id":619057,"date":"2025-12-24T02:00:16","date_gmt":"2025-12-24T02:00:16","guid":{"rendered":"https:\/\/www.europesays.com\/fr\/619057\/"},"modified":"2025-12-24T02:00:16","modified_gmt":"2025-12-24T02:00:16","slug":"deux-ministres-syriens-parlent-cooperation-militaire-avec-poutine-a-moscou","status":"publish","type":"post","link":"https:\/\/www.europesays.com\/fr\/619057\/","title":{"rendered":"Deux ministres syriens parlent coop\u00e9ration militaire avec Poutine \u00e0 Moscou"},"content":{"rendered":"<p><a href=\"https:\/\/www.20minutes.fr\/monde\/etats-unis\/4184868-20251111-etats-unis-ancien-chef-djihadiste-ahmad-al-chareh-accueilli-officiellement-trump-maison-blanche\" target=\"_blank\" class=\"c-link c-link--is-underlined\" rel=\"noopener\">Des Etats-Unis<\/a> \u00e0 la Russie, de nombreux pays d\u00e9roulent le tapis rouge au nouveau pouvoir syrien. Des ministres syriens ont ainsi \u00e9t\u00e9 re\u00e7us mardi \u00e0 Moscou par <a href=\"https:\/\/www.20minutes.fr\/monde\/russie\/4192409-20251219-vais-renseigner-assure-poutine-sujet-francais-laurent-vinatier-emprisonne-russie-depuis-2024\" target=\"_blank\" class=\"c-link c-link--is-underlined\" rel=\"noopener\">Vladimir Poutine<\/a> avec lequel ils ont parl\u00e9 coop\u00e9ration militaire.<\/p>\n<p>Le chef de la diplomatie syrienne Asaad al-Shaibani et le ministre de la D\u00e9fense Murhaf Abu Qasra ont \u00e9voqu\u00e9 avec le pr\u00e9sident russe \u00ab\u00a0des questions politiques, militaires et \u00e9conomiques d\u2019int\u00e9r\u00eat commun, avec un accent particulier sur la coop\u00e9ration strat\u00e9gique dans le domaine des industries militaires\u00a0\u00bb, a indiqu\u00e9 l\u2019agence publique syrienne Sana.<\/p>\n<p>Bachar al-Assad r\u00e9fugi\u00e9 en Russie<\/p>\n<p>Il s\u2019agit de \u00ab\u00a0renforcer les capacit\u00e9s de d\u00e9fense de l\u2019arm\u00e9e syrienne\u00a0\u00bb et notamment d\u2019en \u00ab\u00a0moderniser les \u00e9quipements militaires\u00a0\u00bb, afin de \u00ab\u00a0soutenir la s\u00e9curit\u00e9 et la stabilit\u00e9 en Syrie et dans la r\u00e9gion\u00a0\u00bb, selon la m\u00eame source. Les discussions ont \u00e9galement port\u00e9 sur des projets \u00e9conomiques, notamment de reconstruction du pays.<\/p>\n<\/p>\n<p>Le pr\u00e9sident syrien par int\u00e9rim Ahmed al-Charaa avait dit en octobre vouloir \u00ab\u00a0red\u00e9finir\u00a0\u00bb les relations Damas-Moscou, lors de sa premi\u00e8re rencontre avec Vladimir Poutine depuis le renversement de <a href=\"https:\/\/www.20minutes.fr\/monde\/syrie\/4189431-20251208-syrie-an-apres-chute-bachar-al-assad-pourquoi-russie-lachera-ex-dictateur\" target=\"_blank\" class=\"c-link c-link--is-underlined\" rel=\"noopener\">Bachar al-Assad, un ex-alli\u00e9 cl\u00e9 du Kremlin, r\u00e9fugi\u00e9 avec sa famille en Russie<\/a> depuis sa fuite de Syrie en d\u00e9cembre\u00a02024. La Russie s\u2019\u00e9tait dite pr\u00eate \u00e0 participer \u00e0 la reconstruction de la Syrie, ravag\u00e9e par pr\u00e8s de 14 ans d\u2019une guerre d\u00e9clench\u00e9e en\u00a02011 par la r\u00e9pression de manifestations prod\u00e9mocratie, ainsi qu\u2019\u00e0 travailler dans le secteur p\u00e9trolier syrien.<\/p>\n<p><a href=\"https:\/\/www.20minutes.fr\/monde\/syrie\/\" target=\"_blank\" class=\"c-link c-btn c-btn--primary\" rel=\"noopener\">Notre dossier sur la Syrie<\/a><\/p>\n<p>Se pose \u00e9galement la question de l\u2019avenir des bases militaires russes de Tartous et de Hmeimim, situ\u00e9es sur la c\u00f4te m\u00e9diterran\u00e9enne, et qui constituent les seuls avant-postes militaires officiels de la Russie en dehors de l\u2019ex-URSS. Moscou avait largement utilis\u00e9 ces installations lors de son intervention en\u00a02015 dans la guerre civile syrienne en soutien \u00e0 Bachar al-Assad, menant de violents bombardements a\u00e9riens sur les zones tenues par les rebelles.<\/p>\n","protected":false},"excerpt":{"rendered":"Des Etats-Unis \u00e0 la Russie, de nombreux pays d\u00e9roulent le tapis rouge au nouveau pouvoir syrien. Des ministres&hellip;\n","protected":false},"author":2,"featured_media":619058,"comment_status":"","ping_status":"","sticky":false,"template":"","format":"standard","meta":{"footnotes":""},"categories":[1591],"tags":[47,11,1887,74,12,1885,1886,132,32,133,135],"class_list":{"0":"post-619057","1":"post","2":"type-post","3":"status-publish","4":"format-standard","5":"has-post-thumbnail","7":"category-russie","8":"tag-actualite","9":"tag-actualites","10":"tag-federation-de-russie","11":"tag-monde","12":"tag-news","13":"tag-russia","14":"tag-russian-federation","15":"tag-russie","16":"tag-syrie","17":"tag-video","18":"tag-vladimir-poutine"},"share_on_mastodon":{"url":"https:\/\/pubeurope.com\/@fr\/115772078448907963","error":""},"_links":{"self":[{"href":"https:\/\/www.europesays.com\/fr\/wp-json\/wp\/v2\/posts\/619057","targetHints":{"allow":["GET"]}}],"collection":[{"href":"https:\/\/www.europesays.com\/fr\/wp-json\/wp\/v2\/posts"}],"about":[{"href":"https:\/\/www.europesays.com\/fr\/wp-json\/wp\/v2\/types\/post"}],"author":[{"embeddable":true,"href":"https:\/\/www.europesays.com\/fr\/wp-json\/wp\/v2\/users\/2"}],"replies":[{"embeddable":true,"href":"https:\/\/www.europesays.com\/fr\/wp-json\/wp\/v2\/comments?post=619057"}],"version-history":[{"count":0,"href":"https:\/\/www.europesays.com\/fr\/wp-json\/wp\/v2\/posts\/619057\/revisions"}],"wp:featuredmedia":[{"embeddable":true,"href":"https:\/\/www.europesays.com\/fr\/wp-json\/wp\/v2\/media\/619058"}],"wp:attachment":[{"href":"https:\/\/www.europesays.com\/fr\/wp-json\/wp\/v2\/media?parent=619057"}],"wp:term":[{"taxonomy":"category","embeddable":true,"href":"https:\/\/www.europesays.com\/fr\/wp-json\/wp\/v2\/categories?post=619057"},{"taxonomy":"post_tag","embeddable":true,"href":"https:\/\/www.europesays.com\/fr\/wp-json\/wp\/v2\/tags?post=619057"}],"curies":[{"name":"wp","href":"https:\/\/api.w.org\/{rel}","templated":true}]}}