{"id":619067,"date":"2025-12-24T02:06:14","date_gmt":"2025-12-24T02:06:14","guid":{"rendered":"https:\/\/www.europesays.com\/fr\/619067\/"},"modified":"2025-12-24T02:06:14","modified_gmt":"2025-12-24T02:06:14","slug":"ils-ont-eu-tres-peur-arsenal-sarrache-et-file-en-demi-finale-de-la-carabao-cup-apres-un-match-fou","status":"publish","type":"post","link":"https:\/\/www.europesays.com\/fr\/619067\/","title":{"rendered":"Ils ont eu tr\u00e8s peur : Arsenal s\u2019arrache et file en demi-finale de la Carabao Cup apr\u00e8s un match fou"},"content":{"rendered":"<p>  \tArsenal a obtenu mardi soir le dernier ticket pour les demi-finales de la Coupe de la Ligue anglaise. Les Gunners ont toutefois d\u00fb passer par les tirs au but pour valider leur qualification dans un derby londonien contre Crystal Palace \u00e0 l\u2019Emirates Stadium (1-1 \u00e0 la fin du temps r\u00e9glementaire).<\/p>\n<p>&#13;<br \/>\n&#13;<\/p>\n<p>Apr\u00e8s 80 minutes sans buts, Arsenal a pris les commandes gr\u00e2ce \u00e0 une r\u00e9alisation contre son camp du d\u00e9fenseur fran\u00e7ais de Palace Maxence Lacroix \u00e0 la suite d\u2019un corner bott\u00e9 par Bukayo Saka. Palace a r\u00e9agi dans le temps additionnel, \u00e9galement sur coup de pied arr\u00eat\u00e9, Marc Gu\u00e9hi prolongeant du pied une reprise de la t\u00eate de Jefferson Lerma (90e+5).<\/p>\n<p>    \u00c0 lire aussi<\/p>\n<p>  <img decoding=\"async\" class=\"r-img\"  typeof=\"foaf:Image\" src=\"https:\/\/www.europesays.com\/fr\/wp-content\/uploads\/2025\/12\/57608029.jpeg\" alt=\"Grab_20251217_222050_912 copy.jpg\"\/><br \/>\n      <a href=\"https:\/\/www.rtl.be\/sport\/football\/football-etranger\/un-la-de-bruyne-cette-petite-merveille-envoie-manchester-city-en-demi-finale-de\/2025-12-17\/article\/773873\" class=\"r-stories--link\" target=\"_blank\" rel=\"noopener\">Un but \u00e0 la De Bruyne\u00a0: cette petite merveille envoie Manchester City en demi-finale de la Carabao Cup<\/a><\/p>\n<p>Les deux \u00e9quipes ont donc d\u00fb se d\u00e9partager aux tirs au but. Arsenal a r\u00e9ussi toutes ses tentatives alors que Lacroix, le huiti\u00e8me tireur des Eagles, a vu sa frappe repouss\u00e9e par Kepa Arrizabalaga.\n<\/p>\n<p>&#13;<br \/>\n&#13;<\/p>\n<p>&#13;<br \/>\n&#13;<\/p>\n<p>Leandro Trossard a d\u00e9but\u00e9 la rencontre sur le banc mais a remplac\u00e9 Gabriel Martinelli apr\u00e8s 59 minutes. Il a inscrit le quatri\u00e8me but d\u2019Arsenal lors de la s\u00e9ance de tirs au but.\n<\/p>\n<p>Un autre derby attend les joueurs de Mikel Arteta puisqu\u2019ils affronteront Chelsea le 14 janvier (aller) puis le 4 f\u00e9vrier (retour) pour une place en finale. Dans l\u2019autre partie de tableau, Manchester City et Newcastle, le tenant du titre, croiseront le fer. La finale aura lieu le 22 mars \u00e0 Wembley.<\/p>\n<p>&#13;<br \/>\n&#13;<\/p>\n<p>&#13;<br \/>\n&#13;<\/p>\n","protected":false},"excerpt":{"rendered":"Arsenal a obtenu mardi soir le dernier ticket pour les demi-finales de la Coupe de la Ligue anglaise.&hellip;\n","protected":false},"author":2,"featured_media":619068,"comment_status":"","ping_status":"","sticky":false,"template":"","format":"standard","meta":{"footnotes":""},"categories":[1586],"tags":[11,1777,674,1779,1011,27,12,25,63397,1778,364],"class_list":{"0":"post-619067","1":"post","2":"type-post","3":"status-publish","4":"format-standard","5":"has-post-thumbnail","7":"category-europe","8":"tag-actualites","9":"tag-eu","10":"tag-europe","11":"tag-european-union","12":"tag-fr","13":"tag-france","14":"tag-news","15":"tag-republique-francaise","16":"tag-rtl-info","17":"tag-ue","18":"tag-union-europeenne"},"share_on_mastodon":{"url":"https:\/\/pubeurope.com\/@fr\/115772102913130941","error":""},"_links":{"self":[{"href":"https:\/\/www.europesays.com\/fr\/wp-json\/wp\/v2\/posts\/619067","targetHints":{"allow":["GET"]}}],"collection":[{"href":"https:\/\/www.europesays.com\/fr\/wp-json\/wp\/v2\/posts"}],"about":[{"href":"https:\/\/www.europesays.com\/fr\/wp-json\/wp\/v2\/types\/post"}],"author":[{"embeddable":true,"href":"https:\/\/www.europesays.com\/fr\/wp-json\/wp\/v2\/users\/2"}],"replies":[{"embeddable":true,"href":"https:\/\/www.europesays.com\/fr\/wp-json\/wp\/v2\/comments?post=619067"}],"version-history":[{"count":0,"href":"https:\/\/www.europesays.com\/fr\/wp-json\/wp\/v2\/posts\/619067\/revisions"}],"wp:featuredmedia":[{"embeddable":true,"href":"https:\/\/www.europesays.com\/fr\/wp-json\/wp\/v2\/media\/619068"}],"wp:attachment":[{"href":"https:\/\/www.europesays.com\/fr\/wp-json\/wp\/v2\/media?parent=619067"}],"wp:term":[{"taxonomy":"category","embeddable":true,"href":"https:\/\/www.europesays.com\/fr\/wp-json\/wp\/v2\/categories?post=619067"},{"taxonomy":"post_tag","embeddable":true,"href":"https:\/\/www.europesays.com\/fr\/wp-json\/wp\/v2\/tags?post=619067"}],"curies":[{"name":"wp","href":"https:\/\/api.w.org\/{rel}","templated":true}]}}